{"id":110111,"date":"2018-01-23T07:30:11","date_gmt":"2018-01-23T10:30:11","guid":{"rendered":"http:\/\/senoticias.com.br\/se\/?p=110111"},"modified":"2018-01-23T07:30:42","modified_gmt":"2018-01-23T10:30:42","slug":"andre-moura-humilha-comunicacao-de-temer-escreve-claudio-humberto","status":"publish","type":"post","link":"https:\/\/senoticias.com.br\/se\/andre-moura-humilha-comunicacao-de-temer-escreve-claudio-humberto\/","title":{"rendered":"Andr\u00e9 Moura humilha Comunica\u00e7\u00e3o de Temer, escreve Cl\u00e1udio Humberto"},"content":{"rendered":"<p>&nbsp;<\/p>\n<p style=\"text-align: justify;\">O jornalista Cl\u00e1udio Humberto informa nesta ter\u00e7a-feira, 23, em<a href=\"http:\/\/www.diariodopoder.com.br\/coluna.php\"><strong> sua coluna<\/strong><\/a>, publicada em v\u00e1rios jornais do Pa\u00eds, que o deputado federal Andr\u00e9 Moura conseguiu tirar R$ 210 milh\u00f5es da Comunica\u00e7\u00e3o de Temer para contemplar emendas de &#8220;parlamentares amigos&#8221;.<\/p>\n<div id=\"attachment_100992\" style=\"width: 590px\" class=\"wp-caption aligncenter\"><a href=\"http:\/\/senoticias.com.br\/se\/wp-content\/uploads\/2017\/02\/andremoura-SE-Noticias-e1487943962868.jpg\"><img loading=\"lazy\" decoding=\"async\" aria-describedby=\"caption-attachment-100992\" class=\"size-full wp-image-100992\" src=\"http:\/\/senoticias.com.br\/se\/wp-content\/uploads\/2017\/02\/andremoura-SE-Noticias-e1487943962868.jpg\" alt=\"Andr\u00e9 Moura humilha Comunica\u00e7\u00e3o de Temer (foto: Luis Macedo \/ C\u00e2mara dos Deputados)\" width=\"580\" height=\"357\" \/><\/a><p id=\"caption-attachment-100992\" class=\"wp-caption-text\">Andr\u00e9 Moura humilha Comunica\u00e7\u00e3o de Temer (foto: Luis Macedo C\u00e2mara dos Deputados)<\/p><\/div>\n<p style=\"text-align: justify;\"><strong>Veja o que informa o jornalista:<\/strong><\/p>\n<p style=\"text-align: justify;\">\u00c1rea essencial para um governo como o de Michel Temer, que bate recordes de rejei\u00e7\u00e3o, a Secretaria de Comunica\u00e7\u00e3o Social da Presid\u00eancia amargou uma rara prova de desprest\u00edgio: sem consultar a ningu\u00e9m, o l\u00edder do governo, deputado Andr\u00e9 Moura (PSC-SE), fez o relator do Or\u00e7amento, Cac\u00e1 Le\u00e3o (PP-BA), retirar R$ 210 milh\u00f5es de comunica\u00e7\u00e3o para contemplar parlamentares amigos. Aparentemente, s\u00f3 o ministro Dyogo de Oliveira (Planejamento) sabia da opera\u00e7\u00e3o.<\/p>\n<p style=\"text-align: justify;\">A \u201ctunga\u201d de Andr\u00e9 Moura somente foi percebida durante reuni\u00e3o, com a presen\u00e7a de Temer, para o planejamento de marketing para 2018.<\/p>\n<p style=\"text-align: justify;\">Em estado de perplexidade, o Planalto obteve do pr\u00f3prio relator Cac\u00e1 Le\u00e3o a revela\u00e7\u00e3o de que a ordem da \u201ctunga\u201d foi de Andr\u00e9 Moura.<\/p>\n<p style=\"text-align: justify;\">A Secom confirmou o surrupio e informou que esses R$210 milh\u00f5es seriam usados em campanhas de utilidade p\u00fablica e esclarecimento.<\/p>\n<p style=\"text-align: justify;\"><a href=\"http:\/\/senoticias.com.br\/se\/wp-content\/uploads\/2018\/01\/Logomarca-fone-SE-4-1.jpg\"><img loading=\"lazy\" decoding=\"async\" class=\"aligncenter size-full wp-image-109978\" src=\"http:\/\/senoticias.com.br\/se\/wp-content\/uploads\/2018\/01\/Logomarca-fone-SE-4-1.jpg\" alt=\"Logomarca-fone-SE-4\" width=\"599\" height=\"78\" srcset=\"https:\/\/senoticias.com.br\/se\/wp-content\/uploads\/2018\/01\/Logomarca-fone-SE-4-1.jpg 599w, https:\/\/senoticias.com.br\/se\/wp-content\/uploads\/2018\/01\/Logomarca-fone-SE-4-1-300x39.jpg 300w\" sizes=\"(max-width: 599px) 100vw, 599px\" \/><\/a><\/p>\n<p style=\"text-align: justify;\"><em><strong>Acompanhe tamb\u00e9m o SE Not\u00edcias no\u00a0<a href=\"https:\/\/twitter.com\/Senoticias\" target=\"_blank\">Twitter<\/a>,\u00a0<a href=\"https:\/\/www.facebook.com\/senoticias1\" target=\"_blank\">Facebook<\/a>\u00a0e no\u00a0<a href=\"https:\/\/www.instagram.com\/senoticias\/\" target=\"_blank\">Instagram<\/a>\u00a0<\/strong><\/em><\/p>\n<p style=\"text-align: justify;\"><em>Com informa\u00e7\u00f5es de Gilmar Carvalho<\/em><\/p>\n","protected":false},"excerpt":{"rendered":"<p>&nbsp; O jornalista Cl\u00e1udio Humberto informa nesta ter\u00e7a-feira, 23, em sua coluna, publicada em v\u00e1rios jornais do Pa\u00eds, que o deputado federal Andr\u00e9 Moura conseguiu tirar R$ 210 milh\u00f5es da Comunica\u00e7\u00e3o de Temer para contemplar emendas de &#8220;parlamentares amigos&#8221;. Veja o que informa o jornalista: \u00c1rea essencial para um governo como o de Michel Temer, [&hellip;]<\/p>\n","protected":false},"author":2,"featured_media":100992,"comment_status":"closed","ping_status":"closed","sticky":false,"template":"","format":"standard","meta":{"footnotes":""},"categories":[6],"tags":[772,8304,8303,8305],"class_list":{"0":"post-110111","1":"post","2":"type-post","3":"status-publish","4":"format-standard","5":"has-post-thumbnail","7":"category-politica","8":"tag-andre-moura","9":"tag-claudio-humberto","10":"tag-comunicacao-de-temer","11":"tag-secretaria-de-comunicacao-social-da-presidencia"},"_links":{"self":[{"href":"https:\/\/senoticias.com.br\/se\/wp-json\/wp\/v2\/posts\/110111"}],"collection":[{"href":"https:\/\/senoticias.com.br\/se\/wp-json\/wp\/v2\/posts"}],"about":[{"href":"https:\/\/senoticias.com.br\/se\/wp-json\/wp\/v2\/types\/post"}],"author":[{"embeddable":true,"href":"https:\/\/senoticias.com.br\/se\/wp-json\/wp\/v2\/users\/2"}],"replies":[{"embeddable":true,"href":"https:\/\/senoticias.com.br\/se\/wp-json\/wp\/v2\/comments?post=110111"}],"version-history":[{"count":0,"href":"https:\/\/senoticias.com.br\/se\/wp-json\/wp\/v2\/posts\/110111\/revisions"}],"wp:featuredmedia":[{"embeddable":true,"href":"https:\/\/senoticias.com.br\/se\/wp-json\/wp\/v2\/media\/100992"}],"wp:attachment":[{"href":"https:\/\/senoticias.com.br\/se\/wp-json\/wp\/v2\/media?parent=110111"}],"wp:term":[{"taxonomy":"category","embeddable":true,"href":"https:\/\/senoticias.com.br\/se\/wp-json\/wp\/v2\/categories?post=110111"},{"taxonomy":"post_tag","embeddable":true,"href":"https:\/\/senoticias.com.br\/se\/wp-json\/wp\/v2\/tags?post=110111"}],"curies":[{"name":"wp","href":"https:\/\/api.w.org\/{rel}","templated":true}]}}