{"id":110083,"date":"2018-01-22T10:57:47","date_gmt":"2018-01-22T13:57:47","guid":{"rendered":"http:\/\/senoticias.com.br\/se\/?p=110083"},"modified":"2018-01-22T19:55:51","modified_gmt":"2018-01-22T22:55:51","slug":"iml-registra-14-mortes-no-ultimo-domingo","status":"publish","type":"post","link":"https:\/\/senoticias.com.br\/se\/iml-registra-14-mortes-no-ultimo-domingo\/","title":{"rendered":"IML registra 14 mortes no \u00faltimo domingo, 21; 7 foram v\u00edtimas de morte violenta"},"content":{"rendered":"<p style=\"text-align: justify;\"><span style=\"color: #000000;\">O Instituto M\u00e9dico Legal (IML) registrou a morte de 14 pessoas neste domingo, 21 de janeiro. Desses, 7 foram v\u00edtimas de morte violenta por arma de fogo ou arma branca, 3 afogamentos, 2 acidentes de tr\u00e2nsito, 1 enforcamento e uma morte a esclarecer. <\/span><\/p>\n<p style=\"text-align: justify;\"><span style=\"color: #000000;\">A morte ainda n\u00e3o esclarecida foi registrada em Capela, no Hospital do munic\u00edpio. O corpo era de Jo\u00e3o Crist\u00f3v\u00e3o Oliveira Moura, de 28 anos. Ele deu entrada no hospital \u00e0s 16h55 e saiu \u00e0s 19h50. <\/span><\/p>\n<p style=\"text-align: justify;\"><span style=\"color: #000000;\">Os tr\u00eas afogamentos foram registrados no Povoado Betume, em Ne\u00f3polis, no Povoado Tangue Novo, em Riach\u00e3o do Dantas, e em Sim\u00e3o Dias. Os tr\u00eas corpos eram do sexo masculino e a v\u00edtima que morreu no Povoado Betume era Jos\u00e9 de Souza Gois, de 76 anos.<\/span><\/p>\n<p style=\"text-align: justify;\"><span style=\"color: #000000;\">As duas mortes por acidentes de tr\u00e2nsito foram registradas no interior do Estado, nos munic\u00edpios de Propri\u00e1 e Itabaiana. <\/span><\/p>\n<p style=\"text-align: justify;\"><span style=\"color: #000000;\">Verinaldo Santana dos Santos, de 41 anos, morreu por enforcamento no munic\u00edpio de\u00a0 Ribeir\u00f3polis, por volta das 20h35. <\/span><\/p>\n<p style=\"text-align: justify;\"><span style=\"color: #000000;\">Duas das sete v\u00edtimas de morte violenta est\u00e3o sem identifica\u00e7\u00e3o. Os corpos foram encontrados com sinais de espancamento, marcas de tiros e amarrados no Povoado Parui, \u00e0s margens da Rodovia Humberto Mandarino, entre a BR-101 e a Praia da Caueira, no munic\u00edpio de Itaporanga D\u2019Ajuda. <a href=\"http:\/\/senoticias.com.br\/se\/dois-corpos-sao-encontrados-com-sinais-de-espancamento-e-tiros-em-itaporanga-dajuda\/\">Leia mais aqui.<\/a><br \/>\n<\/span><\/p>\n<p style=\"text-align: justify;\"><a href=\"http:\/\/senoticias.com.br\/se\/wp-content\/uploads\/2018\/01\/Logomarca-fone-SE-4-1.jpg\"><img loading=\"lazy\" decoding=\"async\" class=\"aligncenter size-full wp-image-109978\" src=\"http:\/\/senoticias.com.br\/se\/wp-content\/uploads\/2018\/01\/Logomarca-fone-SE-4-1.jpg\" alt=\"Logomarca-fone-SE-4\" width=\"599\" height=\"78\" srcset=\"https:\/\/senoticias.com.br\/se\/wp-content\/uploads\/2018\/01\/Logomarca-fone-SE-4-1.jpg 599w, https:\/\/senoticias.com.br\/se\/wp-content\/uploads\/2018\/01\/Logomarca-fone-SE-4-1-300x39.jpg 300w\" sizes=\"(max-width: 599px) 100vw, 599px\" \/><\/a><\/p>\n<p style=\"text-align: justify;\">Da Reda\u00e7\u00e3o do SE Not\u00edcias<\/p>\n","protected":false},"excerpt":{"rendered":"<p>O Instituto M\u00e9dico Legal (IML) registrou a morte de 14 pessoas neste domingo, 21 de janeiro. Desses, 7 foram v\u00edtimas de morte violenta por arma de fogo ou arma branca, 3 afogamentos, 2 acidentes de tr\u00e2nsito, 1 enforcamento e uma morte a esclarecer. A morte ainda n\u00e3o esclarecida foi registrada em Capela, no Hospital do [&hellip;]<\/p>\n","protected":false},"author":2,"featured_media":108173,"comment_status":"closed","ping_status":"closed","sticky":false,"template":"","format":"standard","meta":{"footnotes":""},"categories":[7],"tags":[8283,5777,380,8282,2577,8281,5483],"class_list":{"0":"post-110083","1":"post","2":"type-post","3":"status-publish","4":"format-standard","5":"has-post-thumbnail","7":"category-policia","8":"tag-acidentes-de-transito","9":"tag-afogamento","10":"tag-domingo","11":"tag-enforcamento","12":"tag-iml","13":"tag-morte-violenta","14":"tag-mortes"},"_links":{"self":[{"href":"https:\/\/senoticias.com.br\/se\/wp-json\/wp\/v2\/posts\/110083"}],"collection":[{"href":"https:\/\/senoticias.com.br\/se\/wp-json\/wp\/v2\/posts"}],"about":[{"href":"https:\/\/senoticias.com.br\/se\/wp-json\/wp\/v2\/types\/post"}],"author":[{"embeddable":true,"href":"https:\/\/senoticias.com.br\/se\/wp-json\/wp\/v2\/users\/2"}],"replies":[{"embeddable":true,"href":"https:\/\/senoticias.com.br\/se\/wp-json\/wp\/v2\/comments?post=110083"}],"version-history":[{"count":0,"href":"https:\/\/senoticias.com.br\/se\/wp-json\/wp\/v2\/posts\/110083\/revisions"}],"wp:featuredmedia":[{"embeddable":true,"href":"https:\/\/senoticias.com.br\/se\/wp-json\/wp\/v2\/media\/108173"}],"wp:attachment":[{"href":"https:\/\/senoticias.com.br\/se\/wp-json\/wp\/v2\/media?parent=110083"}],"wp:term":[{"taxonomy":"category","embeddable":true,"href":"https:\/\/senoticias.com.br\/se\/wp-json\/wp\/v2\/categories?post=110083"},{"taxonomy":"post_tag","embeddable":true,"href":"https:\/\/senoticias.com.br\/se\/wp-json\/wp\/v2\/tags?post=110083"}],"curies":[{"name":"wp","href":"https:\/\/api.w.org\/{rel}","templated":true}]}}