{"id":110078,"date":"2018-01-22T07:44:26","date_gmt":"2018-01-22T10:44:26","guid":{"rendered":"http:\/\/senoticias.com.br\/se\/?p=110078"},"modified":"2018-01-22T07:46:52","modified_gmt":"2018-01-22T10:46:52","slug":"marinha-faz-operacao-em-embarcacoes-usadas-no-transporte-de-passageiros-e-turistas","status":"publish","type":"post","link":"https:\/\/senoticias.com.br\/se\/marinha-faz-operacao-em-embarcacoes-usadas-no-transporte-de-passageiros-e-turistas\/","title":{"rendered":"Marinha faz opera\u00e7\u00e3o em embarca\u00e7\u00f5es usadas no transporte de passageiros e turistas"},"content":{"rendered":"<p style=\"text-align: justify;\">At\u00e9 o dia 31 de janeiro, a Marinha do Brasil, atrav\u00e9s da Capitania dos Portos de Sergipe, realiza a Opera\u00e7\u00e3o Ver\u00e3o com foco nas embarca\u00e7\u00f5es de transporte de passageiros e turismo n\u00e1utico, que tem seu fluxo intensificado no per\u00edodo de ver\u00e3o.<\/p>\n<div id=\"attachment_110079\" style=\"width: 609px\" class=\"wp-caption aligncenter\"><a href=\"http:\/\/senoticias.com.br\/se\/wp-content\/uploads\/2018\/01\/operacao_verao-e1516617642830.jpg\"><img loading=\"lazy\" decoding=\"async\" aria-describedby=\"caption-attachment-110079\" class=\"size-full wp-image-110079\" src=\"http:\/\/senoticias.com.br\/se\/wp-content\/uploads\/2018\/01\/operacao_verao-e1516617642830.jpg\" alt=\"Equipe da Marinha do Brasil (Foto: Marinha do Brasil\/Divulga\u00e7\u00e3o)\" width=\"599\" height=\"449\" \/><\/a><p id=\"caption-attachment-110079\" class=\"wp-caption-text\">Equipe da Marinha do Brasil (Foto: Marinha do Brasil\/Divulga\u00e7\u00e3o)<\/p><\/div>\n<p style=\"text-align: justify;\">Segundo o comando da opera\u00e7\u00e3o, o objetivo \u00e9 conscientizar os condutores e usu\u00e1rios para a import\u00e2ncia do cumprimento das regras de seguran\u00e7a da navega\u00e7\u00e3o.<\/p>\n<p style=\"text-align: justify;\">A iniciativa \u00e9 fruto de um encontro nacional, que reuniu, em outubro passado, na Diretoria de Portos e Costas (DPC), no Rio de Janeiro, 27 Capit\u00e3es dos Portos do Brasil, al\u00e9m de 16 Oficiais designados para exercer a fun\u00e7\u00e3o com o intuito de debater a padroniza\u00e7\u00e3o de procedimentos relacionados \u00e0 seguran\u00e7a do tr\u00e1fego aquavi\u00e1rio e \u00e0s vistorias e inspe\u00e7\u00f5es navais.<\/p>\n<p style=\"text-align: justify;\">Um levantamento da DPC aponta que existem hoje 53.700 embarca\u00e7\u00f5es de transporte de passageiros que realizam travessias e turismo n\u00e1utico distribu\u00eddas em todo territ\u00f3rio nacional. Apenas no ano passando, cerca de 1.800 novas embarca\u00e7\u00f5es dessa categoria foram inscritas nas 63 Capitanias, Delegacias e Ag\u00eancias das Capitanias dos Portos.<\/p>\n<p style=\"text-align: justify;\"><a href=\"http:\/\/senoticias.com.br\/se\/wp-content\/uploads\/2018\/01\/Logomarca-fone-SE-4-1.jpg\"><img loading=\"lazy\" decoding=\"async\" class=\"aligncenter size-full wp-image-109978\" src=\"http:\/\/senoticias.com.br\/se\/wp-content\/uploads\/2018\/01\/Logomarca-fone-SE-4-1.jpg\" alt=\"Logomarca-fone-SE-4\" width=\"599\" height=\"78\" srcset=\"https:\/\/senoticias.com.br\/se\/wp-content\/uploads\/2018\/01\/Logomarca-fone-SE-4-1.jpg 599w, https:\/\/senoticias.com.br\/se\/wp-content\/uploads\/2018\/01\/Logomarca-fone-SE-4-1-300x39.jpg 300w\" sizes=\"(max-width: 599px) 100vw, 599px\" \/><\/a><\/p>\n<p style=\"text-align: justify;\"><em><strong>Acompanhe tamb\u00e9m o SE Not\u00edcias no\u00a0<a href=\"https:\/\/twitter.com\/Senoticias\" target=\"_blank\">Twitter<\/a>,\u00a0<a href=\"https:\/\/www.facebook.com\/senoticias1\" target=\"_blank\">Facebook<\/a>\u00a0e no\u00a0<a href=\"https:\/\/www.instagram.com\/senoticias\/\" target=\"_blank\">Instagram<\/a>\u00a0<\/strong><\/em><\/p>\n<p style=\"text-align: justify;\"><em>Por <a href=\"https:\/\/g1.globo.com\/se\/sergipe\/noticia\/marinha-faz-operacao-em-embarcacoes-usadas-no-transporte-de-passageiros-e-turistas.ghtml\"><strong>G1 SE<\/strong><\/a>, Aracaju<\/em><\/p>\n","protected":false},"excerpt":{"rendered":"<p>At\u00e9 o dia 31 de janeiro, a Marinha do Brasil, atrav\u00e9s da Capitania dos Portos de Sergipe, realiza a Opera\u00e7\u00e3o Ver\u00e3o com foco nas embarca\u00e7\u00f5es de transporte de passageiros e turismo n\u00e1utico, que tem seu fluxo intensificado no per\u00edodo de ver\u00e3o. Segundo o comando da opera\u00e7\u00e3o, o objetivo \u00e9 conscientizar os condutores e usu\u00e1rios para [&hellip;]<\/p>\n","protected":false},"author":2,"featured_media":110079,"comment_status":"closed","ping_status":"closed","sticky":false,"template":"","format":"standard","meta":{"footnotes":""},"categories":[15,38],"tags":[3847,5605,8279],"class_list":{"0":"post-110078","1":"post","2":"type-post","3":"status-publish","4":"format-standard","5":"has-post-thumbnail","7":"category-destaques","8":"category-municipios","9":"tag-marinha","10":"tag-marinha-do-brasil","11":"tag-transporte-de-passageiros"},"_links":{"self":[{"href":"https:\/\/senoticias.com.br\/se\/wp-json\/wp\/v2\/posts\/110078"}],"collection":[{"href":"https:\/\/senoticias.com.br\/se\/wp-json\/wp\/v2\/posts"}],"about":[{"href":"https:\/\/senoticias.com.br\/se\/wp-json\/wp\/v2\/types\/post"}],"author":[{"embeddable":true,"href":"https:\/\/senoticias.com.br\/se\/wp-json\/wp\/v2\/users\/2"}],"replies":[{"embeddable":true,"href":"https:\/\/senoticias.com.br\/se\/wp-json\/wp\/v2\/comments?post=110078"}],"version-history":[{"count":0,"href":"https:\/\/senoticias.com.br\/se\/wp-json\/wp\/v2\/posts\/110078\/revisions"}],"wp:featuredmedia":[{"embeddable":true,"href":"https:\/\/senoticias.com.br\/se\/wp-json\/wp\/v2\/media\/110079"}],"wp:attachment":[{"href":"https:\/\/senoticias.com.br\/se\/wp-json\/wp\/v2\/media?parent=110078"}],"wp:term":[{"taxonomy":"category","embeddable":true,"href":"https:\/\/senoticias.com.br\/se\/wp-json\/wp\/v2\/categories?post=110078"},{"taxonomy":"post_tag","embeddable":true,"href":"https:\/\/senoticias.com.br\/se\/wp-json\/wp\/v2\/tags?post=110078"}],"curies":[{"name":"wp","href":"https:\/\/api.w.org\/{rel}","templated":true}]}}