{"id":110066,"date":"2018-01-21T16:51:12","date_gmt":"2018-01-21T19:51:12","guid":{"rendered":"http:\/\/senoticias.com.br\/se\/?p=110066"},"modified":"2018-01-21T17:05:41","modified_gmt":"2018-01-21T20:05:41","slug":"saiba-como-sera-o-julgamento-do-recurso-de-lula-no-trf4","status":"publish","type":"post","link":"https:\/\/senoticias.com.br\/se\/saiba-como-sera-o-julgamento-do-recurso-de-lula-no-trf4\/","title":{"rendered":"Saiba quem s\u00e3o os ju\u00edzes e como ser\u00e1 o julgamento do recurso de Lula no TRF4"},"content":{"rendered":"<p style=\"text-align: justify;\">O julgamento pela 8\u00aa Turma do Tribunal Regional Federal da 4\u00aa Regi\u00e3o (TRF4), em Porto Alegre, da apela\u00e7\u00e3o criminal do ex-presidente Luiz In\u00e1cio Lula da Silva, na pr\u00f3xima quarta-feira, 24, vai come\u00e7ar \u00e0s 8:30 e deve se estender at\u00e9 as 15h. O petista recorre contra condena\u00e7\u00e3o que recebeu em julho, do juiz Sergio Moro, a nove anos e seis meses de pris\u00e3o pelos crimes de corrup\u00e7\u00e3o passiva e lavagem de dinheiro no caso do tr\u00edplex do Guaruj\u00e1.<\/p>\n<p style=\"text-align: justify;\">A sess\u00e3o ser\u00e1 iniciada pelo desembargador federal Leandro Paulsen, presidente da 8\u00aa Turma. Em seguida, o relator e desembargador federal Jo\u00e3o Pedro Gebran Neto far\u00e1 a leitura do relat\u00f3rio. O Minist\u00e9rio P\u00fablico Federal (MPF), respons\u00e1vel pela acusa\u00e7\u00e3o, deve se pronunciar na sequ\u00eancia \u2013 ele ter\u00e1 30 minutos para fazer suas considera\u00e7\u00f5es sobre os r\u00e9us.<\/p>\n<div id=\"attachment_110067\" style=\"width: 609px\" class=\"wp-caption aligncenter\"><a href=\"http:\/\/senoticias.com.br\/se\/wp-content\/uploads\/2018\/01\/brasil-ex-presidente-lula-19012018-001-e1516563752440.jpg\"><img loading=\"lazy\" decoding=\"async\" aria-describedby=\"caption-attachment-110067\" class=\"size-full wp-image-110067\" src=\"http:\/\/senoticias.com.br\/se\/wp-content\/uploads\/2018\/01\/brasil-ex-presidente-lula-19012018-001-e1516563752440.jpg\" alt=\"O ex-presidente ter\u00e1 seu futuro pol\u00edtico definido na pr\u00f3xima semana, pelos magistrados da 8\u00aa Turma do TRF4 (fotoLeonardo Benassatto\/Reuters)\" width=\"599\" height=\"399\" \/><\/a><p id=\"caption-attachment-110067\" class=\"wp-caption-text\">O ex-presidente ter\u00e1 seu futuro pol\u00edtico definido na pr\u00f3xima semana, pelos magistrados da 8\u00aa Turma do TRF4 (foto: arquivo\/Leonardo Benassatto\/Reuters)<\/p><\/div>\n<p style=\"text-align: justify;\">Os advogados de defesa das partes ter\u00e3o 15 minutos para apresentar os seus argumentos. Gebran negou pedido dos advogados de Lula para que o petista fosse ouvido pela Corte. A defesa do ex-presidente alegava que seria necess\u00e1rio um novo interrogat\u00f3rio porque a oitiva de Lula por Moro foi \u201cuma verdadeira inquisi\u00e7\u00e3o\u201d e que o r\u00e9u foi prejudicado.<\/p>\n<p style=\"text-align: justify;\">Ap\u00f3s as manifesta\u00e7\u00f5es da acusa\u00e7\u00e3o e da defesa, Gebran anuncia seu voto e passa a palavra ao revisor, Paulsen, que tamb\u00e9m profere o seu voto. O desembargador Victor Luiz dos Santos Laus ser\u00e1 o terceiro a se manifestar. O resultado final ser\u00e1 anunciado por Paulsen. A sess\u00e3o pode ser finalizada em outra data caso haja pedido de vista, o que garante aos magistrados um tempo maior para estudar o processo.<\/p>\n<h3><span style=\"color: #003300;\"><strong>Como acompanhar<\/strong><\/span><\/h3>\n<p style=\"text-align: justify;\">Na sala da audi\u00eancia, poder\u00e3o entrar apenas os desembargadores, os advogados das partes e os membros do Minist\u00e9rio P\u00fablico Federal, al\u00e9m de funcion\u00e1rios do TRF4 que trabalhar\u00e3o no apoio ao julgamento.\u00a0A sess\u00e3o poder\u00e1 ser acompanhada pelo canal do\u00a0<a href=\"https:\/\/www.youtube.com\/TRF4oficial\">TRF4 no Youtube<\/a>\u00a0e tamb\u00e9m pelo\u00a0<a href=\"https:\/\/www.pscp.tv\/TRF4_oficial\">Periscope<\/a>, aplicativo de transmiss\u00e3o de v\u00eddeo ao vivo. J\u00e1 os jornalistas cadastrados poder\u00e3o, por meio de um tel\u00e3o, assistir ao julgamento em uma sala ao lado daquela onde se realiza a audi\u00eancia. Usualmente, os julgamentos de processos na 8\u00aa Turma n\u00e3o s\u00e3o transmitidos nem t\u00eam seus v\u00eddeos anexados aos processos eletr\u00f4nicos, mas, devido ao grande interesse pelo caso, os desembargadores autorizaram a transmiss\u00e3o.<\/p>\n<p style=\"text-align: justify;\">Segundo o TRF4, cerca de 300 profissionais da imprensa, incluindo jornalistas da Inglaterra, Estados Unidos, China, Jap\u00e3o, Alemanha, Fran\u00e7a, Espanha, Dinamarca, Catar e Argentina acompanhar\u00e3o o julgamento.<\/p>\n<p style=\"text-align: justify;\"><strong>Isolamento<\/strong><\/p>\n<p style=\"text-align: justify;\">Para evitar tumulto, a sede do tribunal estar\u00e1 isolada por cord\u00f5es policiais. O local exato do bloqueio ainda n\u00e3o foi informado pelas autoridades. A entrada da imprensa e das autoridades acontecer\u00e1 exclusivamente no cruzamento da Avenida Augusto de Carvalho com a Rua Ot\u00e1vio Francisco Caruso da Rocha, das 6h \u00e0s 7h:30. N\u00e3o ser\u00e1 permitido o estacionamento de carros nas ruas internas ao per\u00edmetro delimitado pela Brigada Militar.<\/p>\n<p style=\"text-align: justify;\">Na manh\u00e3 de quinta-feira, o secret\u00e1rio de seguran\u00e7a do Rio Grande do Sul, Cezar Schrimer, discutiu com lideran\u00e7as de movimentos sociais os locais mais adequados para a realiza\u00e7\u00e3o de manifesta\u00e7\u00f5es de grupos favor\u00e1veis e contr\u00e1rios a Lula. Schrimer pediu que todos os protestos, contra ou a favor do ex-presidente, sejam pac\u00edficos. Os pr\u00e9dios p\u00fablicos no entorno do TRF4, como IBGE, Receita Federal e Minist\u00e9rio P\u00fablico Federal n\u00e3o ter\u00e3o expediente a partir do meio-dia do dia 23, v\u00e9spera do julgamento.<\/p>\n<h2 class=\"story-body__crosshead\">Leandro Paulsen<\/h2>\n<p style=\"text-align: justify;\">Aos 47 anos, Leandro Paulsen, que acumula as fun\u00e7\u00f5es de presidente e revisor da 8\u00aa Turma, \u00e9 o mais jovem do trio. Porto-alegrense de nascimento, apreciador de churrasco e torcedor do Internacional, formou-se em 1992 pela hoje Escola de Direito da Pontif\u00edcia Universidade Cat\u00f3lica do Rio Grande do Sul (PUCRS), onde \u00e9 professor.<\/p>\n<div id=\"attachment_110071\" style=\"width: 609px\" class=\"wp-caption aligncenter\"><a href=\"http:\/\/senoticias.com.br\/se\/wp-content\/uploads\/2018\/01\/99672687_25839660808_3bf7759c63_z-e1516564834782.jpg\"><img loading=\"lazy\" decoding=\"async\" aria-describedby=\"caption-attachment-110071\" class=\"size-full wp-image-110071\" src=\"http:\/\/senoticias.com.br\/se\/wp-content\/uploads\/2018\/01\/99672687_25839660808_3bf7759c63_z-e1516564834782.jpg\" alt=\"Leandro Paulsen foi auxiliar de Ellen Gracie no STF | Foto: TRF-4\" width=\"599\" height=\"337\" \/><\/a><p id=\"caption-attachment-110071\" class=\"wp-caption-text\">Leandro Paulsen foi auxiliar de Ellen Gracie no STF\u00a0 (foto: TRF-4)<\/p><\/div>\n<p style=\"text-align: justify;\">Magistrado federal desde 1993, atuou por quase dois anos como juiz auxiliar da ent\u00e3o ministra Ellen Gracie no Supremo Tribunal Federal (STF). Dotado de &#8220;disciplina prussiana&#8221;, segundo um amigo, publicou dezenas de livros em autoria ou coautoria, a maioria sobre direito tribut\u00e1rio.<\/p>\n<p style=\"text-align: justify;\">Na obra mais recente,\u00a0<i>Crimes federais<\/i>, publicada em 2017, Paulsen incursiona pela mat\u00e9ria \u00e0 qual se dedica como desembargador. Na introdu\u00e7\u00e3o, homenageia os dois colegas da 8\u00aa Turma: &#8220;Tiveram (Laus e Gebran) a paci\u00eancia de compor, com um tributarista, a Turma penal. Foram e s\u00e3o meus professores nesta mat\u00e9ria&#8221;. Refere-se tamb\u00e9m ao processo mais rumoroso da hist\u00f3ria do TRF-4, elogiando o trabalho dos profissionais envolvidos na Lava Jato, entre eles &#8220;o operoso juiz federal Sergio Moro&#8221;. \u00c9 visto entre os advogados como magistrado de perfil t\u00e9cnico e severo.<\/p>\n<p style=\"text-align: justify;\">&#8220;Em poucos anos, ele produziu uma obra sobre a \u00e1rea criminal. N\u00e3o \u00e9 toda hora que se v\u00ea desembargadores publicando livros sobre suas esferas de atua\u00e7\u00e3o&#8221;, comenta Arthur Ferreira Neto, coordenador do N\u00facleo de Direito P\u00fablico da Escola de Direito da PUCRS e colega de Paulsen.<\/p>\n<p style=\"text-align: justify;\">Uma cita\u00e7\u00e3o atribu\u00edda ao espanhol Ortega y Gasset \u00e9 reproduzida com frequ\u00eancia por Paulsen em seus livros: &#8220;A clareza \u00e9 a cortesia intelectual&#8221;. O fil\u00f3sofo quis dizer que escrever de forma obscura \u00e9 menosprezar o leitor. Vindo do revisor dos processos da Lava Jato, o dito refor\u00e7a a promessa de decis\u00f5es redigidas de forma compreens\u00edvel por todos os brasileiros.<\/p>\n<h2 class=\"story-body__crosshead\">Victor Laus<\/h2>\n<p style=\"text-align: justify;\">Mais velho dos tr\u00eas desembargadores da 8\u00aa Turma, Victor Luiz dos Santos Laus tinha um ano de idade quando o pai foi preso.<\/p>\n<div id=\"attachment_110069\" style=\"width: 609px\" class=\"wp-caption aligncenter\"><a href=\"http:\/\/senoticias.com.br\/se\/wp-content\/uploads\/2018\/01\/99672691_25764804958_9dc4bc4525_z.jpg\"><img loading=\"lazy\" decoding=\"async\" aria-describedby=\"caption-attachment-110069\" class=\"size-full wp-image-110069\" src=\"http:\/\/senoticias.com.br\/se\/wp-content\/uploads\/2018\/01\/99672691_25764804958_9dc4bc4525_z-e1516564645145.jpg\" alt=\"Victor Laus iniciou carreira no Minist\u00e9rio P\u00fablico | Foto: TRF-4\" width=\"599\" height=\"337\" \/><\/a><p id=\"caption-attachment-110069\" class=\"wp-caption-text\">Victor Laus iniciou carreira no Minist\u00e9rio P\u00fablico ( foto: TRF-4)<\/p><\/div>\n<p style=\"text-align: justify;\">As raz\u00f5es da pris\u00e3o do advogado Lin\u00e9sio Laus, em Joa\u00e7aba (SC), foram pol\u00edticas. Era abril de 1964, e ele ocupava posi\u00e7\u00e3o de destaque no regime sepultado dias antes pelos militares. Era ligado ao Partido Trabalhista Brasileiro (PTB), do presidente deposto, Jo\u00e3o Goulart, e ocupava o cargo de delegado estadual da Superintend\u00eancia de Valoriza\u00e7\u00e3o Econ\u00f4mica da Fronteira Sudoeste, um dos principais postos de confian\u00e7a do governo federal na regi\u00e3o Sul.<\/p>\n<p style=\"text-align: justify;\">A pris\u00e3o foi mencionada indiretamente na posse de Laus no TRF-4, em fevereiro de 2003. O desembargador encarregado de saud\u00e1-lo referiu-se a &#8220;tempos dif\u00edceis para a fam\u00edlia Santos Laus&#8221; ap\u00f3s abril de 1964.<\/p>\n<p style=\"text-align: justify;\">Lin\u00e9sio figura entre 679 catarinenses detidos pela ditadura militar em lista elaborada pela Comiss\u00e3o Estadual da Verdade de Santa Catarina. Em 2011, o advogado ingressou com a\u00e7\u00e3o na Justi\u00e7a Federal de Santa Catarina para obter indeniza\u00e7\u00e3o da Uni\u00e3o em raz\u00e3o de persegui\u00e7\u00e3o pol\u00edtica e tortura durante o regime militar. Sustentou que, al\u00e9m da perda do cargo, fora impossibilitado de trabalhar como advogado at\u00e9 os anos 1980. Foi parcialmente vitorioso na primeira e na segunda inst\u00e2ncias, e, em 2015, a Uni\u00e3o havia recorrido do ac\u00f3rd\u00e3o do TRF-4 junto ao Superior Tribunal de Justi\u00e7a (STJ). A reportagem telefonou para o escrit\u00f3rio da fam\u00edlia, em Balne\u00e1rio Cambori\u00fa, mas n\u00e3o obteve resposta.<\/p>\n<p style=\"text-align: justify;\">Os reveses pol\u00edticos n\u00e3o abalaram os v\u00ednculos dos Laus com Joa\u00e7aba, onde Victor Luiz, quarto dos cinco filhos de Lin\u00e9sio e da dentista Wanda dos Santos Laus, nascera em mar\u00e7o de 1963. Quando o munic\u00edpio completou 50 anos de emancipa\u00e7\u00e3o, em 1967, o advogado assinou um dos textos da publica\u00e7\u00e3o comemorativa. Pouco depois, a fam\u00edlia trocou o oeste catarinense por S\u00e3o Paulo, onde Victor Luiz iniciou os estudos no Instituto Mackenzie. Retornaria ao munic\u00edpio mais de tr\u00eas d\u00e9cadas depois como procurador da Rep\u00fablica. O cartorista Cl\u00f3vis dos Santos, 77 anos, lembra-se dele na inf\u00e2ncia:<\/p>\n<p style=\"text-align: justify;\">&#8220;Era guri, andava pela cidade com o pai&#8221;, diz.<\/p>\n<p style=\"text-align: justify;\">A veia jur\u00eddica n\u00e3o corre apenas pelo lado paterno. A m\u00e3e de Laus \u00e9 neta de Domingos Pacheco d&#8217;\u00c1vila, diplomado pela prestigiosa Faculdade de Direito de Recife ainda sob o Imp\u00e9rio e cofundador do Tribunal de Justi\u00e7a de Santa Catarina, em 1891. &#8220;Este Victor lembra muito meu sogro (D&#8217;\u00c1vila)&#8221;, dizia o pai de Wanda, Ernani Say\u00e3o dos Santos.<\/p>\n<p style=\"text-align: justify;\">Foi no Minist\u00e9rio P\u00fablico que Laus deu os primeiros passos no Direito. Formado pela Universidade Federal de Santa Catarina em 1986, foi aprovado no mesmo ano em concurso de promotor. Durante &#8220;seis ricos e memor\u00e1veis anos&#8221;, em suas pr\u00f3prias palavras, atuou em sete munic\u00edpios catarinenses. Passou outros seis na condi\u00e7\u00e3o de procurador da Rep\u00fablica concursado, e mais quatro na de procurador regional da Rep\u00fablica.<\/p>\n<p style=\"text-align: justify;\">Em 2003, prestes a completar 40 anos, 16 dos quais como promotor e procurador, Laus tomou posse como desembargador federal no TRF-4 em vaga do chamado quinto constitucional, reservada a indicados pelo Minist\u00e9rio P\u00fablico e pelos advogados. &#8220;Quem esquece seu passado, com certeza, perde o rumo do futuro&#8221;, disse Laus ao tomar posse.<\/p>\n<p style=\"text-align: justify;\">Decano da 8\u00aa Turma, Laus sempre foi visto por advogados como &#8220;duro&#8221;, jarg\u00e3o que designa o juiz rigoroso ao imputar penas, e n\u00e3o apenas em processos da Lava Jato. Em julgamentos recentes de recursos de decis\u00f5es do juiz Sergio Moro, da 13\u00aa Vara Federal de Curitiba, por\u00e9m, advogados de defesa t\u00eam voltado os olhos para o catarinense na esperan\u00e7a de uma postura mais ponderada. Parte dessa expectativa deve-se ao fato de ele ser o \u00faltimo a ler o voto em casos da Lava Jato.<\/p>\n<p style=\"text-align: justify;\">&#8220;N\u00e3o imagino que o desembargador Laus profira voto sem aguardar o posicionamento de um colega que tenha pedido vista&#8221;, diz um advogado envolvido no caso, pedindo anonimato.<\/p>\n<h2 class=\"story-body__crosshead\">Jo\u00e3o Pedro Gebran Neto<\/h2>\n<p style=\"text-align: justify;\">Se Laus tem sido apontado, no jarg\u00e3o jur\u00eddico, como o mais &#8220;garantista&#8221; (alus\u00e3o \u00e0s garantias fundamentais expressas na Constitui\u00e7\u00e3o) da 8\u00aa Turma, a aura de maior severidade \u00e9 atribu\u00edda ao relator.<\/p>\n<div id=\"attachment_110070\" style=\"width: 609px\" class=\"wp-caption aligncenter\"><a href=\"http:\/\/senoticias.com.br\/se\/wp-content\/uploads\/2018\/01\/99672689_39636249301_f19cb795b9_z.jpg\"><img loading=\"lazy\" decoding=\"async\" aria-describedby=\"caption-attachment-110070\" class=\"size-full wp-image-110070\" src=\"http:\/\/senoticias.com.br\/se\/wp-content\/uploads\/2018\/01\/99672689_39636249301_f19cb795b9_z-e1516564729108.jpg\" alt=\"Gebran Neto, relator do processo, \u00e9 tido como o mais r\u00edgido do grupo | Foto: TRF-4\" width=\"599\" height=\"337\" \/><\/a><p id=\"caption-attachment-110070\" class=\"wp-caption-text\">Gebran Neto, relator do processo, \u00e9 tido como o mais r\u00edgido do grupo (foto: TRF-4)<\/p><\/div>\n<p style=\"text-align: justify;\">A amizade de d\u00e9cadas entre Jo\u00e3o Pedro Gebran Neto, 52 anos, e Moro contribui para refor\u00e7ar essa impress\u00e3o. A defesa de Lula j\u00e1 invocou em a\u00e7\u00e3o a proximidade dos dois para sustentar que o desembargador n\u00e3o poderia decidir se o juiz \u00e9 suspeito ou n\u00e3o para julgar o ex-presidente. Gebran julgou e rejeitou a substitui\u00e7\u00e3o, argumentando que a amizade \u00e9 &#8220;juridicamente irrelevante&#8221;.<\/p>\n<p style=\"text-align: justify;\">Essa percep\u00e7\u00e3o \u00e9 refor\u00e7ada por quem conhece os dois. Quando o hoje juiz federal Anderson Furlan assumiu como analista judici\u00e1rio concursado no Paran\u00e1, em 1998, ficou lotado na 2\u00aa Vara de Execu\u00e7\u00f5es Fiscais, em Curitiba. Moro, que havia sido seu veterano no Curso de Direito da Universidade Estadual de Maring\u00e1, estava \u00e0 frente da Vara havia dois anos. Removido para Cascavel, Moro indicou Furlan ao colega que assumira a vizinha 11\u00aa Vara Federal. Assim, o analista conheceu Gebran.<\/p>\n<p style=\"text-align: justify;\">&#8220;Havia na vara um processo sobre \u00edndios, do in\u00edcio da d\u00e9cada, que n\u00e3o andava. Ele falou: &#8216;Preciso pegar esse processo&#8217;. E conseguiu. \u00c9 uma caracter\u00edstica dele em qualquer situa\u00e7\u00e3o: encarar o que \u00e9 mais dif\u00edcil e chegar a uma solu\u00e7\u00e3o&#8221;, afirma Furlan, hoje juiz titular da 5\u00aa Vara Federal de Maring\u00e1.<\/p>\n<p style=\"text-align: justify;\">Descendente de \u00e1rabes, Gebran compartilha com a comunidade migrante o apre\u00e7o pela caridade. Segundo Furlan, no final dos anos 1990 o juiz costumava acordar \u00e0s quartas-feiras por volta de 4h a fim de participar de mutir\u00f5es que levavam sopa a moradores de rua. Quando foi presidente da Associa\u00e7\u00e3o Paranaense dos Ju\u00edzes Federais, implantou um pec\u00falio em benef\u00edcio de familiares de magistrados falecidos.<\/p>\n<p style=\"text-align: justify;\">O ambiente familiar pesou na escolha de Gebran pelo Direito. O pai, Antonio Gebran, foi advogado em Curitiba e diretor-geral da Assembleia Legislativa do Paran\u00e1. Os mais pr\u00f3ximos lembram-se de encontr\u00e1-lo, acompanhado do filho Jo\u00e3o Pedro, em jogos do Coritiba, time do cora\u00e7\u00e3o, no Est\u00e1dio Couto Pereira.<\/p>\n<p style=\"text-align: justify;\">&#8220;O pai do desembargador Gebran foi um grande advogado, de bom trato, educado. O filho manteve essas caracter\u00edsticas&#8221;, afirma Jacinto de Miranda Coutinho, professor titular de Direito da Universidade Federal do Paran\u00e1 e orientador de Jo\u00e3o Pedro no curso de especializa\u00e7\u00e3o em Ci\u00eancias Penais.<\/p>\n<p style=\"text-align: justify;\">Na faculdade, Gebran consolidou caracter\u00edsticas de lideran\u00e7a. Representava os estudantes em debates acad\u00eamicos e disputou vaga de orador da turma formada em 1988 (foi o segundo mais votado). O ex-colega Nivaldo Brunoni, hoje juiz federal da 23\u00aa Vara Federal de Curitiba, \u00e9 grato ao amigo por incentiv\u00e1-lo a trilhar a carreira de juiz.<\/p>\n<p style=\"text-align: justify;\">&#8220;\u00c9 inimagin\u00e1vel que Gebran profira uma senten\u00e7a motivado por raz\u00f5es pol\u00edticas. O processo n\u00e3o poderia estar em melhores m\u00e3os&#8221;, opina Brunoni.<\/p>\n<p style=\"text-align: justify;\">Gebran teve passagem pelo Minist\u00e9rio P\u00fablico, como promotor de Justi\u00e7a no Paran\u00e1. O ingresso na magistratura federal ocorreu em 1993, dez anos antes de chegar ao TRF-4 como desembargador federal. Nesse per\u00edodo, escreveu livros e artigos e se tornou especialista em judicializa\u00e7\u00e3o da sa\u00fade.<\/p>\n<p style=\"text-align: justify;\">&#8220;Ele se preocupa em escrever de forma que a parte entenda. &#8216;Escreva para o ser humano&#8217;, me ensinou&#8221;, relembra Furlan.<\/p>\n<p style=\"text-align: justify;\"><em>Informa\u00e7\u00f5es da <a href=\"http:\/\/www.bbc.com\/portuguese\/brasil-42754908\">BBC Brasil<\/a> e\u00a0<a href=\"https:\/\/veja.abril.com.br\/politica\/saiba-como-sera-o-julgamento-do-recurso-de-lula-no-trf4\/\">Reda\u00e7\u00e3o Veja<\/a><\/em><\/p>\n<p style=\"text-align: justify;\"><a href=\"http:\/\/senoticias.com.br\/se\/wp-content\/uploads\/2018\/01\/Logomarca-fone-SE-4-1.jpg\"><img loading=\"lazy\" decoding=\"async\" class=\"aligncenter size-full wp-image-109978\" src=\"http:\/\/senoticias.com.br\/se\/wp-content\/uploads\/2018\/01\/Logomarca-fone-SE-4-1.jpg\" alt=\"Logomarca-fone-SE-4\" width=\"599\" height=\"78\" srcset=\"https:\/\/senoticias.com.br\/se\/wp-content\/uploads\/2018\/01\/Logomarca-fone-SE-4-1.jpg 599w, https:\/\/senoticias.com.br\/se\/wp-content\/uploads\/2018\/01\/Logomarca-fone-SE-4-1-300x39.jpg 300w\" sizes=\"(max-width: 599px) 100vw, 599px\" \/><\/a><\/p>\n<p style=\"text-align: justify;\"><em><strong>Acompanhe tamb\u00e9m o SE Not\u00edcias no\u00a0<a href=\"https:\/\/twitter.com\/Senoticias\" target=\"_blank\">Twitter<\/a>,\u00a0<a href=\"https:\/\/www.facebook.com\/senoticias1\" target=\"_blank\">Facebook<\/a>\u00a0e no\u00a0<a href=\"https:\/\/www.instagram.com\/senoticias\/\" target=\"_blank\">Instagram<\/a>\u00a0<\/strong><\/em><\/p>\n","protected":false},"excerpt":{"rendered":"<p>O julgamento pela 8\u00aa Turma do Tribunal Regional Federal da 4\u00aa Regi\u00e3o (TRF4), em Porto Alegre, da apela\u00e7\u00e3o criminal do ex-presidente Luiz In\u00e1cio Lula da Silva, na pr\u00f3xima quarta-feira, 24, vai come\u00e7ar \u00e0s 8:30 e deve se estender at\u00e9 as 15h. O petista recorre contra condena\u00e7\u00e3o que recebeu em julho, do juiz Sergio Moro, a [&hellip;]<\/p>\n","protected":false},"author":2,"featured_media":110067,"comment_status":"closed","ping_status":"closed","sticky":false,"template":"","format":"standard","meta":{"footnotes":""},"categories":[15,2961],"tags":[8269,8274,8273,8277,385,8275,90,8206,8276,386,8272,8268,8267,8271,8270],"class_list":{"0":"post-110066","1":"post","2":"type-post","3":"status-publish","4":"format-standard","5":"has-post-thumbnail","7":"category-destaques","8":"category-nacional","9":"tag-8a-turma","10":"tag-gebran-neto","11":"tag-joao-pedro-gebran-neto","12":"tag-julgamento-do-recurso","13":"tag-lava-jato","14":"tag-leandro-paulsen","15":"tag-lula","16":"tag-porto-alegre","17":"tag-rio-grande-do-sul","18":"tag-sergio-moro","19":"tag-trf-4-fica-em-porto-alegre","20":"tag-trf4","21":"tag-tribunal-regional-federal-da-4a-regiao","22":"tag-victor-laus","23":"tag-victor-luiz-dos-santos-laus"},"_links":{"self":[{"href":"https:\/\/senoticias.com.br\/se\/wp-json\/wp\/v2\/posts\/110066"}],"collection":[{"href":"https:\/\/senoticias.com.br\/se\/wp-json\/wp\/v2\/posts"}],"about":[{"href":"https:\/\/senoticias.com.br\/se\/wp-json\/wp\/v2\/types\/post"}],"author":[{"embeddable":true,"href":"https:\/\/senoticias.com.br\/se\/wp-json\/wp\/v2\/users\/2"}],"replies":[{"embeddable":true,"href":"https:\/\/senoticias.com.br\/se\/wp-json\/wp\/v2\/comments?post=110066"}],"version-history":[{"count":0,"href":"https:\/\/senoticias.com.br\/se\/wp-json\/wp\/v2\/posts\/110066\/revisions"}],"wp:featuredmedia":[{"embeddable":true,"href":"https:\/\/senoticias.com.br\/se\/wp-json\/wp\/v2\/media\/110067"}],"wp:attachment":[{"href":"https:\/\/senoticias.com.br\/se\/wp-json\/wp\/v2\/media?parent=110066"}],"wp:term":[{"taxonomy":"category","embeddable":true,"href":"https:\/\/senoticias.com.br\/se\/wp-json\/wp\/v2\/categories?post=110066"},{"taxonomy":"post_tag","embeddable":true,"href":"https:\/\/senoticias.com.br\/se\/wp-json\/wp\/v2\/tags?post=110066"}],"curies":[{"name":"wp","href":"https:\/\/api.w.org\/{rel}","templated":true}]}}