{"id":110047,"date":"2018-01-20T20:47:06","date_gmt":"2018-01-20T23:47:06","guid":{"rendered":"http:\/\/senoticias.com.br\/se\/?p=110047"},"modified":"2018-01-22T14:15:00","modified_gmt":"2018-01-22T17:15:00","slug":"morre-a-filha-de-cleonancio-fonseca-apos-o-carro-que-ela-conduzia-capotar-e-bater-com-dois-veiculos-na-ba","status":"publish","type":"post","link":"https:\/\/senoticias.com.br\/se\/morre-a-filha-de-cleonancio-fonseca-apos-o-carro-que-ela-conduzia-capotar-e-bater-com-dois-veiculos-na-ba\/","title":{"rendered":"Morre a filha de Cleon\u00e2ncio Fonseca ap\u00f3s o carro que ela conduzia capotar na Bahia"},"content":{"rendered":"<p style=\"text-align: justify;\">Carmem Fonseca, 56 anos, filha do ex-deputado federal Cleon\u00e2ncio Fonseca morreu na tarde deste s\u00e1bado (20), na rodovia BA-099, entre Guarajuba e Arembepe, localidades que pertencem \u00e0 cidade de Cama\u00e7ari, na regi\u00e3o metropolitana de Salvador, ap\u00f3s o ve\u00edculo onde ela estava capotar e bater com outros dois carros.<\/p>\n<div id=\"attachment_110050\" style=\"width: 532px\" class=\"wp-caption aligncenter\"><a href=\"http:\/\/senoticias.com.br\/se\/wp-content\/uploads\/2018\/01\/acidente.jpg\"><img loading=\"lazy\" decoding=\"async\" aria-describedby=\"caption-attachment-110050\" class=\"size-full wp-image-110050\" src=\"http:\/\/senoticias.com.br\/se\/wp-content\/uploads\/2018\/01\/acidente.jpg\" alt=\"Acidente aconteceu entre Guarajuba e Arembepe, localidades que pertencem \u00e0 cidade de Cama\u00e7ari, na regi\u00e3o metropolitana de Salvador.\" width=\"522\" height=\"522\" srcset=\"https:\/\/senoticias.com.br\/se\/wp-content\/uploads\/2018\/01\/acidente.jpg 522w, https:\/\/senoticias.com.br\/se\/wp-content\/uploads\/2018\/01\/acidente-150x150.jpg 150w, https:\/\/senoticias.com.br\/se\/wp-content\/uploads\/2018\/01\/acidente-300x300.jpg 300w\" sizes=\"(max-width: 522px) 100vw, 522px\" \/><\/a><p id=\"caption-attachment-110050\" class=\"wp-caption-text\">Acidente com Carmem Fonseca aconteceu entre Guarajuba e Arembepe, na regi\u00e3o metropolitana de Salvador (foto: arquivo pessoal)<\/p><\/div>\n<p style=\"text-align: justify;\">De acordo com a Pol\u00edcia Rodovi\u00e1ria Estadual (PRE), o ve\u00edculo conduzido pela v\u00edtima capotou e atravessou a pista, antes de bater com os dois carros, por volta das 13h30. Carmem, morreu no local.<\/p>\n<div id=\"attachment_110052\" style=\"width: 609px\" class=\"wp-caption aligncenter\"><a href=\"http:\/\/senoticias.com.br\/se\/wp-content\/uploads\/2018\/01\/acidente-02.jpg\"><img loading=\"lazy\" decoding=\"async\" aria-describedby=\"caption-attachment-110052\" class=\"size-full wp-image-110052\" src=\"http:\/\/senoticias.com.br\/se\/wp-content\/uploads\/2018\/01\/acidente-02-e1516492742482.jpg\" alt=\"Acidente ocorreu na tarde deste s\u00e1bado, na BA-099 (Foto: Daniele Coni\/Arquivo pessoal)\" width=\"599\" height=\"419\" \/><\/a><p id=\"caption-attachment-110052\" class=\"wp-caption-text\">Acidente ocorreu na tarde deste s\u00e1bado, na BA-099 (Foto: Daniele Coni\/Arquivo pessoal)<\/p><\/div>\n<p style=\"text-align: justify;\">Os ocupantes dos outros ve\u00edculos foram socorridos e encaminhados para o Hospital Geral de Cama\u00e7ari (HGC). N\u00e3o h\u00e1 informa\u00e7\u00f5es sobre o estado de sa\u00fade deles. A PRE ainda n\u00e3o tem detalhes sobre as circunst\u00e2ncias do acidente.<\/p>\n<p style=\"text-align: justify;\"><a href=\"http:\/\/senoticias.com.br\/se\/wp-content\/uploads\/2018\/01\/Logomarca-fone-SE-4-1.jpg\"><img loading=\"lazy\" decoding=\"async\" class=\"aligncenter size-full wp-image-109978\" src=\"http:\/\/senoticias.com.br\/se\/wp-content\/uploads\/2018\/01\/Logomarca-fone-SE-4-1.jpg\" alt=\"Logomarca-fone-SE-4\" width=\"599\" height=\"78\" srcset=\"https:\/\/senoticias.com.br\/se\/wp-content\/uploads\/2018\/01\/Logomarca-fone-SE-4-1.jpg 599w, https:\/\/senoticias.com.br\/se\/wp-content\/uploads\/2018\/01\/Logomarca-fone-SE-4-1-300x39.jpg 300w\" sizes=\"(max-width: 599px) 100vw, 599px\" \/><\/a><\/p>\n<p style=\"text-align: justify;\"><em><strong>Acompanhe tamb\u00e9m o SE Not\u00edcias no\u00a0<a href=\"https:\/\/twitter.com\/Senoticias\" target=\"_blank\">Twitter<\/a>,\u00a0<a href=\"https:\/\/www.facebook.com\/senoticias1\" target=\"_blank\">Facebook<\/a>\u00a0e no\u00a0<a href=\"https:\/\/www.instagram.com\/senoticias\/\" target=\"_blank\">Instagram<\/a>\u00a0<\/strong><\/em><\/p>\n<p style=\"text-align: justify;\"><em>Com informa\u00e7\u00f5es do G1 Ba<\/em><\/p>\n","protected":false},"excerpt":{"rendered":"<p>Carmem Fonseca, 56 anos, filha do ex-deputado federal Cleon\u00e2ncio Fonseca morreu na tarde deste s\u00e1bado (20), na rodovia BA-099, entre Guarajuba e Arembepe, localidades que pertencem \u00e0 cidade de Cama\u00e7ari, na regi\u00e3o metropolitana de Salvador, ap\u00f3s o ve\u00edculo onde ela estava capotar e bater com outros dois carros. De acordo com a Pol\u00edcia Rodovi\u00e1ria Estadual [&hellip;]<\/p>\n","protected":false},"author":2,"featured_media":110050,"comment_status":"closed","ping_status":"closed","sticky":false,"template":"","format":"standard","meta":{"footnotes":""},"categories":[7],"tags":[8250,8247,8248,8249],"class_list":{"0":"post-110047","1":"post","2":"type-post","3":"status-publish","4":"format-standard","5":"has-post-thumbnail","7":"category-policia","8":"tag-acidente-lina-verde","9":"tag-carmem-fonseca","10":"tag-filha-de-cleonancio-fonseca","11":"tag-morre-carmem-fonseca"},"_links":{"self":[{"href":"https:\/\/senoticias.com.br\/se\/wp-json\/wp\/v2\/posts\/110047"}],"collection":[{"href":"https:\/\/senoticias.com.br\/se\/wp-json\/wp\/v2\/posts"}],"about":[{"href":"https:\/\/senoticias.com.br\/se\/wp-json\/wp\/v2\/types\/post"}],"author":[{"embeddable":true,"href":"https:\/\/senoticias.com.br\/se\/wp-json\/wp\/v2\/users\/2"}],"replies":[{"embeddable":true,"href":"https:\/\/senoticias.com.br\/se\/wp-json\/wp\/v2\/comments?post=110047"}],"version-history":[{"count":0,"href":"https:\/\/senoticias.com.br\/se\/wp-json\/wp\/v2\/posts\/110047\/revisions"}],"wp:featuredmedia":[{"embeddable":true,"href":"https:\/\/senoticias.com.br\/se\/wp-json\/wp\/v2\/media\/110050"}],"wp:attachment":[{"href":"https:\/\/senoticias.com.br\/se\/wp-json\/wp\/v2\/media?parent=110047"}],"wp:term":[{"taxonomy":"category","embeddable":true,"href":"https:\/\/senoticias.com.br\/se\/wp-json\/wp\/v2\/categories?post=110047"},{"taxonomy":"post_tag","embeddable":true,"href":"https:\/\/senoticias.com.br\/se\/wp-json\/wp\/v2\/tags?post=110047"}],"curies":[{"name":"wp","href":"https:\/\/api.w.org\/{rel}","templated":true}]}}