{"id":110045,"date":"2018-01-20T20:04:39","date_gmt":"2018-01-20T23:04:39","guid":{"rendered":"http:\/\/senoticias.com.br\/se\/?p=110045"},"modified":"2018-01-23T07:51:18","modified_gmt":"2018-01-23T10:51:18","slug":"policia-militar-inicia-monitoramento-com-cameras-no-parque-dos-falcoes","status":"publish","type":"post","link":"https:\/\/senoticias.com.br\/se\/policia-militar-inicia-monitoramento-com-cameras-no-parque-dos-falcoes\/","title":{"rendered":"Pol\u00edcia Militar inicia monitoramento com c\u00e2meras no Parque dos Falc\u00f5es"},"content":{"rendered":"<p style=\"text-align: justify;\">O p\u00fablico que frequenta o Parque dos Falc\u00f5es, situado no Povoado Rio das Pedras, zona rural do munic\u00edpio de Itabaiana, passa a contar com mais uma ferramenta de seguran\u00e7a. Desde meados desta semana, a Pol\u00edcia Militar do Estado de Sergipe, por meio do 3\u00ba Batalh\u00e3o de Pol\u00edcia Militar (3\u00ba BPM), monitora em tempo real imagens geradas por c\u00e2meras distribu\u00eddas na localidade tur\u00edstica.<\/p>\n<div id=\"attachment_110046\" style=\"width: 609px\" class=\"wp-caption aligncenter\"><a href=\"http:\/\/senoticias.com.br\/se\/wp-content\/uploads\/2018\/01\/Parque-dos-falcoes-SE-NOTICIAS-e1516489340889.jpg\"><img loading=\"lazy\" decoding=\"async\" aria-describedby=\"caption-attachment-110046\" class=\"size-full wp-image-110046\" src=\"http:\/\/senoticias.com.br\/se\/wp-content\/uploads\/2018\/01\/Parque-dos-falcoes-SE-NOTICIAS-e1516489340889.jpg\" alt=\"PM inicia monitoramento com c\u00e2meras no Parque dos Falc\u00f5es\" width=\"599\" height=\"399\" \/><\/a><p id=\"caption-attachment-110046\" class=\"wp-caption-text\">PM inicia monitoramento com c\u00e2meras no Parque dos Falc\u00f5es (foto: Pol\u00edcia Militar)<\/p><\/div>\n<p style=\"text-align: justify;\">A partir da instala\u00e7\u00e3o de 18 c\u00e2meras, cedidas por um empres\u00e1rio da cidade de Itabaiana, o dia a dia do Parque passou a ser acompanhado durante 24 horas pelos PMs lotados no Centro de Opera\u00e7\u00f5es Policiais Militares do 3\u00ba BPM (Copom\/3\u00ba BPM), em Itabaiana, que, a qualquer movimenta\u00e7\u00e3o suspeita na \u00e1rea, est\u00e3o a postos para o acionamento da viatura mais pr\u00f3xima.<\/p>\n<p style=\"text-align: justify;\">\u201cEm raz\u00e3o de epis\u00f3dios ocorridos no Parque dos Falc\u00f5es n\u00f3s intensificamos o policiamento na regi\u00e3o. A ferramenta de monitoramento tr\u00e1s um acr\u00e9scimo na possibilidade de policiamento, porque, a partir de agora, n\u00f3s podemos monitorar o parque diuturnamente, em tempo real. Ent\u00e3o, a qualquer anormalidade na regi\u00e3o, ao ser detectada no monitoramento, \u00e9 acionada a viatura mais pr\u00f3xima, que se desloca para checar\u201d, frisou o major Sidney, comandante do 3\u00ba BPM.<\/p>\n<p><strong>Parque dos Falc\u00f5es<\/strong><\/p>\n<p style=\"text-align: justify;\">J\u00e1 conhecido por muitos turistas, estudantes, bi\u00f3logos, e pesquisadores brasileiros e estrangeiros, o Instituto \u00e9 um dos poucos locais do pa\u00eds com autoriza\u00e7\u00e3o do Ibama para a cria\u00e7\u00e3o de aves em cativeiro. Com o objetivo de proteger as esp\u00e9cies de aves de rapina que habitam o c\u00e9u brasileiro, o Parque dos Falc\u00f5es tornou-se uma refer\u00eancia mundial no manejo, reprodu\u00e7\u00e3o e reabilita\u00e7\u00e3o desses animais, acumulando um grande conhecimento sobre o seu comportamento.<\/p>\n<p style=\"text-align: justify;\"><a href=\"http:\/\/senoticias.com.br\/se\/wp-content\/uploads\/2018\/01\/Logomarca-fone-SE-4-1.jpg\"><img loading=\"lazy\" decoding=\"async\" class=\"aligncenter size-full wp-image-109978\" src=\"http:\/\/senoticias.com.br\/se\/wp-content\/uploads\/2018\/01\/Logomarca-fone-SE-4-1.jpg\" alt=\"Logomarca-fone-SE-4\" width=\"599\" height=\"78\" srcset=\"https:\/\/senoticias.com.br\/se\/wp-content\/uploads\/2018\/01\/Logomarca-fone-SE-4-1.jpg 599w, https:\/\/senoticias.com.br\/se\/wp-content\/uploads\/2018\/01\/Logomarca-fone-SE-4-1-300x39.jpg 300w\" sizes=\"(max-width: 599px) 100vw, 599px\" \/><\/a><\/p>\n<p style=\"text-align: justify;\"><em><strong>Acompanhe tamb\u00e9m o SE Not\u00edcias no\u00a0<a href=\"https:\/\/twitter.com\/Senoticias\" target=\"_blank\">Twitter<\/a>,\u00a0<a href=\"https:\/\/www.facebook.com\/senoticias1\" target=\"_blank\">Facebook<\/a>\u00a0e no\u00a0<a href=\"https:\/\/www.instagram.com\/senoticias\/\" target=\"_blank\">Instagram<\/a>\u00a0<\/strong><\/em><\/p>\n<p style=\"text-align: justify;\"><em>Com informa\u00e7\u00f5es do site do Parque dos Falc\u00f5es<\/em><\/p>\n","protected":false},"excerpt":{"rendered":"<p>O p\u00fablico que frequenta o Parque dos Falc\u00f5es, situado no Povoado Rio das Pedras, zona rural do munic\u00edpio de Itabaiana, passa a contar com mais uma ferramenta de seguran\u00e7a. Desde meados desta semana, a Pol\u00edcia Militar do Estado de Sergipe, por meio do 3\u00ba Batalh\u00e3o de Pol\u00edcia Militar (3\u00ba BPM), monitora em tempo real imagens [&hellip;]<\/p>\n","protected":false},"author":2,"featured_media":110046,"comment_status":"closed","ping_status":"closed","sticky":false,"template":"","format":"standard","meta":{"footnotes":""},"categories":[15,7],"tags":[473,8246,236,5711,7027,8245],"class_list":{"0":"post-110045","1":"post","2":"type-post","3":"status-publish","4":"format-standard","5":"has-post-thumbnail","7":"category-destaques","8":"category-policia","9":"tag-areia-branca","10":"tag-cameras","11":"tag-itabaiana","12":"tag-monitoramento","13":"tag-parque-dos-falcoes","14":"tag-povoado-rio-das-pedras"},"_links":{"self":[{"href":"https:\/\/senoticias.com.br\/se\/wp-json\/wp\/v2\/posts\/110045"}],"collection":[{"href":"https:\/\/senoticias.com.br\/se\/wp-json\/wp\/v2\/posts"}],"about":[{"href":"https:\/\/senoticias.com.br\/se\/wp-json\/wp\/v2\/types\/post"}],"author":[{"embeddable":true,"href":"https:\/\/senoticias.com.br\/se\/wp-json\/wp\/v2\/users\/2"}],"replies":[{"embeddable":true,"href":"https:\/\/senoticias.com.br\/se\/wp-json\/wp\/v2\/comments?post=110045"}],"version-history":[{"count":0,"href":"https:\/\/senoticias.com.br\/se\/wp-json\/wp\/v2\/posts\/110045\/revisions"}],"wp:featuredmedia":[{"embeddable":true,"href":"https:\/\/senoticias.com.br\/se\/wp-json\/wp\/v2\/media\/110046"}],"wp:attachment":[{"href":"https:\/\/senoticias.com.br\/se\/wp-json\/wp\/v2\/media?parent=110045"}],"wp:term":[{"taxonomy":"category","embeddable":true,"href":"https:\/\/senoticias.com.br\/se\/wp-json\/wp\/v2\/categories?post=110045"},{"taxonomy":"post_tag","embeddable":true,"href":"https:\/\/senoticias.com.br\/se\/wp-json\/wp\/v2\/tags?post=110045"}],"curies":[{"name":"wp","href":"https:\/\/api.w.org\/{rel}","templated":true}]}}