{"id":110043,"date":"2018-01-20T13:46:01","date_gmt":"2018-01-20T16:46:01","guid":{"rendered":"http:\/\/senoticias.com.br\/se\/?p=110043"},"modified":"2018-01-23T07:52:52","modified_gmt":"2018-01-23T10:52:52","slug":"ex-presidiario-e-executado-e-mulher-fica-ferida-na-hermes-fontes-em-aracaju","status":"publish","type":"post","link":"https:\/\/senoticias.com.br\/se\/ex-presidiario-e-executado-e-mulher-fica-ferida-na-hermes-fontes-em-aracaju\/","title":{"rendered":"Ex-presidi\u00e1rio \u00e9 executado e mulher fica ferida na Hermes Fontes, em Aracaju"},"content":{"rendered":"<p style=\"text-align: justify;\">A 1a Divis\u00e3o do Departamento de Homic\u00eddios e Prote\u00e7\u00e3o \u00e0 Pessoa (DHPP) iniciou as investiga\u00e7\u00f5es para apurar o homic\u00eddio que vitimou Nivaldo Rocha Cruz Filho, 30 anos. Ele foi baleado na avenida Hermes Fontes por volta de 0h30 deste s\u00e1bado (20), n\u00e3o resistiu e faleceu.<\/p>\n<div id=\"attachment_110044\" style=\"width: 609px\" class=\"wp-caption aligncenter\"><a href=\"http:\/\/senoticias.com.br\/se\/wp-content\/uploads\/2018\/01\/Morto-SE-noticias-e1516466611163.jpeg\"><img loading=\"lazy\" decoding=\"async\" aria-describedby=\"caption-attachment-110044\" class=\"size-full wp-image-110044\" src=\"http:\/\/senoticias.com.br\/se\/wp-content\/uploads\/2018\/01\/Morto-SE-noticias-e1516466611163.jpeg\" alt=\"Segundo a pol\u00edcia, Nivaldo Rocha Cruz Filho, era investigado em inqu\u00e9ritos do Departamento de Narc\u00f3ticos da Pol\u00edcia Civi (foto: arquivo\/SSP\/SE)\" width=\"599\" height=\"398\" \/><\/a><p id=\"caption-attachment-110044\" class=\"wp-caption-text\">Segundo a pol\u00edcia, Nivaldo Rocha Cruz Filho, era investigado em inqu\u00e9ritos do Departamento de Narc\u00f3ticos da Pol\u00edcia Civi (foto: arquivo\/SSP\/SE)<\/p><\/div>\n<p style=\"text-align: justify;\">V\u00e1rias equipes da PM fizeram os primeiros atendimentos no local do crime. Uma mulher estava com Nivaldo no carro, foi atingida por disparos, mas foi atendida e encaminhada para o Hospital de Urg\u00eancias.<\/p>\n<p style=\"text-align: justify;\">Nivaldo j\u00e1 era investigado em inqu\u00e9ritos do Departamento de Narc\u00f3ticos da Pol\u00edcia Civil. Ex-presidi\u00e1rio, j\u00e1 havia sido preso em 2013 em uma abordagem do Grupamento T\u00e1tico de Motos (Getam), quando os militares apreenderam meio quilo de coca\u00edna e R$ 1.679,00 em dinheiro, nas proximidades da avenida Beira Mar.<\/p>\n<p style=\"text-align: justify;\">Em outro processo, de 2009, foi preso em flagrante pela PM por tr\u00e1fico de drogas e porte ilegal de arma de fogo. H\u00e1 tr\u00eas meses, homens armados tentaram matar Nivaldo, que foi atingido por tr\u00eas disparos nas costas.<\/p>\n<p style=\"text-align: justify;\">Todos os procedimentos de local do crime foram feitos pelo DHPP e o boletim de ocorr\u00eancia foi registrado, ainda na madrugada deste s\u00e1bado (20), na Delegacia Plantonista Sul. Um inqu\u00e9rito policial ser\u00e1 instaurado pela 1a Divis\u00e3o do DHPP para investigar a morte de Nivaldo.<\/p>\n<p style=\"text-align: justify;\"><a href=\"http:\/\/senoticias.com.br\/se\/wp-content\/uploads\/2018\/01\/Logomarca-fone-SE-4-1.jpg\"><img loading=\"lazy\" decoding=\"async\" class=\"aligncenter size-full wp-image-109978\" src=\"http:\/\/senoticias.com.br\/se\/wp-content\/uploads\/2018\/01\/Logomarca-fone-SE-4-1.jpg\" alt=\"Logomarca-fone-SE-4\" width=\"599\" height=\"78\" srcset=\"https:\/\/senoticias.com.br\/se\/wp-content\/uploads\/2018\/01\/Logomarca-fone-SE-4-1.jpg 599w, https:\/\/senoticias.com.br\/se\/wp-content\/uploads\/2018\/01\/Logomarca-fone-SE-4-1-300x39.jpg 300w\" sizes=\"(max-width: 599px) 100vw, 599px\" \/><\/a><\/p>\n<p style=\"text-align: justify;\"><em><strong>Acompanhe tamb\u00e9m o SE Not\u00edcias no\u00a0<a href=\"https:\/\/twitter.com\/Senoticias\" target=\"_blank\">Twitter<\/a>,\u00a0<a href=\"https:\/\/www.facebook.com\/senoticias1\" target=\"_blank\">Facebook<\/a>\u00a0e no\u00a0<a href=\"https:\/\/www.instagram.com\/senoticias\/\" target=\"_blank\">Instagram<\/a>\u00a0<\/strong><\/em><\/p>\n<p style=\"text-align: justify;\"><em>Informa\u00e7\u00f5es da SSP\/SE<\/em><\/p>\n","protected":false},"excerpt":{"rendered":"<p>A 1a Divis\u00e3o do Departamento de Homic\u00eddios e Prote\u00e7\u00e3o \u00e0 Pessoa (DHPP) iniciou as investiga\u00e7\u00f5es para apurar o homic\u00eddio que vitimou Nivaldo Rocha Cruz Filho, 30 anos. Ele foi baleado na avenida Hermes Fontes por volta de 0h30 deste s\u00e1bado (20), n\u00e3o resistiu e faleceu. V\u00e1rias equipes da PM fizeram os primeiros atendimentos no local [&hellip;]<\/p>\n","protected":false},"author":2,"featured_media":110044,"comment_status":"closed","ping_status":"closed","sticky":false,"template":"","format":"standard","meta":{"footnotes":""},"categories":[15,7],"tags":[339,8243,4922,8244,857],"class_list":{"0":"post-110043","1":"post","2":"type-post","3":"status-publish","4":"format-standard","5":"has-post-thumbnail","7":"category-destaques","8":"category-policia","9":"tag-aracaju","10":"tag-ex-presidiario","11":"tag-executado","12":"tag-hermes-fontes","13":"tag-violencia"},"_links":{"self":[{"href":"https:\/\/senoticias.com.br\/se\/wp-json\/wp\/v2\/posts\/110043"}],"collection":[{"href":"https:\/\/senoticias.com.br\/se\/wp-json\/wp\/v2\/posts"}],"about":[{"href":"https:\/\/senoticias.com.br\/se\/wp-json\/wp\/v2\/types\/post"}],"author":[{"embeddable":true,"href":"https:\/\/senoticias.com.br\/se\/wp-json\/wp\/v2\/users\/2"}],"replies":[{"embeddable":true,"href":"https:\/\/senoticias.com.br\/se\/wp-json\/wp\/v2\/comments?post=110043"}],"version-history":[{"count":0,"href":"https:\/\/senoticias.com.br\/se\/wp-json\/wp\/v2\/posts\/110043\/revisions"}],"wp:featuredmedia":[{"embeddable":true,"href":"https:\/\/senoticias.com.br\/se\/wp-json\/wp\/v2\/media\/110044"}],"wp:attachment":[{"href":"https:\/\/senoticias.com.br\/se\/wp-json\/wp\/v2\/media?parent=110043"}],"wp:term":[{"taxonomy":"category","embeddable":true,"href":"https:\/\/senoticias.com.br\/se\/wp-json\/wp\/v2\/categories?post=110043"},{"taxonomy":"post_tag","embeddable":true,"href":"https:\/\/senoticias.com.br\/se\/wp-json\/wp\/v2\/tags?post=110043"}],"curies":[{"name":"wp","href":"https:\/\/api.w.org\/{rel}","templated":true}]}}