{"id":110038,"date":"2018-01-20T11:36:38","date_gmt":"2018-01-20T14:36:38","guid":{"rendered":"http:\/\/senoticias.com.br\/se\/?p=110038"},"modified":"2018-01-20T11:36:38","modified_gmt":"2018-01-20T14:36:38","slug":"febre-amarela-governo-de-minas-decreta-situacao-de-emergencia-em-94-cidades","status":"publish","type":"post","link":"https:\/\/senoticias.com.br\/se\/febre-amarela-governo-de-minas-decreta-situacao-de-emergencia-em-94-cidades\/","title":{"rendered":"Febre amarela: governo de Minas decreta situa\u00e7\u00e3o de emerg\u00eancia em 94 cidades"},"content":{"rendered":"<p style=\"text-align: justify;\"><span style=\"color: #000000;\">O governo de Minas Gerais decretou hoje (20) situa\u00e7\u00e3o de emerg\u00eancia de sa\u00fade p\u00fablica em tr\u00eas regionais do estado por seis meses por causa da febre amarela. A medida abrange as unidades regionais de sa\u00fade dos munic\u00edpios de Belo Horizonte, Itabira e Ponte Nova \u2013 94 cidades no total.<\/span><\/p>\n<p style=\"text-align: justify;\"><span style=\"color: #000000;\">O decreto assinado pelo governador Fernando Pimentel autoriza a ado\u00e7\u00e3o de medidas administrativas necess\u00e1rias \u00e0 conten\u00e7\u00e3o do surto, em especial a aquisi\u00e7\u00e3o p\u00fablica de insumos e materiais. Al\u00e9m disso, a medida assegura a contrata\u00e7\u00e3o de servi\u00e7os necess\u00e1rios ao atendimento da situa\u00e7\u00e3o emergencial.<\/span><\/p>\n<p style=\"text-align: justify;\"><a href=\"http:\/\/senoticias.com.br\/se\/saiba-quem-pode-receber-a-vacina-da-febre-amarela-e-quais-sao-os-sintomas-da-doenca\/\"><span style=\"color: #000000;\"><strong>Saiba quem pode receber a dose da vacina e quais s\u00e3o os sintomas da doen\u00e7a.<\/strong><\/span><\/a><\/p>\n<p style=\"text-align: justify;\"><strong><span style=\"color: #000000;\">Casos<\/span><\/strong><\/p>\n<p style=\"text-align: justify;\"><span style=\"color: #000000;\">Com o segundo per\u00edodo de monitoramento epidemiol\u00f3gico dos casos de febre amarela em Minas Gerais, de julho do ano passado at\u00e9 o in\u00edcio deste ano, foram confirmados no estado 22 casos da doen\u00e7a. Segundo a Secretaria de Estado da Sa\u00fade, destes, 15 evolu\u00edram para \u00f3bito. Nesse per\u00edodo, foram descartados 40 casos suspeitos, e h\u00e1 46 casos em investiga\u00e7\u00e3o em 24 munic\u00edpios.<\/span><\/p>\n<p style=\"text-align: justify;\"><span style=\"color: #000000;\">Atualmente, a cobertura vacinal acumulada de febre amarela no estado de Minas Gerais est\u00e1 em torno de 82%. De acordo com informe epidemiol\u00f3gico divulgado na quarta-feira (17), estima-se que haja no estado pouco mais de 3 milh\u00f5es de pessoas que ainda n\u00e3o foram vacinadas, especialmente na faixa et\u00e1ria de 15 a 59 anos, que tamb\u00e9m foi a mais acometida pela epidemia de febre amarela silvestre ocorrida em 2017.<\/span><\/p>\n<p style=\"text-align: justify;\">\n<p style=\"text-align: justify;\"><a href=\"http:\/\/senoticias.com.br\/se\/wp-content\/uploads\/2018\/01\/Logomarca-fone-SE-4-1.jpg\"><img loading=\"lazy\" decoding=\"async\" class=\"aligncenter size-full wp-image-109978\" src=\"http:\/\/senoticias.com.br\/se\/wp-content\/uploads\/2018\/01\/Logomarca-fone-SE-4-1.jpg\" alt=\"Logomarca-fone-SE-4\" width=\"599\" height=\"78\" srcset=\"https:\/\/senoticias.com.br\/se\/wp-content\/uploads\/2018\/01\/Logomarca-fone-SE-4-1.jpg 599w, https:\/\/senoticias.com.br\/se\/wp-content\/uploads\/2018\/01\/Logomarca-fone-SE-4-1-300x39.jpg 300w\" sizes=\"(max-width: 599px) 100vw, 599px\" \/><\/a><\/p>\n<p style=\"text-align: justify;\">\n<p style=\"text-align: justify;\">Da Ag\u00eancia Brasil<\/p>\n","protected":false},"excerpt":{"rendered":"<p>O governo de Minas Gerais decretou hoje (20) situa\u00e7\u00e3o de emerg\u00eancia de sa\u00fade p\u00fablica em tr\u00eas regionais do estado por seis meses por causa da febre amarela. A medida abrange as unidades regionais de sa\u00fade dos munic\u00edpios de Belo Horizonte, Itabira e Ponte Nova \u2013 94 cidades no total. O decreto assinado pelo governador Fernando [&hellip;]<\/p>\n","protected":false},"author":2,"featured_media":110039,"comment_status":"closed","ping_status":"closed","sticky":false,"template":"","format":"standard","meta":{"footnotes":""},"categories":[2961],"tags":[370,8103,8240,1304,554],"class_list":{"0":"post-110038","1":"post","2":"type-post","3":"status-publish","4":"format-standard","5":"has-post-thumbnail","7":"category-nacional","8":"tag-brasil","9":"tag-febre-amarela","10":"tag-minas","11":"tag-saude","12":"tag-vacina"},"_links":{"self":[{"href":"https:\/\/senoticias.com.br\/se\/wp-json\/wp\/v2\/posts\/110038"}],"collection":[{"href":"https:\/\/senoticias.com.br\/se\/wp-json\/wp\/v2\/posts"}],"about":[{"href":"https:\/\/senoticias.com.br\/se\/wp-json\/wp\/v2\/types\/post"}],"author":[{"embeddable":true,"href":"https:\/\/senoticias.com.br\/se\/wp-json\/wp\/v2\/users\/2"}],"replies":[{"embeddable":true,"href":"https:\/\/senoticias.com.br\/se\/wp-json\/wp\/v2\/comments?post=110038"}],"version-history":[{"count":0,"href":"https:\/\/senoticias.com.br\/se\/wp-json\/wp\/v2\/posts\/110038\/revisions"}],"wp:featuredmedia":[{"embeddable":true,"href":"https:\/\/senoticias.com.br\/se\/wp-json\/wp\/v2\/media\/110039"}],"wp:attachment":[{"href":"https:\/\/senoticias.com.br\/se\/wp-json\/wp\/v2\/media?parent=110038"}],"wp:term":[{"taxonomy":"category","embeddable":true,"href":"https:\/\/senoticias.com.br\/se\/wp-json\/wp\/v2\/categories?post=110038"},{"taxonomy":"post_tag","embeddable":true,"href":"https:\/\/senoticias.com.br\/se\/wp-json\/wp\/v2\/tags?post=110038"}],"curies":[{"name":"wp","href":"https:\/\/api.w.org\/{rel}","templated":true}]}}