{"id":109974,"date":"2018-01-18T15:16:54","date_gmt":"2018-01-18T18:16:54","guid":{"rendered":"http:\/\/senoticias.com.br\/se\/?p=109974"},"modified":"2018-01-18T17:38:56","modified_gmt":"2018-01-18T20:38:56","slug":"mec-antecipa-data-do-sisu-inscricoes-comecam-dia-23","status":"publish","type":"post","link":"https:\/\/senoticias.com.br\/se\/mec-antecipa-data-do-sisu-inscricoes-comecam-dia-23\/","title":{"rendered":"MEC antecipa data do Sisu; inscri\u00e7\u00f5es come\u00e7am dia 23"},"content":{"rendered":"<p style=\"text-align: justify;\"><span style=\"color: #000000;\">A abertura das inscri\u00e7\u00f5es no Sistema de Sele\u00e7\u00e3o Unificada (Sisu) foi antecipada para 23 de janeiro, conforme anunciou nesta quinta-feira (18) o ministro da Educa\u00e7\u00e3o, Mendon\u00e7a Filho. Segundo ele, estudantes que fizeram o Exame Nacional do Ensino M\u00e9dio (Enem) 2017 e que queiram tentar uma vaga em institui\u00e7\u00f5es p\u00fablicas de ensino superior t\u00eam entre 23 e 26 de janeiro para se inscrever.<\/span><\/p>\n<p style=\"text-align: justify;\"><span style=\"color: #000000;\">O an\u00fancio foi feito durante entrevista coletiva para divulgar os resultados do Enem 2017, liberados pouco antes das 12h de desta quinta. O prazo inicial para registrar a nota da prova e se candidatar a uma institui\u00e7\u00e3o p\u00fablica de ensino superior era de 29 de janeiro a 1\u00ba de fevereiro. De acordo com o ministro da Educa\u00e7\u00e3o, o motivo da antecipa\u00e7\u00e3o seria apenas \u201csaciar a ansiedade\u201d dos candidatos.<\/span><\/p>\n<p style=\"text-align: justify;\"><span style=\"color: #000000;\">O cronograma das demais sele\u00e7\u00f5es da pasta, como o Programa Universidade para Todos (ProUni) e o Programa de Financiamento Estudantil (Fies), segundo ele, permanece inalterado.<\/span><\/p>\n<p style=\"text-align: justify;\"><a href=\"http:\/\/senoticias.com.br\/se\/wp-content\/uploads\/2018\/01\/Logomarca-fone-SE-4.jpg\"><img loading=\"lazy\" decoding=\"async\" class=\"aligncenter size-full wp-image-109767\" src=\"http:\/\/senoticias.com.br\/se\/wp-content\/uploads\/2018\/01\/Logomarca-fone-SE-4.jpg\" alt=\"Logomarca-fone-SE-4\" width=\"599\" height=\"78\" srcset=\"https:\/\/senoticias.com.br\/se\/wp-content\/uploads\/2018\/01\/Logomarca-fone-SE-4.jpg 599w, https:\/\/senoticias.com.br\/se\/wp-content\/uploads\/2018\/01\/Logomarca-fone-SE-4-300x39.jpg 300w\" sizes=\"(max-width: 599px) 100vw, 599px\" \/><\/a><\/p>\n<p style=\"text-align: justify;\"><em><strong>Acompanhe tamb\u00e9m o SE Not\u00edcias no\u00a0<a href=\"https:\/\/twitter.com\/Senoticias\" target=\"_blank\">Twitter<\/a>,\u00a0<a href=\"https:\/\/www.facebook.com\/senoticias1\" target=\"_blank\">Facebook<\/a>\u00a0e no\u00a0<a href=\"https:\/\/www.instagram.com\/senoticias\/\" target=\"_blank\">Instagram<\/a>\u00a0<\/strong><\/em><\/p>\n<p style=\"text-align: justify;\">Por Ag\u00eancia Brasil<\/p>\n","protected":false},"excerpt":{"rendered":"<p>A abertura das inscri\u00e7\u00f5es no Sistema de Sele\u00e7\u00e3o Unificada (Sisu) foi antecipada para 23 de janeiro, conforme anunciou nesta quinta-feira (18) o ministro da Educa\u00e7\u00e3o, Mendon\u00e7a Filho. Segundo ele, estudantes que fizeram o Exame Nacional do Ensino M\u00e9dio (Enem) 2017 e que queiram tentar uma vaga em institui\u00e7\u00f5es p\u00fablicas de ensino superior t\u00eam entre 23 [&hellip;]<\/p>\n","protected":false},"author":2,"featured_media":103776,"comment_status":"closed","ping_status":"closed","sticky":false,"template":"","format":"standard","meta":{"footnotes":""},"categories":[2961],"tags":[8199,1306,764,6135,884,896,843,7472,883],"class_list":{"0":"post-109974","1":"post","2":"type-post","3":"status-publish","4":"format-standard","5":"has-post-thumbnail","7":"category-nacional","8":"tag-antecipado","9":"tag-educacao","10":"tag-enem","11":"tag-inep","12":"tag-inscricoes","13":"tag-mec","14":"tag-prouni","15":"tag-resultado","16":"tag-sisu"},"_links":{"self":[{"href":"https:\/\/senoticias.com.br\/se\/wp-json\/wp\/v2\/posts\/109974"}],"collection":[{"href":"https:\/\/senoticias.com.br\/se\/wp-json\/wp\/v2\/posts"}],"about":[{"href":"https:\/\/senoticias.com.br\/se\/wp-json\/wp\/v2\/types\/post"}],"author":[{"embeddable":true,"href":"https:\/\/senoticias.com.br\/se\/wp-json\/wp\/v2\/users\/2"}],"replies":[{"embeddable":true,"href":"https:\/\/senoticias.com.br\/se\/wp-json\/wp\/v2\/comments?post=109974"}],"version-history":[{"count":0,"href":"https:\/\/senoticias.com.br\/se\/wp-json\/wp\/v2\/posts\/109974\/revisions"}],"wp:featuredmedia":[{"embeddable":true,"href":"https:\/\/senoticias.com.br\/se\/wp-json\/wp\/v2\/media\/103776"}],"wp:attachment":[{"href":"https:\/\/senoticias.com.br\/se\/wp-json\/wp\/v2\/media?parent=109974"}],"wp:term":[{"taxonomy":"category","embeddable":true,"href":"https:\/\/senoticias.com.br\/se\/wp-json\/wp\/v2\/categories?post=109974"},{"taxonomy":"post_tag","embeddable":true,"href":"https:\/\/senoticias.com.br\/se\/wp-json\/wp\/v2\/tags?post=109974"}],"curies":[{"name":"wp","href":"https:\/\/api.w.org\/{rel}","templated":true}]}}