{"id":109917,"date":"2018-01-17T14:53:36","date_gmt":"2018-01-17T17:53:36","guid":{"rendered":"http:\/\/senoticias.com.br\/se\/?p=109917"},"modified":"2018-01-17T14:53:36","modified_gmt":"2018-01-17T17:53:36","slug":"resultado-do-enem-2017-deve-ser-divulgado-as-11h-desta-quinta-feira","status":"publish","type":"post","link":"https:\/\/senoticias.com.br\/se\/resultado-do-enem-2017-deve-ser-divulgado-as-11h-desta-quinta-feira\/","title":{"rendered":"Resultado do Enem 2017 deve ser divulgado \u00e0s 11h desta quinta-feira"},"content":{"rendered":"<p style=\"text-align: justify;\"><span style=\"color: #000000;\">O resultado do Exame Nacional do Ensino M\u00e9dio (Enem) 2017 deve ser divulgado amanh\u00e3 (18), \u00e0s 11h, de acordo com o Instituto Nacional de Estudos e Pesquisas Educacionais An\u00edsio Teixeira (Inep), no mesmo hor\u00e1rio da entrevista coletiva com o ministro da Educa\u00e7\u00e3o. O resultado individual estar\u00e1 dispon\u00edvel na internet, na <a href=\"https:\/\/enem.inep.gov.br\/participante\/#!\/inicial\">P\u00e1gina do Participante<\/a>.<\/span><\/p>\n<p style=\"text-align: justify;\"><span style=\"color: #000000;\">Inicialmente, a divulga\u00e7\u00e3o estava prevista para o dia 19, mas, no in\u00edcio da semana, o Minist\u00e9rio da Educa\u00e7\u00e3o anunciou a antecipa\u00e7\u00e3o da data.<\/span><\/p>\n<div id=\"attachment_104268\" style=\"width: 609px\" class=\"wp-caption aligncenter\"><a href=\"http:\/\/senoticias.com.br\/se\/wp-content\/uploads\/2017\/06\/enem-SENOTICIAS-e1498243350320.jpg\"><img loading=\"lazy\" decoding=\"async\" aria-describedby=\"caption-attachment-104268\" class=\"size-full wp-image-104268\" src=\"http:\/\/senoticias.com.br\/se\/wp-content\/uploads\/2017\/06\/enem-SENOTICIAS-e1498243350320.jpg\" alt=\"Foto: Veja\" width=\"599\" height=\"400\" \/><\/a><p id=\"caption-attachment-104268\" class=\"wp-caption-text\">O resultado ser\u00e1 divulgado na p\u00e1gina do participante. Foto: Veja<\/p><\/div>\n<p style=\"text-align: justify;\"><span style=\"color: #000000;\">Para acessar o resultado, ser\u00e1 necess\u00e1rio informar o CPF e a senha cadastrada no momento da inscri\u00e7\u00e3o no Enem. Quem n\u00e3o se lembra da senha pode recuper\u00e1-la na P\u00e1gina do Participante. \u00c9 com ela que o estudante tamb\u00e9m ter\u00e1 acesso ao Sistema de Sele\u00e7\u00e3o Unificada (Sisu), que ficar\u00e1 aberto de 29 de janeiro a 1\u00ba de fevereiro.<\/span><\/p>\n<p style=\"text-align: justify;\"><span style=\"color: #000000;\">Os resultados dos participantes com menos de 18 anos, chamados de treineiros, ser\u00e3o liberados 60 dias depois da divulga\u00e7\u00e3o regular. O mesmo prazo vale para os espelhos de corre\u00e7\u00e3o das reda\u00e7\u00f5es.<\/span><\/p>\n<p style=\"text-align: justify;\"><span style=\"color: #000000;\">A edi\u00e7\u00e3o de 2017 do Enem tem novidades. As provas foram aplicadas em dois domingos consecutivos, com a reda\u00e7\u00e3o no primeiro dia.<\/span><\/p>\n<p style=\"text-align: justify;\"><span style=\"color: #000000;\">No dia 5 de novembro, os candidatos fizeram as provas de linguagem, c\u00f3digos e suas tecnologias, ci\u00eancias humanas e suas tecnologias, al\u00e9m da reda\u00e7\u00e3o. Em 12 de novembro, foram aplicadas as provas de ci\u00eancias da natureza e suas tecnologias e matem\u00e1tica e suas tecnologias.<\/span><\/p>\n<p style=\"text-align: justify;\"><span style=\"color: #000000;\">Os estudantes podem usar o resultado das provas do Enem em processos seletivos para vagas no ensino p\u00fablico superior, pelo Sisu, para bolsas de estudo em institui\u00e7\u00f5es privadas, pelo Programa Universidade para Todos (ProUni) e para obter financiamento pelo Fundo de Financiamento Estudantil (Fies).<\/span><\/p>\n<p style=\"text-align: justify;\">\n<p style=\"text-align: justify;\"><a href=\"http:\/\/senoticias.com.br\/se\/wp-content\/uploads\/2018\/01\/Logomarca-fone-SE-4.jpg\"><img loading=\"lazy\" decoding=\"async\" class=\"aligncenter size-full wp-image-109767\" src=\"http:\/\/senoticias.com.br\/se\/wp-content\/uploads\/2018\/01\/Logomarca-fone-SE-4.jpg\" alt=\"Logomarca-fone-SE-4\" width=\"599\" height=\"78\" srcset=\"https:\/\/senoticias.com.br\/se\/wp-content\/uploads\/2018\/01\/Logomarca-fone-SE-4.jpg 599w, https:\/\/senoticias.com.br\/se\/wp-content\/uploads\/2018\/01\/Logomarca-fone-SE-4-300x39.jpg 300w\" sizes=\"(max-width: 599px) 100vw, 599px\" \/><\/a><\/p>\n<p style=\"text-align: justify;\"><em><strong>Acompanhe tamb\u00e9m o SE Not\u00edcias no\u00a0<a href=\"https:\/\/twitter.com\/Senoticias\" target=\"_blank\">Twitter<\/a>,\u00a0<a href=\"https:\/\/www.facebook.com\/senoticias1\" target=\"_blank\">Facebook<\/a>\u00a0e no\u00a0<a href=\"https:\/\/www.instagram.com\/senoticias\/\" target=\"_blank\">Instagram<\/a>\u00a0<\/strong><\/em><\/p>\n<p style=\"text-align: justify;\">Por Ag\u00eancia Brasil<\/p>\n","protected":false},"excerpt":{"rendered":"<p>O resultado do Exame Nacional do Ensino M\u00e9dio (Enem) 2017 deve ser divulgado amanh\u00e3 (18), \u00e0s 11h, de acordo com o Instituto Nacional de Estudos e Pesquisas Educacionais An\u00edsio Teixeira (Inep), no mesmo hor\u00e1rio da entrevista coletiva com o ministro da Educa\u00e7\u00e3o. O resultado individual estar\u00e1 dispon\u00edvel na internet, na P\u00e1gina do Participante. Inicialmente, a [&hellip;]<\/p>\n","protected":false},"author":2,"featured_media":0,"comment_status":"closed","ping_status":"closed","sticky":false,"template":"","format":"standard","meta":{"footnotes":""},"categories":[15,8],"tags":[370,764,4050,6135,4641,7472,883,3773],"class_list":{"0":"post-109917","1":"post","2":"type-post","3":"status-publish","4":"format-standard","6":"category-destaques","7":"category-esporte-e-cultura","8":"tag-brasil","9":"tag-enem","10":"tag-estudantes","11":"tag-inep","12":"tag-quinta","13":"tag-resultado","14":"tag-sisu","15":"tag-universidade"},"_links":{"self":[{"href":"https:\/\/senoticias.com.br\/se\/wp-json\/wp\/v2\/posts\/109917"}],"collection":[{"href":"https:\/\/senoticias.com.br\/se\/wp-json\/wp\/v2\/posts"}],"about":[{"href":"https:\/\/senoticias.com.br\/se\/wp-json\/wp\/v2\/types\/post"}],"author":[{"embeddable":true,"href":"https:\/\/senoticias.com.br\/se\/wp-json\/wp\/v2\/users\/2"}],"replies":[{"embeddable":true,"href":"https:\/\/senoticias.com.br\/se\/wp-json\/wp\/v2\/comments?post=109917"}],"version-history":[{"count":0,"href":"https:\/\/senoticias.com.br\/se\/wp-json\/wp\/v2\/posts\/109917\/revisions"}],"wp:attachment":[{"href":"https:\/\/senoticias.com.br\/se\/wp-json\/wp\/v2\/media?parent=109917"}],"wp:term":[{"taxonomy":"category","embeddable":true,"href":"https:\/\/senoticias.com.br\/se\/wp-json\/wp\/v2\/categories?post=109917"},{"taxonomy":"post_tag","embeddable":true,"href":"https:\/\/senoticias.com.br\/se\/wp-json\/wp\/v2\/tags?post=109917"}],"curies":[{"name":"wp","href":"https:\/\/api.w.org\/{rel}","templated":true}]}}