{"id":109896,"date":"2018-01-24T14:00:32","date_gmt":"2018-01-24T17:00:32","guid":{"rendered":"http:\/\/senoticias.com.br\/se\/?p=109896"},"modified":"2018-02-26T22:48:05","modified_gmt":"2018-02-27T01:48:05","slug":"acompanhe-a-agenda-de-bloquinhos-de-rua-de-aracaju","status":"publish","type":"post","link":"https:\/\/senoticias.com.br\/se\/acompanhe-a-agenda-de-bloquinhos-de-rua-de-aracaju\/","title":{"rendered":"AGENDA: bloquinhos de rua de Aracaju"},"content":{"rendered":"<p style=\"text-align: justify;\"><span style=\"color: #000000;\">Desde o carnaval de 2017, os bloquinhos de rua t\u00eam se tornado mais comuns e frequentes em Aracaju. Esse ano, a Superintend\u00eancia Municipal de Transportes e Tr\u00e2nsito de Aracaju (SMTT) j\u00e1 recebeu mais de 70 pedidos de autoriza\u00e7\u00e3o para realiza\u00e7\u00e3o de blocos de rua.\u00a0Para\u00a0voc\u00ea gosta da folia e pretende participar de todos os blocos, o Portal SE Not\u00edcias est\u00e1 construindo uma agenda com os eventos j\u00e1 confirmados para voc\u00ea se organizar.\u00a0<\/span><\/p>\n<div id=\"attachment_109902\" style=\"width: 609px\" class=\"wp-caption aligncenter\"><a href=\"http:\/\/senoticias.com.br\/se\/wp-content\/uploads\/2018\/01\/grande-bloco_odonto_arquivoinfonet_200116-e1516148047181.jpg\"><img loading=\"lazy\" decoding=\"async\" aria-describedby=\"caption-attachment-109902\" class=\"size-full wp-image-109902\" src=\"http:\/\/senoticias.com.br\/se\/wp-content\/uploads\/2018\/01\/grande-bloco_odonto_arquivoinfonet_200116-e1516148047181.jpg\" alt=\"Foto: Infonet\" width=\"599\" height=\"398\" \/><\/a><p id=\"caption-attachment-109902\" class=\"wp-caption-text\">Foto: Infonet<\/p><\/div>\n<p style=\"text-align: justify;\"><span style=\"color: #000000;\"><strong>26 de janeiro <\/strong><\/span><\/p>\n<p style=\"text-align: justify;\"><span style=\"color: #000000;\"><strong>1\u00b0 grito de carnaval do Muquifo<\/strong><\/span><\/p>\n<p style=\"text-align: justify;\"><span style=\"color: #000000;\">Atra\u00e7\u00f5es: Indomada do Frevo e Ax\u00e9 Duo<\/span><\/p>\n<p style=\"text-align: justify;\"><span style=\"color: #000000;\">Hor\u00e1rio: a partir das 19h<\/span><\/p>\n<p style=\"text-align: justify;\"><span style=\"color: #000000;\"><strong>27 de janeiro <\/strong><\/span><\/p>\n<p style=\"text-align: justify;\"><span style=\"color: #000000;\"><strong>Bloquinho Mam\u00e3e, chego j\u00e1<\/strong><\/span><\/p>\n<p style=\"text-align: justify;\"><span style=\"color: #000000;\">Atra\u00e7\u00f5es: banda Quinto Round e Banda de Frevo<\/span><\/p>\n<p style=\"text-align: justify;\"><span style=\"color: #000000;\">Hor\u00e1rio: a partir das 14h<\/span><\/p>\n<p style=\"text-align: justify;\"><span style=\"color: #000000;\"><strong>&#8211; ETC e tal<\/strong><\/span><\/p>\n<p style=\"text-align: justify;\"><span style=\"color: #000000;\">Atra\u00e7\u00f5es: Banda Toda Boa<\/span><\/p>\n<p style=\"text-align: justify;\"><span style=\"color: #000000;\">Local: Conjunto Sol Nascente<\/span><\/p>\n<p style=\"text-align: justify;\"><span style=\"color: #000000;\">Hor\u00e1rio: a partir das 14 horas<\/span><\/p>\n<p style=\"text-align: justify;\"><span style=\"color: #000000;\">Valor: gratuito<\/span><\/p>\n<p style=\"text-align: justify;\"><span style=\"color: #000000;\"><strong>&#8211; PARI &#8211; Bloquinho Econ\u00f4mico<\/strong><\/span><\/p>\n<p style=\"text-align: justify;\"><span style=\"color: #000000;\">Atra\u00e7\u00f5es: DJ<\/span><\/p>\n<p style=\"text-align: justify;\"><span style=\"color: #000000;\">Local: Boteco do Mussum<\/span><\/p>\n<p style=\"text-align: justify;\"><span style=\"color: #000000;\">Hor\u00e1rio: 21h<\/span><\/p>\n<p style=\"text-align: justify;\"><span style=\"color: #000000;\"><strong>&#8211; Feijoada do Rasgadinho<\/strong><\/span><\/p>\n<p style=\"text-align: justify;\"><span style=\"color: #000000;\">Atra\u00e7\u00f5es: Margareth Menezes, Melanina Carioca, Ax\u00e9 90 Graus, Cajurioca e Samba do Arnesto<\/span><\/p>\n<p style=\"text-align: justify;\"><span style=\"color: #000000;\">Local: Emes<\/span><\/p>\n<p style=\"text-align: justify;\"><span style=\"color: #000000;\">Hor\u00e1rio: 12h<\/span><\/p>\n<p style=\"text-align: justify;\"><span style=\"color: #000000;\"><strong>28 de janeiro <\/strong><\/span><\/p>\n<p style=\"text-align: justify;\"><span style=\"color: #000000;\"><strong>&#8211;\u00a0ICaju &#8211; Por amor ao Iate<\/strong><\/span><\/p>\n<p style=\"text-align: justify;\"><span style=\"color: #000000;\">Atra\u00e7\u00f5es: Karla Isabella e Banda \u00e1gua de Cheiro no Trio Ospal<\/span><\/p>\n<p style=\"text-align: justify;\"><span style=\"color: #000000;\">Local: no Iate Club <\/span><\/p>\n<p style=\"text-align: justify;\"><span style=\"color: #000000;\">Hor\u00e1rio: a partir das 13 horas<\/span><\/p>\n<p style=\"text-align: justify;\"><span style=\"color: #000000;\">Ingressos pelo telefone 3211-9623<\/span><\/p>\n<p style=\"text-align: justify;\"><span style=\"color: #000000;\"><strong>2 de fevereiro\u00a0<\/strong><\/span><\/p>\n<p style=\"text-align: justify;\"><span style=\"color: #000000;\"><strong>&#8211; Carro Quebrado<\/strong><\/span><\/p>\n<p style=\"text-align: justify;\"><span style=\"color: #000000;\">Atra\u00e7\u00f5es:\u00a0Os Indom\u00e1veis do Frevo,\u00a0Orquestra Topazio e Orquestra Los Guaranis\u00a0<\/span><\/p>\n<p style=\"text-align: justify;\"><span style=\"color: #000000;\">Local:\u00a0desde o Largo do Carro Quebrado at\u00e9 a avenida Hermes Fontes.<\/span><\/p>\n<p style=\"text-align: justify;\"><span style=\"color: #000000;\">Hor\u00e1rio: a partir das 19 horas\u00a0<\/span><\/p>\n<p style=\"text-align: justify;\"><span style=\"color: #000000;\">Valor: gratuito<\/span><\/p>\n<p style=\"text-align: justify;\"><span style=\"color: #000000;\"><strong>Bloquinho do Inferninho<\/strong><\/span><\/p>\n<p style=\"text-align: justify;\"><span style=\"color: #000000;\">Atra\u00e7\u00f5es: Bandinha de Frevo e Pseudo Banda<\/span><\/p>\n<p style=\"text-align: justify;\"><span style=\"color: #000000;\">Local: Rosa Elze &#8211; S\u00e3o Crist\u00f3v\u00e3o<\/span><\/p>\n<p style=\"text-align: justify;\"><span style=\"color: #000000;\">Hor\u00e1rio: 19h<\/span><\/p>\n<p style=\"text-align: justify;\"><span style=\"color: #000000;\"><strong>3 de fevereiro<\/strong> <\/span><\/p>\n<p style=\"text-align: justify;\"><span style=\"color: #000000;\"><strong>&#8211; Job da Madrugada<\/strong><\/span><\/p>\n<p style=\"text-align: justify;\"><span style=\"color: #000000;\">Hor\u00e1rio: concentra\u00e7\u00e3o \u00e0s 16h e sa\u00edda do bloco \u00e0s 18h<\/span><\/p>\n<p style=\"text-align: justify;\"><span style=\"color: #000000;\"> Open bar de cerveja, \u00e1gua e refrigerante<\/span><\/p>\n<p style=\"text-align: justify;\"><span style=\"color: #000000;\"> Ingressos <a style=\"color: #000000;\" href=\"https:\/\/www.sympla.com.br\/job-da-madrugada-2018__231733\">aqui<\/a><\/span><\/p>\n<p style=\"text-align: justify;\"><span style=\"color: #000000;\"><strong>&#8211; Galo do Augusto Franco<\/strong><\/span><\/p>\n<p style=\"text-align: justify;\"><span style=\"color: #000000;\">Atra\u00e7\u00f5es:\u00a0desfile do Galo, Art Mania e Patusco<\/span><\/p>\n<p style=\"text-align: justify;\"><span style=\"color: #000000;\">Local: Augusto Franco<\/span><\/p>\n<p style=\"text-align: justify;\"><span style=\"color: #000000;\">Hor\u00e1rio: a partir das 16 horas<\/span><\/p>\n<p style=\"text-align: justify;\"><span style=\"color: #000000;\"><strong>&#8211;\u00a0S\u00f3 Se Fico, Se Voc\u00ea N\u00e3o S\u00f3 Se For<\/strong><\/span><\/p>\n<p style=\"text-align: justify;\"><span style=\"color: #000000;\">Atra\u00e7\u00f5es: folia sem trios ou m\u00fasica mec\u00e2nica<\/span><\/p>\n<p style=\"text-align: justify;\"><span style=\"color: #000000;\">Local: no endere\u00e7o do Instituto H\u00e9lvio D\u00f3ria Maciel Silva \u2013 IHDMS, no bairro 13 de julho<\/span><\/p>\n<p style=\"text-align: justify;\"><span style=\"color: #000000;\">Hor\u00e1rio: a partir das 16 horas<\/span><\/p>\n<p style=\"text-align: justify;\"><span style=\"color: #000000;\">Valor: gratuito<\/span><\/p>\n<p style=\"text-align: justify;\"><span style=\"color: #000000;\">Percurso:\u00a0at\u00e9 o Clube Cotinguiba, saindo da Rua Celso Oliva, 141, Joaquim Gois, Campo do Brito e Augusto Maynard.<\/span><\/p>\n<p style=\"text-align: justify;\"><span style=\"color: #000000;\"><strong>&#8211; Carro Quebrado<\/strong><\/span><\/p>\n<p style=\"text-align: justify;\"><span style=\"color: #000000;\">Atra\u00e7\u00f5es:\u00a0Os Indom\u00e1veis do Frevo,\u00a0Orquestra Gera\u00e7\u00e3o do Frevo e Medeiros e Orquestra<\/span><\/p>\n<p style=\"text-align: justify;\"><span style=\"color: #000000;\">Local:\u00a0desde o Largo do Carro Quebrado at\u00e9 a avenida Hermes Fontes.<\/span><\/p>\n<p style=\"text-align: justify;\"><span style=\"color: #000000;\">Hor\u00e1rio: a partir das 19 horas\u00a0<\/span><\/p>\n<p style=\"text-align: justify;\"><span style=\"color: #000000;\">Valor: gratuito<\/span><\/p>\n<p style=\"text-align: justify;\"><span style=\"color: #000000;\"><strong>&#8211; Blokinho do In\u00e1cio\u00a0<\/strong><\/span><\/p>\n<p style=\"text-align: justify;\"><span style=\"color: #000000;\">Atra\u00e7\u00f5es: Kinho Farreiro + mini trio<\/span><\/p>\n<p style=\"text-align: justify;\"><span style=\"color: #000000;\">Local: ruas do bairro In\u00e1cio Barbosa<\/span><\/p>\n<p style=\"text-align: justify;\"><span style=\"color: #000000;\">Hor\u00e1rio: a partir das 15 horas\u00a0<\/span><\/p>\n<p style=\"text-align: justify;\"><span style=\"color: #000000;\">Valor: gratuito<\/span><\/p>\n<p style=\"text-align: justify;\"><span style=\"color: #000000;\"><strong>&#8211; Meu Bloco na Rua<\/strong><\/span><\/p>\n<p style=\"text-align: justify;\"><span style=\"color: #000000;\">Atra\u00e7\u00f5es: Banda de Frevo, Karla Isabella e Dj Cafu<\/span><\/p>\n<p style=\"text-align: justify;\"><span style=\"color: #000000;\">Local: Rua Francisco Duarte Ramos, 22<\/span><\/p>\n<p style=\"text-align: justify;\"><span style=\"color: #000000;\">Hor\u00e1rio: 16h\u00a0<\/span><\/p>\n<p style=\"text-align: justify;\"><span style=\"color: #000000;\"><strong>4 de fevereiro<\/strong><\/span><\/p>\n<p style=\"text-align: justify;\"><span style=\"color: #000000;\"><strong>Bloco do Samba do Arnesto<\/strong><\/span><\/p>\n<p style=\"text-align: justify;\"><span style=\"color: #000000;\">Local: Cinel\u00e2ndia<\/span><\/p>\n<p style=\"text-align: justify;\"><span style=\"color: #000000;\">Hor\u00e1rio: ainda n\u00e3o divulgado<\/span><\/p>\n<p style=\"text-align: justify;\"><span style=\"color: #000000;\">Valor: gratuito<\/span><\/p>\n<p style=\"text-align: justify;\"><span style=\"color: #000000;\"><strong>&#8211; Bloquinho deu t\u00e1 dado\u00a0<\/strong><\/span><\/p>\n<p style=\"text-align: justify;\"><span style=\"color: #000000;\">Atra\u00e7\u00f5es: ainda n\u00e3o foi divulgado<\/span><\/p>\n<p style=\"text-align: justify;\"><span style=\"color: #000000;\">Local: 705<\/span><\/p>\n<p style=\"text-align: justify;\"><span style=\"color: #000000;\">Hor\u00e1rio: 16h<\/span><\/p>\n<p style=\"text-align: justify;\"><span style=\"color: #000000;\"><strong>10 de fevereiro<\/strong><\/span><\/p>\n<p style=\"text-align: justify;\"><span style=\"color: #000000;\"><strong>&#8211; Bloco das Cajuranas<\/strong><\/span><\/p>\n<p style=\"text-align: justify;\"><span style=\"color: #000000;\">Atra\u00e7\u00f5es: Cover do Bell Marques <\/span><\/p>\n<p style=\"text-align: justify;\"><span style=\"color: #000000;\">Local: Rua Est\u00e2ncia, pr\u00f3ximo ao Col\u00e9gio Amadeus<\/span><\/p>\n<p style=\"text-align: justify;\"><span style=\"color: #000000;\">Hor\u00e1rio: concentra\u00e7\u00e3o \u00e0s 14h <\/span><\/p>\n<p style=\"text-align: justify;\"><span style=\"color: #000000;\">Ingressos \u00e0 venda na rua Arau\u00e1, 281. Mais informa\u00e7\u00f5es no telefone 9.9987-5922 (Didi das Cajuranas)<\/span><\/p>\n<p style=\"text-align: justify;\"><strong><span style=\"color: #000000;\">&#8211; Bloquinho do Samba do Arnesto<\/span><\/strong><\/p>\n<p style=\"text-align: justify;\"><span style=\"color: #000000;\">Local: Cinel\u00e2ndia<\/span><\/p>\n<p style=\"text-align: justify;\"><span style=\"color: #000000;\">(informa\u00e7\u00f5es ainda n\u00e3o foram divulgadas)<\/span><\/p>\n<p style=\"text-align: justify;\"><strong><span style=\"color: #000000;\">&#8211; Pr\u00e9-Carnaval e Feijoada Cabe\u00e7aju<\/span><\/strong><\/p>\n<p style=\"text-align: justify;\"><span style=\"color: #000000;\">Atra\u00e7\u00f5es: Ronise Ramos, Raffael Oliveira e convidados<\/span><\/p>\n<p style=\"text-align: justify;\"><span style=\"color: #000000;\">Local: Clube do Banese<\/span><\/p>\n<p style=\"text-align: justify;\"><span style=\"color: #000000;\">Hor\u00e1rio: 12h<\/span><\/p>\n<p style=\"text-align: justify;\"><strong><span style=\"color: #000000;\">&#8211; Porto Folia<\/span><\/strong><\/p>\n<p style=\"text-align: justify;\"><span style=\"color: #000000;\">Atra\u00e7\u00f5es Ronise Ramos e Ax\u00e9 Vinil\u00a0<\/span><\/p>\n<p style=\"text-align: justify;\"><span style=\"color: #000000;\">Local: Porto Madero<\/span><\/p>\n<p style=\"text-align: justify;\"><span style=\"color: #000000;\">Hor\u00e1rio: 16h<\/span><\/p>\n<p style=\"text-align: justify;\"><span style=\"text-decoration: underline;\"><a href=\"http:\/\/senoticias.com.br\/se\/confira-a-agenda-de-bloquinhos-do-municipio-de-nossa-senhora-do-socorro\/\">Confira a agenda de bloquinhos de rua em Socorro<\/a><\/span><\/p>\n<p style=\"text-align: justify;\"><span style=\"color: #000000;\"><strong><a style=\"color: #000000;\" href=\"http:\/\/senoticias.com.br\/se\/veja-as-exigencias-para-organizar-um-bloquinho-de-rua-em-aracaju\/\">Saiba as exig\u00eancias para organizar um bloco de rua em Aracaju<\/a>.<\/strong><\/span><\/p>\n<p style=\"text-align: justify;\"><a href=\"http:\/\/senoticias.com.br\/se\/wp-content\/uploads\/2018\/01\/Logomarca-fone-SE-4.jpg\"><img loading=\"lazy\" decoding=\"async\" class=\"aligncenter size-full wp-image-109767\" src=\"http:\/\/senoticias.com.br\/se\/wp-content\/uploads\/2018\/01\/Logomarca-fone-SE-4.jpg\" alt=\"Logomarca-fone-SE-4\" width=\"599\" height=\"78\" srcset=\"https:\/\/senoticias.com.br\/se\/wp-content\/uploads\/2018\/01\/Logomarca-fone-SE-4.jpg 599w, https:\/\/senoticias.com.br\/se\/wp-content\/uploads\/2018\/01\/Logomarca-fone-SE-4-300x39.jpg 300w\" sizes=\"(max-width: 599px) 100vw, 599px\" \/><\/a><\/p>\n<p style=\"text-align: justify;\">Da Reda\u00e7\u00e3o do SE Not\u00edcias<\/p>\n<p>&nbsp;<\/p>\n","protected":false},"excerpt":{"rendered":"<p>Desde o carnaval de 2017, os bloquinhos de rua t\u00eam se tornado mais comuns e frequentes em Aracaju. Esse ano, a Superintend\u00eancia Municipal de Transportes e Tr\u00e2nsito de Aracaju (SMTT) j\u00e1 recebeu mais de 70 pedidos de autoriza\u00e7\u00e3o para realiza\u00e7\u00e3o de blocos de rua.\u00a0Para\u00a0voc\u00ea gosta da folia e pretende participar de todos os blocos, o [&hellip;]<\/p>\n","protected":false},"author":6554,"featured_media":0,"comment_status":"closed","ping_status":"closed","sticky":false,"template":"","format":"standard","meta":{"footnotes":""},"categories":[21],"tags":[5266,339,8163,58,7215,4003],"class_list":{"0":"post-109896","1":"post","2":"type-post","3":"status-publish","4":"format-standard","6":"category-entretenimento","7":"tag-agenda","8":"tag-aracaju","9":"tag-blocos-de-carnaval","10":"tag-carnaval","11":"tag-fevereiro","12":"tag-janeiro"},"_links":{"self":[{"href":"https:\/\/senoticias.com.br\/se\/wp-json\/wp\/v2\/posts\/109896"}],"collection":[{"href":"https:\/\/senoticias.com.br\/se\/wp-json\/wp\/v2\/posts"}],"about":[{"href":"https:\/\/senoticias.com.br\/se\/wp-json\/wp\/v2\/types\/post"}],"author":[{"embeddable":true,"href":"https:\/\/senoticias.com.br\/se\/wp-json\/wp\/v2\/users\/6554"}],"replies":[{"embeddable":true,"href":"https:\/\/senoticias.com.br\/se\/wp-json\/wp\/v2\/comments?post=109896"}],"version-history":[{"count":0,"href":"https:\/\/senoticias.com.br\/se\/wp-json\/wp\/v2\/posts\/109896\/revisions"}],"wp:attachment":[{"href":"https:\/\/senoticias.com.br\/se\/wp-json\/wp\/v2\/media?parent=109896"}],"wp:term":[{"taxonomy":"category","embeddable":true,"href":"https:\/\/senoticias.com.br\/se\/wp-json\/wp\/v2\/categories?post=109896"},{"taxonomy":"post_tag","embeddable":true,"href":"https:\/\/senoticias.com.br\/se\/wp-json\/wp\/v2\/tags?post=109896"}],"curies":[{"name":"wp","href":"https:\/\/api.w.org\/{rel}","templated":true}]}}