{"id":109842,"date":"2018-01-15T15:45:33","date_gmt":"2018-01-15T18:45:33","guid":{"rendered":"http:\/\/senoticias.com.br\/se\/?p=109842"},"modified":"2018-01-15T17:48:09","modified_gmt":"2018-01-15T20:48:09","slug":"sergipe-nao-possui-registros-de-febre-amarela","status":"publish","type":"post","link":"https:\/\/senoticias.com.br\/se\/sergipe-nao-possui-registros-de-febre-amarela\/","title":{"rendered":"Sergipe n\u00e3o possui registros de febre amarela"},"content":{"rendered":"<p style=\"text-align: justify;\"><span style=\"color: #000000;\">Diante dos registros relacionados \u00e0 febre amarela no Rio de Janeiro, o Governo de Sergipe, atrav\u00e9s da Secretaria de Estado da Sa\u00fade (SES), destaca a inexist\u00eancia de casos no territ\u00f3rio sergipano. Segundo a gerente do N\u00facleo de Endemias da SES, Sidney S\u00e1, n\u00e3o h\u00e1 ocorr\u00eancias que apontam para a morte de primatas em decorr\u00eancia dessa doen\u00e7a infecciosa, sendo que o \u00faltimo fato investigado ocorreu no \u00faltimo dia 23 de outubro, no munic\u00edpio de S\u00e3o Crist\u00f3v\u00e3o, onde v\u00e1rios animais da esp\u00e9cie Callithrix, conhecido como sagui ou mico, apareceram doentes ou mortos num condom\u00ednio localizado no Conjunto Rosa Elze.<\/span><\/p>\n<p style=\"text-align: justify;\"><span style=\"color: #000000;\">\u201cProfissionais da Secretaria Municipal de Sa\u00fade de S\u00e3o Crist\u00f3v\u00e3o enviaram para a Vigil\u00e2ncia Epidemiol\u00f3gica Estadual um animal morto, a fim de que fossem dinamizadas as an\u00e1lises. Desse animal, apenas uma amostra p\u00f4de ser retirada. Com o aux\u00edlio de equipes da Emdagro [Empresa de Desenvolvimento Agropecu\u00e1rio de Sergipe] um animal vivo foi capturado e deste procederam seis amostras provenientes de v\u00e1rias partes do corpo do animal, a fim de que os estudos necess\u00e1rios fossem realizados\u201d, explicou a gerente do N\u00facleo de Endemias da SES.<\/span><\/p>\n<div id=\"attachment_109843\" style=\"width: 309px\" class=\"wp-caption alignleft\"><a href=\"http:\/\/senoticias.com.br\/se\/wp-content\/uploads\/2018\/01\/febre-amarela-SENOTICIAS-e1516041982335.jpg\"><img loading=\"lazy\" decoding=\"async\" aria-describedby=\"caption-attachment-109843\" class=\"size-full wp-image-109843\" src=\"http:\/\/senoticias.com.br\/se\/wp-content\/uploads\/2018\/01\/febre-amarela-SENOTICIAS-e1516041982335.jpg\" alt=\"Imagem: Internet\" width=\"299\" height=\"198\" \/><\/a><p id=\"caption-attachment-109843\" class=\"wp-caption-text\">Imagem: Internet<\/p><\/div>\n<p style=\"text-align: justify;\"><span style=\"color: #000000;\"><strong>Resultados negativos<\/strong><\/span><\/p>\n<p style=\"text-align: justify;\"><span style=\"color: #000000;\">As amostras foram enviadas ao Laborat\u00f3rio Central de Sa\u00fade do Estado de Sergipe (Lacen) e encaminhadas para outro laborat\u00f3rio de refer\u00eancia, que trouxe resultados negativos. Na ocasi\u00e3o do fato, informa\u00e7\u00f5es da Diretoria de Vigil\u00e2ncia em Sa\u00fade de S\u00e3o Crist\u00f3v\u00e3o apontavam para a suspeita de envenenamento desses animais. Esse mesmo \u00f3rg\u00e3o realizou a coleta do material que foi levado ao Lacen.<\/span><\/p>\n<p style=\"text-align: justify;\"><span style=\"color: #000000;\">A fim de potencializar a\u00e7\u00f5es preventivas em Sergipe, em 2017, a SES promoveu um curso voltado para profissionais das vigil\u00e2ncias epidemiol\u00f3gicas dos munic\u00edpios, sendo eles m\u00e9dicos veterin\u00e1rios e at\u00e9 mesmo t\u00e9cnicos da Emdagro, e de outros \u00f3rg\u00e3os. Tamb\u00e9m no ano passado outro curso foi oferecido pela SES, em parceria com a Universidade Federal de Sergipe (UFS), desta vez exclusivamente voltado para m\u00e9dicos veterin\u00e1rios, abrangendo munic\u00edpios sergipanos que possuem esse profissional em seu quadro m\u00e9dico. O objetivo foi instrumentaliz\u00e1-los para a realiza\u00e7\u00e3o de aut\u00f3psias do animal morto, para consequente envio ao Lacen.<\/span><\/p>\n<p style=\"text-align: justify;\"><span style=\"color: #000000;\"><strong>Vacinas e outras orienta\u00e7\u00f5es<\/strong><\/span><\/p>\n<p style=\"text-align: justify;\"><span style=\"color: #000000;\">Como o Estado de Sergipe n\u00e3o possui registro da doen\u00e7a infecciosa, as vacinas contra a febre amarela s\u00f3 s\u00e3o disponibilizadas em unidades da Rede de Aten\u00e7\u00e3o B\u00e1sica para cidad\u00e3os que est\u00e3o se dirigindo \u00e0s regi\u00f5es end\u00eamicas, ou seja, \u00e1reas de risco em raz\u00e3o da presen\u00e7a de vetores e reservat\u00f3rios animais que permitem a manuten\u00e7\u00e3o do ciclo silvestre. Cidad\u00e3os que est\u00e3o se deslocando para \u00e1reas que apresentam casos confirmados de febre amarela tamb\u00e9m podem receber a vacina.<\/span><\/p>\n<p style=\"text-align: justify;\"><span style=\"color: #000000;\">Sidney frisa ainda que n\u00e3o \u00e9 o macaco que transmite a febre amarela, por isso n\u00e3o h\u00e1 necessidade de exterm\u00ednio das esp\u00e9cies. A transmiss\u00e3o urbana da doen\u00e7a infecciosa pode, eventualmente, ocorrer em qualquer pa\u00eds onde esteja presente o A\u00ebdes aegypti, da\u00ed a necessidade de cuidados a serem mantidos pelos profissionais atuantes nos \u00f3rg\u00e3os de controle, bem como da pr\u00f3pria popula\u00e7\u00e3o, que det\u00e9m grande responsabilidade sobre a elimina\u00e7\u00e3o dos poss\u00edveis focos do mosquito, especialmente no ver\u00e3o.<\/span><\/p>\n<p style=\"text-align: justify;\"><span style=\"color: #000000;\">\u201cAs chuvas tempor\u00e1rias s\u00e3o comuns no ver\u00e3o, fato que tende a intensificar o surgimento de criadouros potenciais, a partir do maior quantitativo de \u00e1gua parada em locais como lavanderias, ton\u00e9is e vasos de plantas. Em dias mais quentes, o mosquito consegue chegar \u00e0 fase adulta mais rapidamente, cujo processo dura, em m\u00e9dia, sete dias, o que tende a aumentar os \u00edndices de prolifera\u00e7\u00e3o\u201d, explicou.<\/span><\/p>\n<p style=\"text-align: justify;\"><span style=\"color: #000000;\"><strong>Sintomas<\/strong><\/span><\/p>\n<p style=\"text-align: justify;\"><span style=\"color: #000000;\">Geralmente, quem contrai o v\u00edrus da febre amarela n\u00e3o chega a apresentar sintomas ou os mesmos s\u00e3o muito fracos. As primeiras manifesta\u00e7\u00f5es da doen\u00e7a s\u00e3o repentinas, a exemplo de febre alta, calafrios, cansa\u00e7o, dor de cabe\u00e7a, dor muscular, n\u00e1useas e v\u00f4mitos por cerca de tr\u00eas dias. A forma mais grave da doen\u00e7a \u00e9 rara e costuma aparecer ap\u00f3s um breve per\u00edodo de bem-estar (at\u00e9 dois dias), quando podem ocorrer insufici\u00eancias hep\u00e1tica e renal, icter\u00edcia (olhos e pele amarelados), manifesta\u00e7\u00f5es hemorr\u00e1gicas e cansa\u00e7o intenso. A maioria dos infectados se recupera bem e adquire imuniza\u00e7\u00e3o permanente contra a febre amarela.<\/span><\/p>\n<p style=\"text-align: justify;\"><span style=\"color: #000000;\"><strong>Servi\u00e7os dispon\u00edveis<\/strong><\/span><\/p>\n<p style=\"text-align: justify;\"><span style=\"color: #000000;\">Ao identificar um animal morto, o primeiro passo a ser dado \u00e9 acionar a Secretaria Municipal de Sa\u00fade da localidade em quest\u00e3o. Caso a situa\u00e7\u00e3o n\u00e3o seja resolvida, a pr\u00f3xima medida \u00e9 contactar a SES, que mant\u00e9m seus profissionais em observa\u00e7\u00e3o para quaisquer casos suspeitos. Nesse caso, o fato deve ser informado ao Centro de Informa\u00e7\u00e3o Estrat\u00e9gica em Vigil\u00e2ncia em Sa\u00fade no Estado de Sergipe (CIEVS-SE), atrav\u00e9s do telefone 0800-282-282-2 ou do e-mail notifica@saude.se.gov.br. Se preferir, o cidad\u00e3o pode entrar em contato diretamente com o N\u00facleo de Endemias da SES, atrav\u00e9s do (79) 3226 8323.<\/span><\/p>\n<p style=\"text-align: justify;\"><a href=\"http:\/\/senoticias.com.br\/se\/wp-content\/uploads\/2018\/01\/Logomarca-fone-SE-4.jpg\"><img loading=\"lazy\" decoding=\"async\" class=\"aligncenter size-full wp-image-109767\" src=\"http:\/\/senoticias.com.br\/se\/wp-content\/uploads\/2018\/01\/Logomarca-fone-SE-4.jpg\" alt=\"Logomarca-fone-SE-4\" width=\"599\" height=\"78\" srcset=\"https:\/\/senoticias.com.br\/se\/wp-content\/uploads\/2018\/01\/Logomarca-fone-SE-4.jpg 599w, https:\/\/senoticias.com.br\/se\/wp-content\/uploads\/2018\/01\/Logomarca-fone-SE-4-300x39.jpg 300w\" sizes=\"(max-width: 599px) 100vw, 599px\" \/><\/a><\/p>\n<p style=\"text-align: justify;\"><em><strong>Acompanhe tamb\u00e9m o SE Not\u00edcias no\u00a0<a href=\"https:\/\/twitter.com\/Senoticias\" target=\"_blank\">Twitter<\/a>,\u00a0<a href=\"https:\/\/www.facebook.com\/senoticias1\" target=\"_blank\">Facebook<\/a>\u00a0e no\u00a0<a href=\"https:\/\/www.instagram.com\/senoticias\/\" target=\"_blank\">Instagram<\/a>\u00a0<\/strong><\/em><\/p>\n<p style=\"text-align: justify;\">Por ASN<\/p>\n","protected":false},"excerpt":{"rendered":"<p>Diante dos registros relacionados \u00e0 febre amarela no Rio de Janeiro, o Governo de Sergipe, atrav\u00e9s da Secretaria de Estado da Sa\u00fade (SES), destaca a inexist\u00eancia de casos no territ\u00f3rio sergipano. Segundo a gerente do N\u00facleo de Endemias da SES, Sidney S\u00e1, n\u00e3o h\u00e1 ocorr\u00eancias que apontam para a morte de primatas em decorr\u00eancia dessa [&hellip;]<\/p>\n","protected":false},"author":2,"featured_media":0,"comment_status":"closed","ping_status":"closed","sticky":false,"template":"","format":"standard","meta":{"footnotes":""},"categories":[38],"tags":[339,3944,8123,8103,8124,1304,223,8122,3994],"class_list":{"0":"post-109842","1":"post","2":"type-post","3":"status-publish","4":"format-standard","6":"category-municipios","7":"tag-aracaju","8":"tag-casos","9":"tag-doenca","10":"tag-febre-amarela","11":"tag-orientacoes","12":"tag-saude","13":"tag-sergipe","14":"tag-sintomas","15":"tag-vacinas"},"_links":{"self":[{"href":"https:\/\/senoticias.com.br\/se\/wp-json\/wp\/v2\/posts\/109842"}],"collection":[{"href":"https:\/\/senoticias.com.br\/se\/wp-json\/wp\/v2\/posts"}],"about":[{"href":"https:\/\/senoticias.com.br\/se\/wp-json\/wp\/v2\/types\/post"}],"author":[{"embeddable":true,"href":"https:\/\/senoticias.com.br\/se\/wp-json\/wp\/v2\/users\/2"}],"replies":[{"embeddable":true,"href":"https:\/\/senoticias.com.br\/se\/wp-json\/wp\/v2\/comments?post=109842"}],"version-history":[{"count":0,"href":"https:\/\/senoticias.com.br\/se\/wp-json\/wp\/v2\/posts\/109842\/revisions"}],"wp:attachment":[{"href":"https:\/\/senoticias.com.br\/se\/wp-json\/wp\/v2\/media?parent=109842"}],"wp:term":[{"taxonomy":"category","embeddable":true,"href":"https:\/\/senoticias.com.br\/se\/wp-json\/wp\/v2\/categories?post=109842"},{"taxonomy":"post_tag","embeddable":true,"href":"https:\/\/senoticias.com.br\/se\/wp-json\/wp\/v2\/tags?post=109842"}],"curies":[{"name":"wp","href":"https:\/\/api.w.org\/{rel}","templated":true}]}}