{"id":109841,"date":"2018-01-15T15:09:21","date_gmt":"2018-01-15T18:09:21","guid":{"rendered":"http:\/\/senoticias.com.br\/se\/?p=109841"},"modified":"2018-01-15T17:47:11","modified_gmt":"2018-01-15T20:47:11","slug":"homem-e-preso-por-embriaguez-ao-volante-no-santos-dumont","status":"publish","type":"post","link":"https:\/\/senoticias.com.br\/se\/homem-e-preso-por-embriaguez-ao-volante-no-santos-dumont\/","title":{"rendered":"Homem \u00e9 preso por embriaguez ao volante no Santos Dumont"},"content":{"rendered":"<p style=\"text-align: justify;\">Uma guarni\u00e7\u00e3o da Pol\u00edcia Militar realizou na madrugada desse domingo, 14, a pris\u00e3o de um motociclista que, sob efeito de \u00e1lcool, causou um acidente na Avenida Presidente Juscelino Kubitschek, bairro Santos Dumont, zona norte da capital sergipana.<\/p>\n<p style=\"text-align: justify;\">Informa\u00e7\u00f5es apontam que a v\u00edtima conduzia a motocicleta FASER 250 quando foi surpreendido pelo motociclista da Shineray. Com o choque da colis\u00e3o, o condutor sofreu alguns ferimentos e a sua esposa, que estava na garupa, foi lan\u00e7ada sobre a moto.<\/p>\n<p style=\"text-align: justify;\">Ap\u00f3s a chegada dos policiais, o homem foi conduzido \u00e0 Delegacia Plantonista Norte e autuado em flagrante por embriaguez ao volante e les\u00e3o corporal culposa na dire\u00e7\u00e3o do ve\u00edculo.<\/p>\n<p style=\"text-align: justify;\"><a href=\"http:\/\/senoticias.com.br\/se\/wp-content\/uploads\/2018\/01\/Logomarca-fone-SE-4.jpg\"><img loading=\"lazy\" decoding=\"async\" class=\"aligncenter size-full wp-image-109767\" src=\"http:\/\/senoticias.com.br\/se\/wp-content\/uploads\/2018\/01\/Logomarca-fone-SE-4.jpg\" alt=\"Logomarca-fone-SE-4\" width=\"599\" height=\"78\" srcset=\"https:\/\/senoticias.com.br\/se\/wp-content\/uploads\/2018\/01\/Logomarca-fone-SE-4.jpg 599w, https:\/\/senoticias.com.br\/se\/wp-content\/uploads\/2018\/01\/Logomarca-fone-SE-4-300x39.jpg 300w\" sizes=\"(max-width: 599px) 100vw, 599px\" \/><\/a><\/p>\n<p style=\"text-align: justify;\"><em><strong>Acompanhe tamb\u00e9m o SE Not\u00edcias no\u00a0<a href=\"https:\/\/twitter.com\/Senoticias\" target=\"_blank\">Twitter<\/a>,\u00a0<a href=\"https:\/\/www.facebook.com\/senoticias1\" target=\"_blank\">Facebook<\/a>\u00a0e no\u00a0<a href=\"https:\/\/www.instagram.com\/senoticias\/\" target=\"_blank\">Instagram<\/a>\u00a0<\/strong><\/em><\/p>\n<p style=\"text-align: justify;\">Por SSP\/SE<\/p>\n","protected":false},"excerpt":{"rendered":"<p>Uma guarni\u00e7\u00e3o da Pol\u00edcia Militar realizou na madrugada desse domingo, 14, a pris\u00e3o de um motociclista que, sob efeito de \u00e1lcool, causou um acidente na Avenida Presidente Juscelino Kubitschek, bairro Santos Dumont, zona norte da capital sergipana. Informa\u00e7\u00f5es apontam que a v\u00edtima conduzia a motocicleta FASER 250 quando foi surpreendido pelo motociclista da Shineray. Com [&hellip;]<\/p>\n","protected":false},"author":2,"featured_media":97526,"comment_status":"closed","ping_status":"closed","sticky":false,"template":"","format":"standard","meta":{"footnotes":""},"categories":[7],"tags":[7356,339,7357,8121,1303,5122,223,3901],"class_list":{"0":"post-109841","1":"post","2":"type-post","3":"status-publish","4":"format-standard","5":"has-post-thumbnail","7":"category-policia","8":"tag-alcool","9":"tag-aracaju","10":"tag-direcao","11":"tag-embriaguez","12":"tag-policia","13":"tag-santos-dumont","14":"tag-sergipe","15":"tag-ssp"},"_links":{"self":[{"href":"https:\/\/senoticias.com.br\/se\/wp-json\/wp\/v2\/posts\/109841"}],"collection":[{"href":"https:\/\/senoticias.com.br\/se\/wp-json\/wp\/v2\/posts"}],"about":[{"href":"https:\/\/senoticias.com.br\/se\/wp-json\/wp\/v2\/types\/post"}],"author":[{"embeddable":true,"href":"https:\/\/senoticias.com.br\/se\/wp-json\/wp\/v2\/users\/2"}],"replies":[{"embeddable":true,"href":"https:\/\/senoticias.com.br\/se\/wp-json\/wp\/v2\/comments?post=109841"}],"version-history":[{"count":0,"href":"https:\/\/senoticias.com.br\/se\/wp-json\/wp\/v2\/posts\/109841\/revisions"}],"wp:featuredmedia":[{"embeddable":true,"href":"https:\/\/senoticias.com.br\/se\/wp-json\/wp\/v2\/media\/97526"}],"wp:attachment":[{"href":"https:\/\/senoticias.com.br\/se\/wp-json\/wp\/v2\/media?parent=109841"}],"wp:term":[{"taxonomy":"category","embeddable":true,"href":"https:\/\/senoticias.com.br\/se\/wp-json\/wp\/v2\/categories?post=109841"},{"taxonomy":"post_tag","embeddable":true,"href":"https:\/\/senoticias.com.br\/se\/wp-json\/wp\/v2\/tags?post=109841"}],"curies":[{"name":"wp","href":"https:\/\/api.w.org\/{rel}","templated":true}]}}