{"id":109784,"date":"2018-01-12T14:29:57","date_gmt":"2018-01-12T17:29:57","guid":{"rendered":"http:\/\/senoticias.com.br\/se\/?p=109784"},"modified":"2018-01-12T14:29:57","modified_gmt":"2018-01-12T17:29:57","slug":"iptu-aracaju-prazo-para-pagar-com-desconto-vai-ate-essa-segunda-15","status":"publish","type":"post","link":"https:\/\/senoticias.com.br\/se\/iptu-aracaju-prazo-para-pagar-com-desconto-vai-ate-essa-segunda-15\/","title":{"rendered":"IPTU Aracaju: prazo para pagar com desconto vai at\u00e9 essa segunda, 15"},"content":{"rendered":"<p style=\"text-align: justify;\"><span style=\"color: #000000;\">Os propriet\u00e1rios de im\u00f3veis que pretendem realizar o pagamento do Imposto Predial Territorial Urbano (IPTU) em cota \u00fanica devem ficar de olho no prazo: o benef\u00edcio do desconto termina na pr\u00f3xima segunda-feira, dia 15. Para aquele contribuinte que n\u00e3o tem d\u00edvidas com o munic\u00edpio, a Prefeitura de Aracaju concede um desconto de 7,5%.<\/span><\/p>\n<p style=\"text-align: justify;\"><span style=\"color: #000000;\">&#8220;J\u00e1 para quem est\u00e1 inadimplente com o poder p\u00fablico municipal, a porcentagem de desconto cai para 2,5%&#8221;, lembra a diretora do Departamento de Tributos Imobili\u00e1rios (Dtim) da Secretaria da Fazenda, Ign\u00eaz Souto. Ambas as situa\u00e7\u00f5es j\u00e1 vem descritas no carn\u00ea do IPTU, que tem sido entregue pelos Correios ou pode ser retirado no Portal do Contribuinte, no endere\u00e7o eletr\u00f4nico<a href=\"http:\/\/financas.aracaju.se.gov.br\/contribuinte\/\"> financas.aracaju.se.gov.br\/contribuinte\/<\/a>.<\/span><\/p>\n<p style=\"text-align: justify;\"><span style=\"color: #000000;\">A Prefeitura espera arrecadar, ao todo, algo em torno de R$ 160 milh\u00f5es com o tributo, que \u00e9 o segundo mais importante para o munic\u00edpio. A Constitui\u00e7\u00e3o determina que 25% do que \u00e9 arrecadado pelo IPTU seja investido em Educa\u00e7\u00e3o, 15% em Sa\u00fade &#8211; embora Aracaju esteja encaminhando 20%. Al\u00e9m disso, a gest\u00e3o utilizar\u00e1 o recurso para aplica\u00e7\u00e3o na limpeza urbana, coleta de lixo, opera\u00e7\u00e3o de recapeamento asf\u00e1ltico e contrapartida de obras.<\/span><\/p>\n<p style=\"text-align: justify;\">\n<p style=\"text-align: justify;\"><a href=\"http:\/\/senoticias.com.br\/se\/wp-content\/uploads\/2018\/01\/Logomarca-fone-SE-4.jpg\"><img loading=\"lazy\" decoding=\"async\" class=\"aligncenter size-full wp-image-109767\" src=\"http:\/\/senoticias.com.br\/se\/wp-content\/uploads\/2018\/01\/Logomarca-fone-SE-4.jpg\" alt=\"Logomarca-fone-SE-4\" width=\"599\" height=\"78\" srcset=\"https:\/\/senoticias.com.br\/se\/wp-content\/uploads\/2018\/01\/Logomarca-fone-SE-4.jpg 599w, https:\/\/senoticias.com.br\/se\/wp-content\/uploads\/2018\/01\/Logomarca-fone-SE-4-300x39.jpg 300w\" sizes=\"(max-width: 599px) 100vw, 599px\" \/><\/a><\/p>\n<p style=\"text-align: justify;\"><em><strong>Acompanhe tamb\u00e9m o SE Not\u00edcias no\u00a0<a href=\"https:\/\/twitter.com\/Senoticias\" target=\"_blank\">Twitter<\/a>,\u00a0<a href=\"https:\/\/www.facebook.com\/senoticias1\" target=\"_blank\">Facebook<\/a>\u00a0e no\u00a0<a href=\"https:\/\/www.instagram.com\/senoticias\/\" target=\"_blank\">Instagram<\/a>\u00a0<\/strong><\/em><\/p>\n<p style=\"text-align: justify;\">Por AAN<\/p>\n","protected":false},"excerpt":{"rendered":"<p>Os propriet\u00e1rios de im\u00f3veis que pretendem realizar o pagamento do Imposto Predial Territorial Urbano (IPTU) em cota \u00fanica devem ficar de olho no prazo: o benef\u00edcio do desconto termina na pr\u00f3xima segunda-feira, dia 15. Para aquele contribuinte que n\u00e3o tem d\u00edvidas com o munic\u00edpio, a Prefeitura de Aracaju concede um desconto de 7,5%. &#8220;J\u00e1 para [&hellip;]<\/p>\n","protected":false},"author":2,"featured_media":58047,"comment_status":"closed","ping_status":"closed","sticky":false,"template":"","format":"standard","meta":{"footnotes":""},"categories":[38],"tags":[339,8080,8081,73,4282,8082],"class_list":{"0":"post-109784","1":"post","2":"type-post","3":"status-publish","4":"format-standard","5":"has-post-thumbnail","7":"category-municipios","8":"tag-aracaju","9":"tag-arrecadacaod","10":"tag-descontos","11":"tag-impostos","12":"tag-iptu","13":"tag-urbano"},"_links":{"self":[{"href":"https:\/\/senoticias.com.br\/se\/wp-json\/wp\/v2\/posts\/109784"}],"collection":[{"href":"https:\/\/senoticias.com.br\/se\/wp-json\/wp\/v2\/posts"}],"about":[{"href":"https:\/\/senoticias.com.br\/se\/wp-json\/wp\/v2\/types\/post"}],"author":[{"embeddable":true,"href":"https:\/\/senoticias.com.br\/se\/wp-json\/wp\/v2\/users\/2"}],"replies":[{"embeddable":true,"href":"https:\/\/senoticias.com.br\/se\/wp-json\/wp\/v2\/comments?post=109784"}],"version-history":[{"count":0,"href":"https:\/\/senoticias.com.br\/se\/wp-json\/wp\/v2\/posts\/109784\/revisions"}],"wp:featuredmedia":[{"embeddable":true,"href":"https:\/\/senoticias.com.br\/se\/wp-json\/wp\/v2\/media\/58047"}],"wp:attachment":[{"href":"https:\/\/senoticias.com.br\/se\/wp-json\/wp\/v2\/media?parent=109784"}],"wp:term":[{"taxonomy":"category","embeddable":true,"href":"https:\/\/senoticias.com.br\/se\/wp-json\/wp\/v2\/categories?post=109784"},{"taxonomy":"post_tag","embeddable":true,"href":"https:\/\/senoticias.com.br\/se\/wp-json\/wp\/v2\/tags?post=109784"}],"curies":[{"name":"wp","href":"https:\/\/api.w.org\/{rel}","templated":true}]}}