{"id":109782,"date":"2018-01-12T14:20:18","date_gmt":"2018-01-12T17:20:18","guid":{"rendered":"http:\/\/senoticias.com.br\/se\/?p=109782"},"modified":"2018-01-12T14:24:30","modified_gmt":"2018-01-12T17:24:30","slug":"secretaria-de-saude-inicia-atividades-do-castramovel-conheca-as-normas-do-projeto","status":"publish","type":"post","link":"https:\/\/senoticias.com.br\/se\/secretaria-de-saude-inicia-atividades-do-castramovel-conheca-as-normas-do-projeto\/","title":{"rendered":"Secretaria de Sa\u00fade de Aracaju inicia atividades do castram\u00f3vel; conhe\u00e7a as normas do projeto"},"content":{"rendered":"<p style=\"text-align: justify;\"><span style=\"color: #000000;\">A Secretaria Municipal de Sa\u00fade informa que o Castram\u00f3vel est\u00e1 em fase inicial das atividades de castra\u00e7\u00e3o de c\u00e3es e gatos machos, domiciliados nos bairros de Aracaju. A partir de ter\u00e7a-feira (16\/01), \u00e0s 9h, ser\u00e3o realizados os primeiros cadastros dos respons\u00e1veis, no Bairro Santa Maria, na Unidade de Sa\u00fade Celso Daniel.<\/span><\/p>\n<p style=\"text-align: justify;\"><span style=\"color: #000000;\"><strong>Crit\u00e9rios para o cadastro<\/strong><\/span><\/p>\n<p style=\"text-align: justify;\"><span style=\"color: #000000;\">Para que a cirurgia seja liberada, \u00e9 preciso estar atento \u00e0s normas do projeto:<\/span><\/p>\n<p style=\"text-align: justify;\"><span style=\"color: #000000;\">\u2714 O respons\u00e1vel pelo animal deve ter renda de at\u00e9 1,5 sal\u00e1rio m\u00ednimo;<\/span><\/p>\n<p style=\"text-align: justify;\"><span style=\"color: #000000;\">\u2714 Cada fam\u00edlia poder\u00e1 cadastrar at\u00e9 cinco animais;<\/span><\/p>\n<p style=\"text-align: justify;\"><span style=\"color: #000000;\">\u2714 Os c\u00e3es e gatos devem ter idade entre 5 meses e 8 anos de idade;<\/span><\/p>\n<p style=\"text-align: justify;\"><span style=\"color: #000000;\">\u2714 Apenas os machos ser\u00e3o esterilizados;<\/span><\/p>\n<p style=\"text-align: justify;\"><span style=\"color: #000000;\">\u2714 Animais comunit\u00e1rios, que vivem em locais p\u00fablicos, poder\u00e3o ser esterilizados, desde que algu\u00e9m se responsabilize e tenha um lar tempor\u00e1rio para a recupera\u00e7\u00e3o p\u00f3s-cir\u00fargica;<\/span><\/p>\n<p style=\"text-align: justify;\"><span style=\"color: #000000;\">\u2714 Animais de ONGs cadastradas no Centro de Controle de Zoonoses (CCZ) poder\u00e3o ser castrados, conforme programa\u00e7\u00e3o espec\u00edfica.<\/span><\/p>\n<p>&nbsp;<\/p>\n<p><a href=\"http:\/\/senoticias.com.br\/se\/wp-content\/uploads\/2018\/01\/Logomarca-fone-SE-4.jpg\"><img loading=\"lazy\" decoding=\"async\" class=\"aligncenter size-full wp-image-109767\" src=\"http:\/\/senoticias.com.br\/se\/wp-content\/uploads\/2018\/01\/Logomarca-fone-SE-4.jpg\" alt=\"Logomarca-fone-SE-4\" width=\"599\" height=\"78\" srcset=\"https:\/\/senoticias.com.br\/se\/wp-content\/uploads\/2018\/01\/Logomarca-fone-SE-4.jpg 599w, https:\/\/senoticias.com.br\/se\/wp-content\/uploads\/2018\/01\/Logomarca-fone-SE-4-300x39.jpg 300w\" sizes=\"(max-width: 599px) 100vw, 599px\" \/><\/a><\/p>\n<p><em><strong>Acompanhe tamb\u00e9m o SE Not\u00edcias no\u00a0<a href=\"https:\/\/twitter.com\/Senoticias\" target=\"_blank\">Twitter<\/a>,\u00a0<a href=\"https:\/\/www.facebook.com\/senoticias1\" target=\"_blank\">Facebook<\/a>\u00a0e no\u00a0<a href=\"https:\/\/www.instagram.com\/senoticias\/\" target=\"_blank\">Instagram<\/a>\u00a0<\/strong><\/em><\/p>\n<p>Por Secretaria Municipal de Sa\u00fade de Aracaju<\/p>\n","protected":false},"excerpt":{"rendered":"<p>A Secretaria Municipal de Sa\u00fade informa que o Castram\u00f3vel est\u00e1 em fase inicial das atividades de castra\u00e7\u00e3o de c\u00e3es e gatos machos, domiciliados nos bairros de Aracaju. A partir de ter\u00e7a-feira (16\/01), \u00e0s 9h, ser\u00e3o realizados os primeiros cadastros dos respons\u00e1veis, no Bairro Santa Maria, na Unidade de Sa\u00fade Celso Daniel. Crit\u00e9rios para o cadastro [&hellip;]<\/p>\n","protected":false},"author":2,"featured_media":109783,"comment_status":"closed","ping_status":"closed","sticky":false,"template":"","format":"standard","meta":{"footnotes":""},"categories":[15,8],"tags":[7129,339,6241,3376,8079,8078,1304],"class_list":{"0":"post-109782","1":"post","2":"type-post","3":"status-publish","4":"format-standard","5":"has-post-thumbnail","7":"category-destaques","8":"category-esporte-e-cultura","9":"tag-animais","10":"tag-aracaju","11":"tag-cachorros","12":"tag-cadastro","13":"tag-castracao","14":"tag-gatos","15":"tag-saude"},"_links":{"self":[{"href":"https:\/\/senoticias.com.br\/se\/wp-json\/wp\/v2\/posts\/109782"}],"collection":[{"href":"https:\/\/senoticias.com.br\/se\/wp-json\/wp\/v2\/posts"}],"about":[{"href":"https:\/\/senoticias.com.br\/se\/wp-json\/wp\/v2\/types\/post"}],"author":[{"embeddable":true,"href":"https:\/\/senoticias.com.br\/se\/wp-json\/wp\/v2\/users\/2"}],"replies":[{"embeddable":true,"href":"https:\/\/senoticias.com.br\/se\/wp-json\/wp\/v2\/comments?post=109782"}],"version-history":[{"count":0,"href":"https:\/\/senoticias.com.br\/se\/wp-json\/wp\/v2\/posts\/109782\/revisions"}],"wp:featuredmedia":[{"embeddable":true,"href":"https:\/\/senoticias.com.br\/se\/wp-json\/wp\/v2\/media\/109783"}],"wp:attachment":[{"href":"https:\/\/senoticias.com.br\/se\/wp-json\/wp\/v2\/media?parent=109782"}],"wp:term":[{"taxonomy":"category","embeddable":true,"href":"https:\/\/senoticias.com.br\/se\/wp-json\/wp\/v2\/categories?post=109782"},{"taxonomy":"post_tag","embeddable":true,"href":"https:\/\/senoticias.com.br\/se\/wp-json\/wp\/v2\/tags?post=109782"}],"curies":[{"name":"wp","href":"https:\/\/api.w.org\/{rel}","templated":true}]}}