{"id":109724,"date":"2018-01-10T14:05:15","date_gmt":"2018-01-10T17:05:15","guid":{"rendered":"http:\/\/senoticias.com.br\/se\/?p=109724"},"modified":"2018-01-10T14:05:15","modified_gmt":"2018-01-10T17:05:15","slug":"mercado-albano-franco-fecha-para-limpeza-geral-na-segunda-feira-15","status":"publish","type":"post","link":"https:\/\/senoticias.com.br\/se\/mercado-albano-franco-fecha-para-limpeza-geral-na-segunda-feira-15\/","title":{"rendered":"Mercado Albano Franco fecha para limpeza geral na segunda-feira, 15"},"content":{"rendered":"<p style=\"text-align: justify;\"><span style=\"color: #000000;\">O mercado municipal Albano Franco, situado no Centro de Aracaju, n\u00e3o abrir\u00e1 na pr\u00f3xima segunda-feira, dia 15. O motivo do fechamento \u00e9 que o local passar\u00e1 por manuten\u00e7\u00e3o e limpeza geral, visando tanto o bem-estar dos feirantes quanto dos frequentadores do estabelecimento. A a\u00e7\u00e3o tem como finalidade realizar uma higieniza\u00e7\u00e3o mais intensa de todos os setores, com a execu\u00e7\u00e3o de servi\u00e7os de dedetiza\u00e7\u00e3o, desratiza\u00e7\u00e3o, varri\u00e7\u00e3o, retirada de res\u00edduos e lavagem do espa\u00e7o.<\/span><\/p>\n<p style=\"text-align: justify;\"><span style=\"color: #000000;\">O fechamento do mercado acontece sempre na terceira segunda-feira de cada m\u00eas. Al\u00e9m da varri\u00e7\u00e3o e da lavagem que acontecem diariamente nos corredores e instala\u00e7\u00f5es do mercado, toda semana os setores de carnes e pescados s\u00e3o lavados para manter a higiene do local. <\/span><\/p>\n<p><span style=\"color: #000000;\">Na ter\u00e7a-feira, dia 16, o mercado abrir\u00e1 normalmente, a partir das 6h.<\/span><\/p>\n<p style=\"text-align: justify;\">\n<p style=\"text-align: justify;\"><a href=\"http:\/\/senoticias.com.br\/se\/wp-content\/uploads\/2017\/12\/Logomarca-fone-SE-4-3.jpg\"><img loading=\"lazy\" decoding=\"async\" class=\"aligncenter size-full wp-image-109355\" src=\"http:\/\/senoticias.com.br\/se\/wp-content\/uploads\/2017\/12\/Logomarca-fone-SE-4-3.jpg\" alt=\"Logomarca-fone-SE-4\" width=\"599\" height=\"78\" srcset=\"https:\/\/senoticias.com.br\/se\/wp-content\/uploads\/2017\/12\/Logomarca-fone-SE-4-3.jpg 599w, https:\/\/senoticias.com.br\/se\/wp-content\/uploads\/2017\/12\/Logomarca-fone-SE-4-3-300x39.jpg 300w\" sizes=\"(max-width: 599px) 100vw, 599px\" \/><\/a><\/p>\n<p style=\"text-align: justify;\"><em><strong>Acompanhe tamb\u00e9m o SE Not\u00edcias no\u00a0<a href=\"https:\/\/twitter.com\/Senoticias\" target=\"_blank\">Twitter<\/a>,\u00a0<a href=\"https:\/\/www.facebook.com\/senoticias1\" target=\"_blank\">Facebook<\/a>\u00a0e no\u00a0<a href=\"https:\/\/www.instagram.com\/senoticias\/\" target=\"_blank\">Instagram<\/a>\u00a0<\/strong><\/em><\/p>\n<p style=\"text-align: justify;\">Por AAN<\/p>\n","protected":false},"excerpt":{"rendered":"<p>O mercado municipal Albano Franco, situado no Centro de Aracaju, n\u00e3o abrir\u00e1 na pr\u00f3xima segunda-feira, dia 15. O motivo do fechamento \u00e9 que o local passar\u00e1 por manuten\u00e7\u00e3o e limpeza geral, visando tanto o bem-estar dos feirantes quanto dos frequentadores do estabelecimento. A a\u00e7\u00e3o tem como finalidade realizar uma higieniza\u00e7\u00e3o mais intensa de todos os [&hellip;]<\/p>\n","protected":false},"author":2,"featured_media":105854,"comment_status":"closed","ping_status":"closed","sticky":false,"template":"","format":"standard","meta":{"footnotes":""},"categories":[15,38],"tags":[8046,339,5222,4686,2835,5270],"class_list":{"0":"post-109724","1":"post","2":"type-post","3":"status-publish","4":"format-standard","5":"has-post-thumbnail","7":"category-destaques","8":"category-municipios","9":"tag-albano-franco","10":"tag-aracaju","11":"tag-centro","12":"tag-limpeza","13":"tag-mercado","14":"tag-segunda"},"_links":{"self":[{"href":"https:\/\/senoticias.com.br\/se\/wp-json\/wp\/v2\/posts\/109724"}],"collection":[{"href":"https:\/\/senoticias.com.br\/se\/wp-json\/wp\/v2\/posts"}],"about":[{"href":"https:\/\/senoticias.com.br\/se\/wp-json\/wp\/v2\/types\/post"}],"author":[{"embeddable":true,"href":"https:\/\/senoticias.com.br\/se\/wp-json\/wp\/v2\/users\/2"}],"replies":[{"embeddable":true,"href":"https:\/\/senoticias.com.br\/se\/wp-json\/wp\/v2\/comments?post=109724"}],"version-history":[{"count":0,"href":"https:\/\/senoticias.com.br\/se\/wp-json\/wp\/v2\/posts\/109724\/revisions"}],"wp:featuredmedia":[{"embeddable":true,"href":"https:\/\/senoticias.com.br\/se\/wp-json\/wp\/v2\/media\/105854"}],"wp:attachment":[{"href":"https:\/\/senoticias.com.br\/se\/wp-json\/wp\/v2\/media?parent=109724"}],"wp:term":[{"taxonomy":"category","embeddable":true,"href":"https:\/\/senoticias.com.br\/se\/wp-json\/wp\/v2\/categories?post=109724"},{"taxonomy":"post_tag","embeddable":true,"href":"https:\/\/senoticias.com.br\/se\/wp-json\/wp\/v2\/tags?post=109724"}],"curies":[{"name":"wp","href":"https:\/\/api.w.org\/{rel}","templated":true}]}}