{"id":109722,"date":"2018-01-10T14:02:30","date_gmt":"2018-01-10T17:02:30","guid":{"rendered":"http:\/\/senoticias.com.br\/se\/?p=109722"},"modified":"2018-01-10T14:02:30","modified_gmt":"2018-01-10T17:02:30","slug":"indice-que-reajusta-aposentadoria-e-de-207-em-2017","status":"publish","type":"post","link":"https:\/\/senoticias.com.br\/se\/indice-que-reajusta-aposentadoria-e-de-207-em-2017\/","title":{"rendered":"\u00cdndice que reajusta aposentadoria \u00e9 de 2,07% em 2017"},"content":{"rendered":"<p style=\"text-align: justify;\"><span style=\"color: #000000;\">A infla\u00e7\u00e3o &#8211; medida pelo \u00cdndice Nacional de Pre\u00e7os ao Consumidor (INPC) &#8211; encerrou 2017 com alta acumulada de 2,07%, resultado bem menor que os 6,58% de 2016. \u00c9 a menor taxa desde a implanta\u00e7\u00e3o do Plano Real em 1994. <strong>O INPC \u00e9 usado para reajustar aposentadorias de quem ganha acima do sal\u00e1rio m\u00ednimo.<\/strong><\/span><\/p>\n<p style=\"text-align: justify;\"><span style=\"color: #000000;\">Em dezembro, a varia\u00e7\u00e3o do INPC foi de 0,26%, ficando 0,08 ponto percentual acima do 0,18% de novembro.<\/span><\/p>\n<p style=\"text-align: justify;\"><span style=\"color: #000000;\">Ao fechar 2017 em 2,07%, o INPC, que mede a varia\u00e7\u00e3o das fam\u00edlias com renda entre 1 e 5 sal\u00e1rios, termina o ano com varia\u00e7\u00e3o acumulada de 0,88 ponto percentual, abaixo da alta anual do \u00cdndice de Pre\u00e7os ao Consumidor Amplo (IPCA), que fechou o ano passado em 2,95%.<\/span><\/p>\n<p style=\"text-align: justify;\"><span style=\"color: #000000;\">Os alimentos tiveram varia\u00e7\u00e3o de -2,70%, influenciando a retra\u00e7\u00e3o da taxa relativa ao INPC, enquanto os n\u00e3o aliment\u00edcios subiram 4,25%. Em 2016, os alimentos apresentaram alta de 9,15% e os n\u00e3o aliment\u00edcios, de 5,44%.<\/span><\/p>\n<p style=\"text-align: justify;\"><span style=\"color: #000000;\">Quanto aos \u00edndices regionais, o maior foi o de Curitiba (3,24%), tendo em vista a alta de 20,93% na energia el\u00e9trica e de 20,40% nos \u00f4nibus urbanos. J\u00e1 o \u00edndice mais baixo foi o de Bel\u00e9m (0,74%).<\/span><\/p>\n<p style=\"text-align: justify;\"><span style=\"color: #000000;\">O INPC tem a mesma metodologia do IPCA, \u00e9 calculado pelo IBGE desde 1979, se refere a fam\u00edlias com rendimento monet\u00e1rio de 1 a 5 sal\u00e1rios m\u00ednimos e abrange dez regi\u00f5es metropolitanas do pa\u00eds, al\u00e9m de Goi\u00e2nia, Campo Grande e de Bras\u00edlia.<\/span><\/p>\n<p style=\"text-align: justify;\">\n<p style=\"text-align: justify;\"><a href=\"http:\/\/senoticias.com.br\/se\/wp-content\/uploads\/2017\/12\/Logomarca-fone-SE-4-3.jpg\"><img loading=\"lazy\" decoding=\"async\" class=\"aligncenter size-full wp-image-109355\" src=\"http:\/\/senoticias.com.br\/se\/wp-content\/uploads\/2017\/12\/Logomarca-fone-SE-4-3.jpg\" alt=\"Logomarca-fone-SE-4\" width=\"599\" height=\"78\" srcset=\"https:\/\/senoticias.com.br\/se\/wp-content\/uploads\/2017\/12\/Logomarca-fone-SE-4-3.jpg 599w, https:\/\/senoticias.com.br\/se\/wp-content\/uploads\/2017\/12\/Logomarca-fone-SE-4-3-300x39.jpg 300w\" sizes=\"(max-width: 599px) 100vw, 599px\" \/><\/a><\/p>\n<p style=\"text-align: justify;\"><em><strong>Acompanhe tamb\u00e9m o SE Not\u00edcias no\u00a0<a href=\"https:\/\/twitter.com\/Senoticias\" target=\"_blank\">Twitter<\/a>,\u00a0<a href=\"https:\/\/www.facebook.com\/senoticias1\" target=\"_blank\">Facebook<\/a>\u00a0e no\u00a0<a href=\"https:\/\/www.instagram.com\/senoticias\/\" target=\"_blank\">Instagram<\/a>\u00a0<\/strong><\/em><\/p>\n<p style=\"text-align: justify;\">Por Ag\u00eancia Brasil<\/p>\n","protected":false},"excerpt":{"rendered":"<p>A infla\u00e7\u00e3o &#8211; medida pelo \u00cdndice Nacional de Pre\u00e7os ao Consumidor (INPC) &#8211; encerrou 2017 com alta acumulada de 2,07%, resultado bem menor que os 6,58% de 2016. \u00c9 a menor taxa desde a implanta\u00e7\u00e3o do Plano Real em 1994. O INPC \u00e9 usado para reajustar aposentadorias de quem ganha acima do sal\u00e1rio m\u00ednimo. Em [&hellip;]<\/p>\n","protected":false},"author":2,"featured_media":109723,"comment_status":"closed","ping_status":"closed","sticky":false,"template":"","format":"standard","meta":{"footnotes":""},"categories":[2961],"tags":[4145,8044,8043,8045,2003],"class_list":{"0":"post-109722","1":"post","2":"type-post","3":"status-publish","4":"format-standard","5":"has-post-thumbnail","7":"category-nacional","8":"tag-aposentados","9":"tag-inflacao","10":"tag-inpc","11":"tag-media","12":"tag-reajuste"},"_links":{"self":[{"href":"https:\/\/senoticias.com.br\/se\/wp-json\/wp\/v2\/posts\/109722"}],"collection":[{"href":"https:\/\/senoticias.com.br\/se\/wp-json\/wp\/v2\/posts"}],"about":[{"href":"https:\/\/senoticias.com.br\/se\/wp-json\/wp\/v2\/types\/post"}],"author":[{"embeddable":true,"href":"https:\/\/senoticias.com.br\/se\/wp-json\/wp\/v2\/users\/2"}],"replies":[{"embeddable":true,"href":"https:\/\/senoticias.com.br\/se\/wp-json\/wp\/v2\/comments?post=109722"}],"version-history":[{"count":0,"href":"https:\/\/senoticias.com.br\/se\/wp-json\/wp\/v2\/posts\/109722\/revisions"}],"wp:featuredmedia":[{"embeddable":true,"href":"https:\/\/senoticias.com.br\/se\/wp-json\/wp\/v2\/media\/109723"}],"wp:attachment":[{"href":"https:\/\/senoticias.com.br\/se\/wp-json\/wp\/v2\/media?parent=109722"}],"wp:term":[{"taxonomy":"category","embeddable":true,"href":"https:\/\/senoticias.com.br\/se\/wp-json\/wp\/v2\/categories?post=109722"},{"taxonomy":"post_tag","embeddable":true,"href":"https:\/\/senoticias.com.br\/se\/wp-json\/wp\/v2\/tags?post=109722"}],"curies":[{"name":"wp","href":"https:\/\/api.w.org\/{rel}","templated":true}]}}