{"id":109691,"date":"2018-01-09T16:53:51","date_gmt":"2018-01-09T19:53:51","guid":{"rendered":"http:\/\/senoticias.com.br\/se\/?p=109691"},"modified":"2018-01-09T16:53:51","modified_gmt":"2018-01-09T19:53:51","slug":"fundat-anuncia-vaga-de-emprego-para-consultor-de-vendas-externas","status":"publish","type":"post","link":"https:\/\/senoticias.com.br\/se\/fundat-anuncia-vaga-de-emprego-para-consultor-de-vendas-externas\/","title":{"rendered":"Fundat anuncia vaga de emprego para consultor de vendas externas"},"content":{"rendered":"<p style=\"text-align: justify;\"><span style=\"color: #000000;\">A Funda\u00e7\u00e3o Municipal de Forma\u00e7\u00e3o para o Trabalho (Fundat) anuncia que est\u00e1 com vaga de emprego para a fun\u00e7\u00e3o de consultor de vendas externas. Para concorrer ao cargo, \u00e9 necess\u00e1rio ter Ensino M\u00e9dio Completo, experi\u00eancia em vendas externas na \u00e1rea de telefonia, conhecimento em inform\u00e1tica, transporte pr\u00f3prio e disponibilidade para viagens.<\/span><\/p>\n<p style=\"text-align: justify;\"><span style=\"color: #000000;\">Os interessados em participar do processo seletivo, devem comparecer \u00e0 sede da Fundat (rua Pacatuba, 104, Centro) at\u00e9 a pr\u00f3xima quinta-feira, 11. O hor\u00e1rio de atendimento \u00e9 das 7h30 \u00e0s 17h. Para mais informa\u00e7\u00f5es, entrar em contato, atrav\u00e9s do telefone (79) 3179-1331.<\/span><\/p>\n<p style=\"text-align: justify;\">\n<p style=\"text-align: justify;\"><a href=\"http:\/\/senoticias.com.br\/se\/wp-content\/uploads\/2017\/12\/Logomarca-fone-SE-4-3.jpg\"><img loading=\"lazy\" decoding=\"async\" class=\"aligncenter size-full wp-image-109355\" src=\"http:\/\/senoticias.com.br\/se\/wp-content\/uploads\/2017\/12\/Logomarca-fone-SE-4-3.jpg\" alt=\"Logomarca-fone-SE-4\" width=\"599\" height=\"78\" srcset=\"https:\/\/senoticias.com.br\/se\/wp-content\/uploads\/2017\/12\/Logomarca-fone-SE-4-3.jpg 599w, https:\/\/senoticias.com.br\/se\/wp-content\/uploads\/2017\/12\/Logomarca-fone-SE-4-3-300x39.jpg 300w\" sizes=\"(max-width: 599px) 100vw, 599px\" \/><\/a><\/p>\n<p style=\"text-align: justify;\"><em><strong>Acompanhe tamb\u00e9m o SE Not\u00edcias no\u00a0<a href=\"https:\/\/twitter.com\/Senoticias\" target=\"_blank\">Twitter<\/a>,\u00a0<a href=\"https:\/\/www.facebook.com\/senoticias1\" target=\"_blank\">Facebook<\/a>\u00a0e no\u00a0<a href=\"https:\/\/www.instagram.com\/senoticias\/\" target=\"_blank\">Instagram<\/a>\u00a0<\/strong><\/em><\/p>\n<p style=\"text-align: justify;\">Por AAN<\/p>\n","protected":false},"excerpt":{"rendered":"<p>A Funda\u00e7\u00e3o Municipal de Forma\u00e7\u00e3o para o Trabalho (Fundat) anuncia que est\u00e1 com vaga de emprego para a fun\u00e7\u00e3o de consultor de vendas externas. Para concorrer ao cargo, \u00e9 necess\u00e1rio ter Ensino M\u00e9dio Completo, experi\u00eancia em vendas externas na \u00e1rea de telefonia, conhecimento em inform\u00e1tica, transporte pr\u00f3prio e disponibilidade para viagens. Os interessados em participar [&hellip;]<\/p>\n","protected":false},"author":2,"featured_media":106558,"comment_status":"closed","ping_status":"closed","sticky":false,"template":"","format":"standard","meta":{"footnotes":""},"categories":[15,10],"tags":[339,8015,54,8014,641,3028,1934],"class_list":{"0":"post-109691","1":"post","2":"type-post","3":"status-publish","4":"format-standard","5":"has-post-thumbnail","7":"category-destaques","8":"category-empregos","9":"tag-aracaju","10":"tag-consultar","11":"tag-empregos-2","12":"tag-externas","13":"tag-fundat","14":"tag-vagas","15":"tag-vendas"},"_links":{"self":[{"href":"https:\/\/senoticias.com.br\/se\/wp-json\/wp\/v2\/posts\/109691"}],"collection":[{"href":"https:\/\/senoticias.com.br\/se\/wp-json\/wp\/v2\/posts"}],"about":[{"href":"https:\/\/senoticias.com.br\/se\/wp-json\/wp\/v2\/types\/post"}],"author":[{"embeddable":true,"href":"https:\/\/senoticias.com.br\/se\/wp-json\/wp\/v2\/users\/2"}],"replies":[{"embeddable":true,"href":"https:\/\/senoticias.com.br\/se\/wp-json\/wp\/v2\/comments?post=109691"}],"version-history":[{"count":0,"href":"https:\/\/senoticias.com.br\/se\/wp-json\/wp\/v2\/posts\/109691\/revisions"}],"wp:featuredmedia":[{"embeddable":true,"href":"https:\/\/senoticias.com.br\/se\/wp-json\/wp\/v2\/media\/106558"}],"wp:attachment":[{"href":"https:\/\/senoticias.com.br\/se\/wp-json\/wp\/v2\/media?parent=109691"}],"wp:term":[{"taxonomy":"category","embeddable":true,"href":"https:\/\/senoticias.com.br\/se\/wp-json\/wp\/v2\/categories?post=109691"},{"taxonomy":"post_tag","embeddable":true,"href":"https:\/\/senoticias.com.br\/se\/wp-json\/wp\/v2\/tags?post=109691"}],"curies":[{"name":"wp","href":"https:\/\/api.w.org\/{rel}","templated":true}]}}