{"id":109682,"date":"2018-01-09T15:58:39","date_gmt":"2018-01-09T18:58:39","guid":{"rendered":"http:\/\/senoticias.com.br\/se\/?p=109682"},"modified":"2018-01-09T17:53:05","modified_gmt":"2018-01-09T20:53:05","slug":"suspeito-de-agredir-a-propria-irma-e-preso-em-gararu","status":"publish","type":"post","link":"https:\/\/senoticias.com.br\/se\/suspeito-de-agredir-a-propria-irma-e-preso-em-gararu\/","title":{"rendered":"Suspeito de agredir a pr\u00f3pria irm\u00e3 \u00e9 preso em Gararu"},"content":{"rendered":"<p style=\"text-align: justify;\"><span style=\"color: #000000;\">A Pol\u00edcia Militar, por meio da 2\u00aa Companhia do 4\u00ba Batalh\u00e3o de Pol\u00edcia Militar (2\u00aa Cia\/ 4\u00baBPM), efetuou no domingo, 07, a pris\u00e3o de Sidney Arnaldo Ferreira da Silva, suspeito de agredir a pr\u00f3pria irm\u00e3 no munic\u00edpio de Gararu, distante 161 quil\u00f4metros de Aracaju.<\/span><\/p>\n<p style=\"text-align: justify;\"><span style=\"color: #000000;\">A equipe do 4\u00ba BPM realizava patrulhamento ostensivo no centro do munic\u00edpio, quando foi acionada pela v\u00edtima que informou ter sido agredida com socos na cabe\u00e7a e no abd\u00f4men por Sidney, na resid\u00eancia da fam\u00edlia. Imediatamente, os militares seguiram junto com a v\u00edtima em busca do agressor que foi encontrado em uma rua pr\u00f3xima \u00e0 casa.<\/span><\/p>\n<div id=\"attachment_109683\" style=\"width: 609px\" class=\"wp-caption aligncenter\"><a href=\"http:\/\/senoticias.com.br\/se\/wp-content\/uploads\/2018\/01\/suspeito-SENOTICIAS-e1515524286598.png\"><img loading=\"lazy\" decoding=\"async\" aria-describedby=\"caption-attachment-109683\" class=\"size-full wp-image-109683\" src=\"http:\/\/senoticias.com.br\/se\/wp-content\/uploads\/2018\/01\/suspeito-SENOTICIAS-e1515524286598.png\" alt=\"Foto: SSP\" width=\"599\" height=\"476\" \/><\/a><p id=\"caption-attachment-109683\" class=\"wp-caption-text\">Foto: SSP<\/p><\/div>\n<p style=\"text-align: justify;\"><span style=\"color: #000000;\">A v\u00edtima foi encaminhada ao hospital em decorr\u00eancia de escoria\u00e7\u00f5es na cabe\u00e7a, nos l\u00e1bios e hematomas na regi\u00e3o do abd\u00f4men. O agressor foi conduzido \u00e0 Delegacia Plantonista de Propri\u00e1 para ado\u00e7\u00e3o das medidas cab\u00edveis.<\/span><\/p>\n<p style=\"text-align: justify;\"><a href=\"http:\/\/senoticias.com.br\/se\/wp-content\/uploads\/2017\/12\/Logomarca-fone-SE-4-3.jpg\"><img loading=\"lazy\" decoding=\"async\" class=\"aligncenter size-full wp-image-109355\" src=\"http:\/\/senoticias.com.br\/se\/wp-content\/uploads\/2017\/12\/Logomarca-fone-SE-4-3.jpg\" alt=\"Logomarca-fone-SE-4\" width=\"599\" height=\"78\" srcset=\"https:\/\/senoticias.com.br\/se\/wp-content\/uploads\/2017\/12\/Logomarca-fone-SE-4-3.jpg 599w, https:\/\/senoticias.com.br\/se\/wp-content\/uploads\/2017\/12\/Logomarca-fone-SE-4-3-300x39.jpg 300w\" sizes=\"(max-width: 599px) 100vw, 599px\" \/><\/a><\/p>\n<p style=\"text-align: justify;\"><em><strong>Acompanhe tamb\u00e9m o SE Not\u00edcias no\u00a0<a href=\"https:\/\/twitter.com\/Senoticias\" target=\"_blank\">Twitter<\/a>,\u00a0<a href=\"https:\/\/www.facebook.com\/senoticias1\" target=\"_blank\">Facebook<\/a>\u00a0e no\u00a0<a href=\"https:\/\/www.instagram.com\/senoticias\/\" target=\"_blank\">Instagram<\/a>\u00a0<\/strong><\/em><\/p>\n<p style=\"text-align: justify;\">Por SSP\/SE<\/p>\n","protected":false},"excerpt":{"rendered":"<p>A Pol\u00edcia Militar, por meio da 2\u00aa Companhia do 4\u00ba Batalh\u00e3o de Pol\u00edcia Militar (2\u00aa Cia\/ 4\u00baBPM), efetuou no domingo, 07, a pris\u00e3o de Sidney Arnaldo Ferreira da Silva, suspeito de agredir a pr\u00f3pria irm\u00e3 no munic\u00edpio de Gararu, distante 161 quil\u00f4metros de Aracaju. A equipe do 4\u00ba BPM realizava patrulhamento ostensivo no centro do [&hellip;]<\/p>\n","protected":false},"author":2,"featured_media":0,"comment_status":"closed","ping_status":"closed","sticky":false,"template":"","format":"standard","meta":{"footnotes":""},"categories":[7],"tags":[8005,8004,4127,2952,1303,3147],"class_list":{"0":"post-109682","1":"post","2":"type-post","3":"status-publish","4":"format-standard","6":"category-policia","7":"tag-agressao","8":"tag-gararu","9":"tag-militar","10":"tag-pm","11":"tag-policia","12":"tag-prisao"},"_links":{"self":[{"href":"https:\/\/senoticias.com.br\/se\/wp-json\/wp\/v2\/posts\/109682"}],"collection":[{"href":"https:\/\/senoticias.com.br\/se\/wp-json\/wp\/v2\/posts"}],"about":[{"href":"https:\/\/senoticias.com.br\/se\/wp-json\/wp\/v2\/types\/post"}],"author":[{"embeddable":true,"href":"https:\/\/senoticias.com.br\/se\/wp-json\/wp\/v2\/users\/2"}],"replies":[{"embeddable":true,"href":"https:\/\/senoticias.com.br\/se\/wp-json\/wp\/v2\/comments?post=109682"}],"version-history":[{"count":0,"href":"https:\/\/senoticias.com.br\/se\/wp-json\/wp\/v2\/posts\/109682\/revisions"}],"wp:attachment":[{"href":"https:\/\/senoticias.com.br\/se\/wp-json\/wp\/v2\/media?parent=109682"}],"wp:term":[{"taxonomy":"category","embeddable":true,"href":"https:\/\/senoticias.com.br\/se\/wp-json\/wp\/v2\/categories?post=109682"},{"taxonomy":"post_tag","embeddable":true,"href":"https:\/\/senoticias.com.br\/se\/wp-json\/wp\/v2\/tags?post=109682"}],"curies":[{"name":"wp","href":"https:\/\/api.w.org\/{rel}","templated":true}]}}