{"id":109652,"date":"2018-01-08T19:28:52","date_gmt":"2018-01-08T22:28:52","guid":{"rendered":"http:\/\/senoticias.com.br\/se\/?p=109652"},"modified":"2018-01-08T19:28:52","modified_gmt":"2018-01-08T22:28:52","slug":"aves-silvestres-sao-apreendidas-em-cativeiro-no-conjunto-veneza-i-em-aracaju","status":"publish","type":"post","link":"https:\/\/senoticias.com.br\/se\/aves-silvestres-sao-apreendidas-em-cativeiro-no-conjunto-veneza-i-em-aracaju\/","title":{"rendered":"Aves silvestres s\u00e3o apreendidas em cativeiro no Conjunto Veneza I, em Aracaju"},"content":{"rendered":"<p style=\"text-align: justify;\">Na manh\u00e3 desse s\u00e1bado (6), uma equipe do Pelot\u00e3o de Pol\u00edcia Ambiental (PPAmb)\u00a0flagrou um crime ambiental de cativeiro e posse ilegal de p\u00e1ssaros silvestres, no conjunto Veneza I, na zona oeste da capital.<\/p>\n<p style=\"text-align: justify;\">De acordo com as informa\u00e7\u00f5es, por volta das 7h, a guarni\u00e7\u00e3o efetuava policiamento nas imedia\u00e7\u00f5es da &#8220;Feira das Trocas&#8221;, com o intuito de combater o com\u00e9rcio de aves silvestres e ao passar por uma das ruas da localidade, visualizou dezenas de p\u00e1ssaros expostos na varanda de uma resid\u00eancia.<\/p>\n<div id=\"attachment_109653\" style=\"width: 609px\" class=\"wp-caption aligncenter\"><a href=\"http:\/\/senoticias.com.br\/se\/wp-content\/uploads\/2018\/01\/Pelotao-Ambiental-SE-Noticias-e1515450310443.jpg\"><img loading=\"lazy\" decoding=\"async\" aria-describedby=\"caption-attachment-109653\" class=\"size-full wp-image-109653\" src=\"http:\/\/senoticias.com.br\/se\/wp-content\/uploads\/2018\/01\/Pelotao-Ambiental-SE-Noticias-e1515450310443.jpg\" alt=\"Os p\u00e1ssaros apresentavam alto grau de domestica\u00e7\u00e3o e foram doadas para uma entidade credenciada\" width=\"599\" height=\"399\" \/><\/a><p id=\"caption-attachment-109653\" class=\"wp-caption-text\">Os p\u00e1ssaros apresentavam alto grau de domestica\u00e7\u00e3o e foram doadas para uma entidade credenciada (foto: Pelot\u00e3o Ambiental\/Pol\u00edcia Militar de Sergipe)<\/p><\/div>\n<p style=\"text-align: justify;\">\n<p>Os militares foram at\u00e9 o im\u00f3vel e um homem de 50 anos se apresentou como propriet\u00e1rio das aves e revelou que n\u00e3o tinha autoriza\u00e7\u00e3o para mant\u00ea-las em sua posse.\u00a0Diante da constata\u00e7\u00e3o do flagrante de crime ambiental, os animais foram apreendidos e como apresentavam alto grau de domestica\u00e7\u00e3o, tiveram de ser doados\u00a0a entidade credenciada. J\u00e1 o propriet\u00e1rio\u00a0concordou em assinar um termo circunstanciado no pr\u00f3prio local e responder\u00e1 pelo\u00a0delito, previsto na Lei de Crimes Ambientais.<\/p>\n<p style=\"text-align: justify;\">\n<p style=\"text-align: justify;\">A<strong>companhe tamb\u00e9m o SE Not\u00edcias no<\/strong><span class=\"apple-converted-space\"><b>\u00a0<\/b><\/span><strong><a href=\"https:\/\/twitter.com\/Senoticias\" target=\"_blank\">Twitter<\/a>,<\/strong><span class=\"apple-converted-space\"><b>\u00a0<\/b><\/span><strong><a href=\"https:\/\/www.facebook.com\/senoticias1\" target=\"_blank\">Facebook<span class=\"apple-converted-space\">\u00a0<\/span><\/a>e no<\/strong><span class=\"apple-converted-space\"><b>\u00a0<\/b><\/span><strong><a href=\"https:\/\/www.instagram.com\/senoticias\/\" target=\"_blank\">Instagram<\/a><\/strong><\/p>\n<p style=\"text-align: justify;\">\n<p style=\"text-align: justify;\"><a href=\"http:\/\/senoticias.com.br\/se\/wp-content\/uploads\/2017\/12\/Logomarca-fone-SE-4-3.jpg\"><img loading=\"lazy\" decoding=\"async\" class=\"aligncenter size-full wp-image-109355\" src=\"http:\/\/senoticias.com.br\/se\/wp-content\/uploads\/2017\/12\/Logomarca-fone-SE-4-3.jpg\" alt=\"Logomarca-fone-SE-4\" width=\"599\" height=\"78\" srcset=\"https:\/\/senoticias.com.br\/se\/wp-content\/uploads\/2017\/12\/Logomarca-fone-SE-4-3.jpg 599w, https:\/\/senoticias.com.br\/se\/wp-content\/uploads\/2017\/12\/Logomarca-fone-SE-4-3-300x39.jpg 300w\" sizes=\"(max-width: 599px) 100vw, 599px\" \/><\/a><\/p>\n<p style=\"text-align: justify;\">\n<p style=\"text-align: justify;\"><em>Da Assessoria de Comunica\u00e7\u00e3o da Pol\u00edcia Militar<\/em><\/p>\n","protected":false},"excerpt":{"rendered":"<p>Na manh\u00e3 desse s\u00e1bado (6), uma equipe do Pelot\u00e3o de Pol\u00edcia Ambiental (PPAmb)\u00a0flagrou um crime ambiental de cativeiro e posse ilegal de p\u00e1ssaros silvestres, no conjunto Veneza I, na zona oeste da capital. De acordo com as informa\u00e7\u00f5es, por volta das 7h, a guarni\u00e7\u00e3o efetuava policiamento nas imedia\u00e7\u00f5es da &#8220;Feira das Trocas&#8221;, com o intuito [&hellip;]<\/p>\n","protected":false},"author":2,"featured_media":109653,"comment_status":"closed","ping_status":"closed","sticky":false,"template":"","format":"standard","meta":{"footnotes":""},"categories":[15,7],"tags":[7990,7989,7987,5879,7988],"class_list":{"0":"post-109652","1":"post","2":"type-post","3":"status-publish","4":"format-standard","5":"has-post-thumbnail","7":"category-destaques","8":"category-policia","9":"tag-conjunto-veneza","10":"tag-crimes-ambientais","11":"tag-pelotao-de-policia-ambiental","12":"tag-policia-militar-de-sergipe","13":"tag-ppamb"},"_links":{"self":[{"href":"https:\/\/senoticias.com.br\/se\/wp-json\/wp\/v2\/posts\/109652"}],"collection":[{"href":"https:\/\/senoticias.com.br\/se\/wp-json\/wp\/v2\/posts"}],"about":[{"href":"https:\/\/senoticias.com.br\/se\/wp-json\/wp\/v2\/types\/post"}],"author":[{"embeddable":true,"href":"https:\/\/senoticias.com.br\/se\/wp-json\/wp\/v2\/users\/2"}],"replies":[{"embeddable":true,"href":"https:\/\/senoticias.com.br\/se\/wp-json\/wp\/v2\/comments?post=109652"}],"version-history":[{"count":0,"href":"https:\/\/senoticias.com.br\/se\/wp-json\/wp\/v2\/posts\/109652\/revisions"}],"wp:featuredmedia":[{"embeddable":true,"href":"https:\/\/senoticias.com.br\/se\/wp-json\/wp\/v2\/media\/109653"}],"wp:attachment":[{"href":"https:\/\/senoticias.com.br\/se\/wp-json\/wp\/v2\/media?parent=109652"}],"wp:term":[{"taxonomy":"category","embeddable":true,"href":"https:\/\/senoticias.com.br\/se\/wp-json\/wp\/v2\/categories?post=109652"},{"taxonomy":"post_tag","embeddable":true,"href":"https:\/\/senoticias.com.br\/se\/wp-json\/wp\/v2\/tags?post=109652"}],"curies":[{"name":"wp","href":"https:\/\/api.w.org\/{rel}","templated":true}]}}