{"id":109647,"date":"2018-01-08T16:44:05","date_gmt":"2018-01-08T19:44:05","guid":{"rendered":"http:\/\/senoticias.com.br\/se\/?p=109647"},"modified":"2018-01-08T19:22:29","modified_gmt":"2018-01-08T22:22:29","slug":"edvaldo-discute-parceria-com-o-ministerio-da-cultura-para-o-forro-caju","status":"publish","type":"post","link":"https:\/\/senoticias.com.br\/se\/edvaldo-discute-parceria-com-o-ministerio-da-cultura-para-o-forro-caju\/","title":{"rendered":"Edvaldo discute parceria com o Minist\u00e9rio da Cultura para o Forr\u00f3 Caju"},"content":{"rendered":"<p style=\"text-align: justify;\"><span style=\"color: #000000;\">O prefeito Edvaldo Nogueira recebeu, em seu gabinete, nesta segunda-feira, 8, o ministro da Cultura, S\u00e9rgio S\u00e1 Leit\u00e3o, que veio a Sergipe a convite do l\u00edder do governo no Congresso Nacional, deputado federal Andr\u00e9 Moura. No encontro, eles discutiram as possibilidades de parcerias entre a prefeitura de Aracaju e o Minist\u00e9rio da Cultura e abriram um canal de di\u00e1logo para tratar da retomada do Forr\u00f3 Caju. Ficou definido que uma nova reuni\u00e3o para discutir o tema ser\u00e1 realizada ainda neste m\u00eas em Bras\u00edlia.<\/span><\/p>\n<p style=\"text-align: justify;\"><span style=\"color: #000000;\">\u201cFoi um encontro muito especial, pois discutimos sobre Cultura e foi muito bom perceber que eu e o ministro S\u00e9rgio S\u00e1 Leit\u00e3o temos vis\u00e3o semelhante sobre a tem\u00e1tica cultural no que diz respeito \u00e0 a\u00e7\u00e3o do poder p\u00fablico. Conseguimos afinar as nossas ideias, o que tende a ser muito positivo para Aracaju\u201d, afirmou o prefeito.<\/span><\/p>\n<div id=\"attachment_109648\" style=\"width: 609px\" class=\"wp-caption aligncenter\"><a href=\"http:\/\/senoticias.com.br\/se\/wp-content\/uploads\/2018\/01\/visita_do_ministro_da_cultura___fotos_marco_vieira_6-e1515440586382.jpg\"><img loading=\"lazy\" decoding=\"async\" aria-describedby=\"caption-attachment-109648\" class=\"size-full wp-image-109648\" src=\"http:\/\/senoticias.com.br\/se\/wp-content\/uploads\/2018\/01\/visita_do_ministro_da_cultura___fotos_marco_vieira_6-e1515440586382.jpg\" alt=\"Fotos: Marco Vieira\/PMA\" width=\"599\" height=\"431\" \/><\/a><p id=\"caption-attachment-109648\" class=\"wp-caption-text\">Foto: Marco Vieira\/PMA<\/p><\/div>\n<p style=\"text-align: justify;\"><span style=\"color: #000000;\">Ele destacou que s\u00e3o tr\u00eas as possibilidades de parcerias entre a sua gest\u00e3o e o Minist\u00e9rio da Cultura: a\u00e7\u00f5es no campo audiovisual, com a instala\u00e7\u00e3o de cinemas nos bairros perif\u00e9ricos da cidade; desenvolvimento de uma programa\u00e7\u00e3o alusiva aos 200 anos da Independ\u00eancia do pa\u00eds, com a instala\u00e7\u00e3o de um rel\u00f3gio da contagem da comemora\u00e7\u00e3o no Parque da Sementeira, podendo Aracaju ser a primeira cidade do Brasil a receber a iniciativa; e o apoio do governo federal ao Forr\u00f3 Caju.<\/span><\/p>\n<p style=\"text-align: justify;\"><span style=\"color: #000000;\">\u201cS\u00e3o todas elas a\u00e7\u00f5es muito positivas para a nossa cidade. A comemora\u00e7\u00e3o dos 200 anos da Independ\u00eancia abre a discuss\u00e3o, com a participa\u00e7\u00e3o da sociedade sobre o futuro da na\u00e7\u00e3o que queremos. No audiovisual, a gente vai trabalhar para levar forma\u00e7\u00e3o e lazer para os bairros atrav\u00e9s das salas de cinema. J\u00e1 sobre o Forr\u00f3 Caju, tivemos do ministro uma grande disposi\u00e7\u00e3o em discutirmos uma parceria para esta festa que mexe com a nossa cultura, com a nossa alma, a nossa gente e a economia\u201d, disse Edvaldo.<\/span><\/p>\n<p style=\"text-align: justify;\"><span style=\"color: #000000;\">De acordo com o ministro S\u00e9rgio S\u00e1 Leit\u00e3o, ele e o prefeito est\u00e3o afinados para o desenvolvimento de muitas a\u00e7\u00f5es culturais conjuntas em Aracaju. \u201cTemos pontos em comum na nossa vis\u00e3o sobre a import\u00e2ncia econ\u00f4mica e social das atividades culturais. Aracaju tem muitos ativos culturais que devem ser mais valorizados e destacados. Estamos afinados e creio que desenvolveremos muitas a\u00e7\u00f5es conjuntas. Teremos novidades para os pr\u00f3ximos meses\u201d, assegurou.<\/span><\/p>\n<p style=\"text-align: justify;\"><span style=\"color: #000000;\">Para o deputado Andr\u00e9 Moura, \u00e9 \u201cextremamente importante incluir Aracaju no trabalho de desenvolvimento cultural do Estado\u201d. Segundo ele, ficou acertado que, conclu\u00eddo o projeto do Forr\u00f3 Caju, ser\u00e1 colocada na agenda do ministro uma audi\u00eancia com o prefeito Edvaldo Nogueira para discutir todas as possibilidades de parcerias. \u201cA parceria que j\u00e1 existe entre a prefeitura e o governo federal em outras a\u00e7\u00f5es chegar\u00e1 agora \u00e0 Cultura\u201d, frisou.<\/span><\/p>\n<p style=\"text-align: justify;\"><span style=\"color: #000000;\">Al\u00e9m da reuni\u00e3o em seu gabinete, Edvaldo acompanhou a visita do ministro \u00e0 Catedral Metropolitana de Aracaju. Ele tamb\u00e9m levou S\u00e9rgio S\u00e1 Leit\u00e3o para conhecer o Parque da Sementeira.<\/span><\/p>\n<p style=\"text-align: justify;\"><a href=\"http:\/\/senoticias.com.br\/se\/wp-content\/uploads\/2017\/12\/Logomarca-fone-SE-4-3.jpg\"><img loading=\"lazy\" decoding=\"async\" class=\"aligncenter size-full wp-image-109355\" src=\"http:\/\/senoticias.com.br\/se\/wp-content\/uploads\/2017\/12\/Logomarca-fone-SE-4-3.jpg\" alt=\"Logomarca-fone-SE-4\" width=\"599\" height=\"78\" srcset=\"https:\/\/senoticias.com.br\/se\/wp-content\/uploads\/2017\/12\/Logomarca-fone-SE-4-3.jpg 599w, https:\/\/senoticias.com.br\/se\/wp-content\/uploads\/2017\/12\/Logomarca-fone-SE-4-3-300x39.jpg 300w\" sizes=\"(max-width: 599px) 100vw, 599px\" \/><\/a><\/p>\n<p style=\"text-align: justify;\"><em><strong>Acompanhe tamb\u00e9m o SE Not\u00edcias no\u00a0<a href=\"https:\/\/twitter.com\/Senoticias\" target=\"_blank\">Twitter<\/a>,\u00a0<a href=\"https:\/\/www.facebook.com\/senoticias1\" target=\"_blank\">Facebook<\/a>\u00a0e no\u00a0<a href=\"https:\/\/www.instagram.com\/senoticias\/\" target=\"_blank\">Instagram<\/a>\u00a0<\/strong><\/em><\/p>\n<p style=\"text-align: justify;\">Por AAN<\/p>\n","protected":false},"excerpt":{"rendered":"<p>O prefeito Edvaldo Nogueira recebeu, em seu gabinete, nesta segunda-feira, 8, o ministro da Cultura, S\u00e9rgio S\u00e1 Leit\u00e3o, que veio a Sergipe a convite do l\u00edder do governo no Congresso Nacional, deputado federal Andr\u00e9 Moura. No encontro, eles discutiram as possibilidades de parcerias entre a prefeitura de Aracaju e o Minist\u00e9rio da Cultura e abriram [&hellip;]<\/p>\n","protected":false},"author":2,"featured_media":0,"comment_status":"closed","ping_status":"closed","sticky":false,"template":"","format":"standard","meta":{"footnotes":""},"categories":[6],"tags":[339,2965,2663,1436,4138,7976,7975,223],"class_list":{"0":"post-109647","1":"post","2":"type-post","3":"status-publish","4":"format-standard","6":"category-politica","7":"tag-aracaju","8":"tag-congresso","9":"tag-cultura","10":"tag-edvaldo","11":"tag-forro-caju","12":"tag-ministro-da-cultura","13":"tag-sergio-sa-leitao","14":"tag-sergipe"},"_links":{"self":[{"href":"https:\/\/senoticias.com.br\/se\/wp-json\/wp\/v2\/posts\/109647"}],"collection":[{"href":"https:\/\/senoticias.com.br\/se\/wp-json\/wp\/v2\/posts"}],"about":[{"href":"https:\/\/senoticias.com.br\/se\/wp-json\/wp\/v2\/types\/post"}],"author":[{"embeddable":true,"href":"https:\/\/senoticias.com.br\/se\/wp-json\/wp\/v2\/users\/2"}],"replies":[{"embeddable":true,"href":"https:\/\/senoticias.com.br\/se\/wp-json\/wp\/v2\/comments?post=109647"}],"version-history":[{"count":0,"href":"https:\/\/senoticias.com.br\/se\/wp-json\/wp\/v2\/posts\/109647\/revisions"}],"wp:attachment":[{"href":"https:\/\/senoticias.com.br\/se\/wp-json\/wp\/v2\/media?parent=109647"}],"wp:term":[{"taxonomy":"category","embeddable":true,"href":"https:\/\/senoticias.com.br\/se\/wp-json\/wp\/v2\/categories?post=109647"},{"taxonomy":"post_tag","embeddable":true,"href":"https:\/\/senoticias.com.br\/se\/wp-json\/wp\/v2\/tags?post=109647"}],"curies":[{"name":"wp","href":"https:\/\/api.w.org\/{rel}","templated":true}]}}