{"id":109642,"date":"2018-01-08T15:44:41","date_gmt":"2018-01-08T18:44:41","guid":{"rendered":"http:\/\/senoticias.com.br\/se\/?p=109642"},"modified":"2018-01-08T15:44:41","modified_gmt":"2018-01-08T18:44:41","slug":"primeira-edicao-do-ocupe-a-praca-de-verao-tera-lancamento-de-filme-e-baile-cinematico","status":"publish","type":"post","link":"https:\/\/senoticias.com.br\/se\/primeira-edicao-do-ocupe-a-praca-de-verao-tera-lancamento-de-filme-e-baile-cinematico\/","title":{"rendered":"Primeira edi\u00e7\u00e3o do \u2018Ocupe a Pra\u00e7a de Ver\u00e3o\u2019 ter\u00e1 lan\u00e7amento de filme e baile cinem\u00e1tico"},"content":{"rendered":"<p style=\"text-align: justify;\"><span style=\"color: #000000;\">Nesta quarta-feira, 10, no Centro Cultural de Aracaju e na pra\u00e7a General Valad\u00e3o, acontece a primeira edi\u00e7\u00e3o do projeto \u2018Ocupe a Pra\u00e7a de Ver\u00e3o\u2019, promovido pelo N\u00facleo de Produ\u00e7\u00e3o Digital Orlando Vieira (NPD), unidade da Funda\u00e7\u00e3o Cultural Cidade de Aracaju (Funcaju). O evento, que acontece a partir das 17h30, ser\u00e1 marcado pelo lan\u00e7amento do filme goiano \u201cTerra e Luz\u2019\u2019, e tamb\u00e9m trar\u00e1 uma novidade: um baile cinem\u00e1tico.<\/span><\/p>\n<p style=\"text-align: justify;\"><span style=\"color: #000000;\">O projeto que os aracajuanos j\u00e1 conhecem est\u00e1 de volta com uma edi\u00e7\u00e3o especial, voltado \u00e0 esta\u00e7\u00e3o mais quente do ano. Nesta edi\u00e7\u00e3o do evento, primeira do ano, o destaque \u00e9 o lan\u00e7amento em Sergipe do filme dirigido por Ren\u00e9 Fran\u00e7a. A obra tem dura\u00e7\u00e3o de 73 minutos e explora a forma de sobreviv\u00eancia de algumas pessoas em locais de extrema desola\u00e7\u00e3o, \u00e1spero e escasso de alimentos. O enredo conquistou a cr\u00edtica cinematogr\u00e1fica pelo seu baixo custo de produ\u00e7\u00e3o e toda composi\u00e7\u00e3o da narrativa que lembra a s\u00e9rie americana <strong>The Walking Dead<\/strong>.<\/span><\/p>\n<div id=\"attachment_109643\" style=\"width: 433px\" class=\"wp-caption aligncenter\"><a href=\"http:\/\/senoticias.com.br\/se\/wp-content\/uploads\/2018\/01\/ocupe-a-pra\u00e7a-e1515437013913.jpg\"><img loading=\"lazy\" decoding=\"async\" aria-describedby=\"caption-attachment-109643\" class=\"size-full wp-image-109643\" src=\"http:\/\/senoticias.com.br\/se\/wp-content\/uploads\/2018\/01\/ocupe-a-pra\u00e7a-e1515437013913.jpg\" alt=\"A primeira edi\u00e7\u00e3o do evento acontece na pr\u00f3xima quarta-feira. (Foto: divulga\u00e7\u00e3o)\" width=\"423\" height=\"599\" \/><\/a><p id=\"caption-attachment-109643\" class=\"wp-caption-text\">A primeira edi\u00e7\u00e3o do evento acontece na pr\u00f3xima quarta-feira. (Foto: divulga\u00e7\u00e3o)<\/p><\/div>\n<p style=\"text-align: justify;\"><span style=\"color: #000000;\">Outra atra\u00e7\u00e3o que promete agradar o p\u00fablico \u00e9 o baile cinem\u00e1tico, a grande novidade do evento. M\u00fasica e cinema se misturam atrav\u00e9s de batidas eletr\u00f4nicas e imagens que, em conjunto, formam um belo espet\u00e1culo, sendo uma boa op\u00e7\u00e3o para quem gosta de sentir o clima do estilo musical com um complemento, os efeitos imag\u00e9ticos.<\/span><\/p>\n<p style=\"text-align: justify;\"><span style=\"color: #000000;\">De acordo com a coordenadora do NPD, Carolina Westrup, essa edi\u00e7\u00e3o do projeto \u00e9 especial porque, al\u00e9m de cumprir com a miss\u00e3o social do Ocupe, que \u00e9 fortalecer o audiovisual e ocupar a pra\u00e7a, tamb\u00e9m estar\u00e1 lan\u00e7ando uma obra mais que aprovada pela cr\u00edtica do cinema brasileiro. \u201cEssa primeira edi\u00e7\u00e3o do Ocupe de Ver\u00e3o ser\u00e1 muito linda porque traremos atra\u00e7\u00f5es in\u00e9ditas a exemplo do filme \u2018Terra e Luz\u2019. Uma obra fant\u00e1stica que retrata a vida de pessoas que vivem na extrema pobreza de uma forma metaf\u00f3rica. Vale muito \u00e0 pena conferir e refletir. Tamb\u00e9m teremos o baile cinem\u00e1tico, que \u00e9 uma mistura de m\u00fasica eletr\u00f4nica com efeitos cinematogr\u00e1ficos, algo que n\u00e3o t\u00ednhamos feito no projeto\u201d, explicou.<\/span><\/p>\n<p style=\"text-align: justify;\"><strong><span style=\"color: #000000;\">Ocupe a Pra\u00e7a de Ver\u00e3o<\/span><\/strong><\/p>\n<p style=\"text-align: justify;\"><span style=\"color: #000000;\">O projeto promovido pela Funcaju atrav\u00e9s de sua unidade, o N\u00facleo de Produ\u00e7\u00e3o Digital Orlando Vieira (NPD), \u00e9 realizado sempre na primeira e \u00faltima quarta de cada m\u00eas. Como esta \u00e9 uma edi\u00e7\u00e3o especial dedicada ao ver\u00e3o, o evento acontece todas as quartas entre os dias 10 e 24 deste m\u00eas, sempre \u00e0s 17h30, no Centro Cultural de Aracaju (antiga Alf\u00e2dega) e na pra\u00e7a General Valad\u00e3o.<\/span><\/p>\n<p style=\"text-align: justify;\"><span style=\"color: #000000;\">O evento tem como proposta tornar a General Valad\u00e3o em um espa\u00e7o mais democr\u00e1tico, ocupando-a com apresenta\u00e7\u00f5es art\u00edsticas. Levando mais uma op\u00e7\u00e3o de lazer totalmente gratuita para comunidade aracajuana, visitantes e turistas.<\/span><\/p>\n<p style=\"text-align: justify;\">\n<p style=\"text-align: justify;\"><a href=\"http:\/\/senoticias.com.br\/se\/wp-content\/uploads\/2017\/12\/Logomarca-fone-SE-4-3.jpg\"><img loading=\"lazy\" decoding=\"async\" class=\"aligncenter size-full wp-image-109355\" src=\"http:\/\/senoticias.com.br\/se\/wp-content\/uploads\/2017\/12\/Logomarca-fone-SE-4-3.jpg\" alt=\"Logomarca-fone-SE-4\" width=\"599\" height=\"78\" srcset=\"https:\/\/senoticias.com.br\/se\/wp-content\/uploads\/2017\/12\/Logomarca-fone-SE-4-3.jpg 599w, https:\/\/senoticias.com.br\/se\/wp-content\/uploads\/2017\/12\/Logomarca-fone-SE-4-3-300x39.jpg 300w\" sizes=\"(max-width: 599px) 100vw, 599px\" \/><\/a><\/p>\n<p style=\"text-align: justify;\"><em><strong>Acompanhe tamb\u00e9m o SE Not\u00edcias no\u00a0<a href=\"https:\/\/twitter.com\/Senoticias\" target=\"_blank\">Twitter<\/a>,\u00a0<a href=\"https:\/\/www.facebook.com\/senoticias1\" target=\"_blank\">Facebook<\/a>\u00a0e no\u00a0<a href=\"https:\/\/www.instagram.com\/senoticias\/\" target=\"_blank\">Instagram<\/a>\u00a0<\/strong><\/em><\/p>\n<p style=\"text-align: justify;\">Por Ag\u00eancia Brasil<\/p>\n","protected":false},"excerpt":{"rendered":"<p>Nesta quarta-feira, 10, no Centro Cultural de Aracaju e na pra\u00e7a General Valad\u00e3o, acontece a primeira edi\u00e7\u00e3o do projeto \u2018Ocupe a Pra\u00e7a de Ver\u00e3o\u2019, promovido pelo N\u00facleo de Produ\u00e7\u00e3o Digital Orlando Vieira (NPD), unidade da Funda\u00e7\u00e3o Cultural Cidade de Aracaju (Funcaju). O evento, que acontece a partir das 17h30, ser\u00e1 marcado pelo lan\u00e7amento do filme [&hellip;]<\/p>\n","protected":false},"author":2,"featured_media":0,"comment_status":"closed","ping_status":"closed","sticky":false,"template":"","format":"standard","meta":{"footnotes":""},"categories":[21],"tags":[339,2663,2772,7982,7981,1803],"class_list":{"0":"post-109642","1":"post","2":"type-post","3":"status-publish","4":"format-standard","6":"category-entretenimento","7":"tag-aracaju","8":"tag-cultura","9":"tag-funcaju","10":"tag-general-valadao","11":"tag-ocupe-a-praca","12":"tag-verao"},"_links":{"self":[{"href":"https:\/\/senoticias.com.br\/se\/wp-json\/wp\/v2\/posts\/109642"}],"collection":[{"href":"https:\/\/senoticias.com.br\/se\/wp-json\/wp\/v2\/posts"}],"about":[{"href":"https:\/\/senoticias.com.br\/se\/wp-json\/wp\/v2\/types\/post"}],"author":[{"embeddable":true,"href":"https:\/\/senoticias.com.br\/se\/wp-json\/wp\/v2\/users\/2"}],"replies":[{"embeddable":true,"href":"https:\/\/senoticias.com.br\/se\/wp-json\/wp\/v2\/comments?post=109642"}],"version-history":[{"count":0,"href":"https:\/\/senoticias.com.br\/se\/wp-json\/wp\/v2\/posts\/109642\/revisions"}],"wp:attachment":[{"href":"https:\/\/senoticias.com.br\/se\/wp-json\/wp\/v2\/media?parent=109642"}],"wp:term":[{"taxonomy":"category","embeddable":true,"href":"https:\/\/senoticias.com.br\/se\/wp-json\/wp\/v2\/categories?post=109642"},{"taxonomy":"post_tag","embeddable":true,"href":"https:\/\/senoticias.com.br\/se\/wp-json\/wp\/v2\/tags?post=109642"}],"curies":[{"name":"wp","href":"https:\/\/api.w.org\/{rel}","templated":true}]}}