{"id":109584,"date":"2018-01-05T15:58:19","date_gmt":"2018-01-05T18:58:19","guid":{"rendered":"http:\/\/senoticias.com.br\/se\/?p=109584"},"modified":"2018-01-05T16:44:49","modified_gmt":"2018-01-05T19:44:49","slug":"pacientes-do-case-poderao-receber-remedios-em-casa-a-partir-de-fevereiro","status":"publish","type":"post","link":"https:\/\/senoticias.com.br\/se\/pacientes-do-case-poderao-receber-remedios-em-casa-a-partir-de-fevereiro\/","title":{"rendered":"Pacientes do Case poder\u00e3o receber rem\u00e9dios em casa a partir de fevereiro"},"content":{"rendered":"<p style=\"text-align: justify;\"><span style=\"color: #000000;\">Para dar mais comodidade \u00e0 popula\u00e7\u00e3o, a Secretaria de Estado da Sa\u00fade (SES) pretende colocar para operar, no pr\u00f3ximo m\u00eas, o projeto Anjos da Guarda, no qual 20 triciclos far\u00e3o a entrega de medicamentos, insumos e equipamentos na resid\u00eancia de usu\u00e1rios do Centro de Aten\u00e7\u00e3o \u00e0 Sa\u00fade de Sergipe (Case). Segundo o secret\u00e1rio da Sa\u00fade, Almeida Lima, um dos objetivos do projeto \u00e9 oferecer atendimento mais humanizado \u00e0s pessoas.<\/span><\/p>\n<div id=\"attachment_109590\" style=\"width: 414px\" class=\"wp-caption aligncenter\"><a href=\"http:\/\/senoticias.com.br\/se\/wp-content\/uploads\/2018\/01\/b19bf94f1f6aadae680829245dcd8be8.jpg\"><img loading=\"lazy\" decoding=\"async\" aria-describedby=\"caption-attachment-109590\" class=\"size-full wp-image-109590\" src=\"http:\/\/senoticias.com.br\/se\/wp-content\/uploads\/2018\/01\/b19bf94f1f6aadae680829245dcd8be8.jpg\" alt=\"Projeto Anjos da Guarda tem como um dos objetivos oferecer atendimento mais humanizado aos usu\u00e1rios do Centro de Aten\u00e7\u00e3o \u00e0 Sa\u00fade de Sergipe (Case)\" width=\"404\" height=\"489\" srcset=\"https:\/\/senoticias.com.br\/se\/wp-content\/uploads\/2018\/01\/b19bf94f1f6aadae680829245dcd8be8.jpg 404w, https:\/\/senoticias.com.br\/se\/wp-content\/uploads\/2018\/01\/b19bf94f1f6aadae680829245dcd8be8-248x300.jpg 248w\" sizes=\"(max-width: 404px) 100vw, 404px\" \/><\/a><p id=\"caption-attachment-109590\" class=\"wp-caption-text\">Projeto Anjos da Guarda tem como um dos objetivos oferecer atendimento mais humanizado aos usu\u00e1rios do Centro de Aten\u00e7\u00e3o \u00e0 Sa\u00fade de Sergipe (foto arte: ASN)<\/p><\/div>\n<p style=\"text-align: justify;\"><span style=\"color: #000000;\">\u201cEstamos nos programando e a previs\u00e3o \u00e9 de que os triciclos comecem a rodar em fevereiro. O Case, hoje, recebe em m\u00e9dia 700 usu\u00e1rios por dia, entre eles muitos idosos e pessoas com algum tipo de limita\u00e7\u00e3o e sabemos da dificuldade que muitos t\u00eam de sa\u00edrem das suas casas para irem \u00e0 unidade. Por isso, queremos oferecer comodidade e um atendimento mais humanizado aos usu\u00e1rios com os triciclos fazendo a distribui\u00e7\u00e3o nas resid\u00eancias de rem\u00e9dios, insumos e equipamentos que s\u00e3o dispensados pelo Case\u201d, conta.<\/span><\/p>\n<p style=\"text-align: justify;\"><span style=\"color: #000000;\">Ainda de acordo com Almeida, inicialmente os triciclos rodar\u00e3o na Grande Aracaju e nas regionais de Sergipe, como os munic\u00edpios de Propri\u00e1, Gl\u00f3ria, Itabaiana, Lagarto, Est\u00e2ncia e Nossa Senhora do Socorro. O secret\u00e1rio ressalta que os ve\u00edculos ser\u00e3o devidamente equipados para transportar as cargas, inclusive, aquelas que precisam de refrigera\u00e7\u00e3o.<\/span><\/p>\n<p style=\"text-align: justify;\"><span style=\"color: #000000;\">\u201cOs triciclos sair\u00e3o abastecidos para fazerem as entregas aos usu\u00e1rios e os 20 ve\u00edculos ser\u00e3o equipados, j\u00e1 que alguns medicamentos precisam de refrigera\u00e7\u00e3o. Tenho certeza de que esse projeto beneficiar\u00e1 muitas pessoas e estamos trabalhando incansavelmente para melhorarmos cada vez mais a assist\u00eancia \u00e0 popula\u00e7\u00e3o\u201d, afirma o secret\u00e1rio.<\/span><\/p>\n<p style=\"text-align: justify;\"><a href=\"http:\/\/senoticias.com.br\/se\/wp-content\/uploads\/2017\/12\/Logomarca-fone-SE-4-3.jpg\"><img loading=\"lazy\" decoding=\"async\" class=\"aligncenter size-full wp-image-109355\" src=\"http:\/\/senoticias.com.br\/se\/wp-content\/uploads\/2017\/12\/Logomarca-fone-SE-4-3.jpg\" alt=\"Logomarca-fone-SE-4\" width=\"599\" height=\"78\" srcset=\"https:\/\/senoticias.com.br\/se\/wp-content\/uploads\/2017\/12\/Logomarca-fone-SE-4-3.jpg 599w, https:\/\/senoticias.com.br\/se\/wp-content\/uploads\/2017\/12\/Logomarca-fone-SE-4-3-300x39.jpg 300w\" sizes=\"(max-width: 599px) 100vw, 599px\" \/><\/a><\/p>\n<p style=\"text-align: justify;\"><em><strong>Acompanhe tamb\u00e9m o SE Not\u00edcias no\u00a0<a href=\"https:\/\/twitter.com\/Senoticias\" target=\"_blank\">Twitter<\/a>,\u00a0<a href=\"https:\/\/www.facebook.com\/senoticias1\" target=\"_blank\">Facebook<\/a>\u00a0e no\u00a0<a href=\"https:\/\/www.instagram.com\/senoticias\/\" target=\"_blank\">Instagram<\/a>\u00a0<\/strong><\/em><\/p>\n<p style=\"text-align: justify;\"><em>Por Ag\u00eancia Sergipe de Not\u00edcias<\/em><\/p>\n","protected":false},"excerpt":{"rendered":"<p>Para dar mais comodidade \u00e0 popula\u00e7\u00e3o, a Secretaria de Estado da Sa\u00fade (SES) pretende colocar para operar, no pr\u00f3ximo m\u00eas, o projeto Anjos da Guarda, no qual 20 triciclos far\u00e3o a entrega de medicamentos, insumos e equipamentos na resid\u00eancia de usu\u00e1rios do Centro de Aten\u00e7\u00e3o \u00e0 Sa\u00fade de Sergipe (Case). Segundo o secret\u00e1rio da Sa\u00fade, [&hellip;]<\/p>\n","protected":false},"author":2,"featured_media":109590,"comment_status":"closed","ping_status":"closed","sticky":false,"template":"","format":"standard","meta":{"footnotes":""},"categories":[38],"tags":[2682,339,7787,5273,1304,223,7928],"class_list":{"0":"post-109584","1":"post","2":"type-post","3":"status-publish","4":"format-standard","5":"has-post-thumbnail","7":"category-municipios","8":"tag-almeida-lima","9":"tag-aracaju","10":"tag-case","11":"tag-remedios","12":"tag-saude","13":"tag-sergipe","14":"tag-triciclos"},"_links":{"self":[{"href":"https:\/\/senoticias.com.br\/se\/wp-json\/wp\/v2\/posts\/109584"}],"collection":[{"href":"https:\/\/senoticias.com.br\/se\/wp-json\/wp\/v2\/posts"}],"about":[{"href":"https:\/\/senoticias.com.br\/se\/wp-json\/wp\/v2\/types\/post"}],"author":[{"embeddable":true,"href":"https:\/\/senoticias.com.br\/se\/wp-json\/wp\/v2\/users\/2"}],"replies":[{"embeddable":true,"href":"https:\/\/senoticias.com.br\/se\/wp-json\/wp\/v2\/comments?post=109584"}],"version-history":[{"count":0,"href":"https:\/\/senoticias.com.br\/se\/wp-json\/wp\/v2\/posts\/109584\/revisions"}],"wp:featuredmedia":[{"embeddable":true,"href":"https:\/\/senoticias.com.br\/se\/wp-json\/wp\/v2\/media\/109590"}],"wp:attachment":[{"href":"https:\/\/senoticias.com.br\/se\/wp-json\/wp\/v2\/media?parent=109584"}],"wp:term":[{"taxonomy":"category","embeddable":true,"href":"https:\/\/senoticias.com.br\/se\/wp-json\/wp\/v2\/categories?post=109584"},{"taxonomy":"post_tag","embeddable":true,"href":"https:\/\/senoticias.com.br\/se\/wp-json\/wp\/v2\/tags?post=109584"}],"curies":[{"name":"wp","href":"https:\/\/api.w.org\/{rel}","templated":true}]}}