{"id":109563,"date":"2018-01-04T15:11:39","date_gmt":"2018-01-04T18:11:39","guid":{"rendered":"http:\/\/senoticias.com.br\/se\/?p=109563"},"modified":"2018-01-05T17:16:47","modified_gmt":"2018-01-05T20:16:47","slug":"belivaldo-amorim-andre-e-valadares-nao-representam-mudancas","status":"publish","type":"post","link":"https:\/\/senoticias.com.br\/se\/belivaldo-amorim-andre-e-valadares-nao-representam-mudancas\/","title":{"rendered":"Belivaldo, Amorim, Andr\u00e9 e Valadares n\u00e3o representam mudan\u00e7as, escreve Cl\u00e1udio Nunes"},"content":{"rendered":"<p style=\"text-align: justify;\">A frase \u00e9 do\u00a0<a href=\"http:\/\/www.infonet.com.br\/blogs\/claudionunes\/ler.asp?id=208891\"><strong>jornalista Cl\u00e1udio Nunes<\/strong><\/a> que entende que pelos nomes dos maiores partidos e que t\u00eam chances reais de vit\u00f3ria Sergipe n\u00e3o ter\u00e1 uma mudan\u00e7a significativa no governo nas elei\u00e7\u00f5es deste ano.<\/p>\n<div id=\"attachment_109564\" style=\"width: 609px\" class=\"wp-caption aligncenter\"><a href=\"http:\/\/senoticias.com.br\/se\/wp-content\/uploads\/2018\/01\/WhatsApp-Image-2018-01-04-at-16.06.40.jpeg\"><img loading=\"lazy\" decoding=\"async\" aria-describedby=\"caption-attachment-109564\" class=\"size-full wp-image-109564\" src=\"http:\/\/senoticias.com.br\/se\/wp-content\/uploads\/2018\/01\/WhatsApp-Image-2018-01-04-at-16.06.40-e1515089346693.jpeg\" alt=\"Belivaldo, Amorim, Andr\u00e9 e Valadares n\u00e3o representam mudan\u00e7as, escreve Cl\u00e1udio Nunes (foto: redes sociais)\" width=\"599\" height=\"599\" \/><\/a><p id=\"caption-attachment-109564\" class=\"wp-caption-text\">Ant\u00f4nio Carlos Valadares, Belivaldo Chagas, Eduardo Amorim e Andr\u00e9 Moura n\u00e3o representam mudan\u00e7as, escreve Cl\u00e1udio Nunes (foto: redes sociais)<\/p><\/div>\n<p style=\"text-align: justify;\">Os principais nomes, Belivaldo da situa\u00e7\u00e3o e os senadores Amorim e Valadares n\u00e3o representam mudan\u00e7as.\u00a0 J\u00e1 Andr\u00e9 Moura, se entrar na majorit\u00e1ria para disputar o governo ou o Senado \u00e9 entregar de m\u00e3os beijada a continuidade do governo da situa\u00e7\u00e3o. Andr\u00e9, al\u00e9m do alto \u00edndice de rejei\u00e7\u00e3o de Temer e dele, tem processos de todos os tipos e para todos os gostos.<\/p>\n<p style=\"text-align: justify;\">A simples presen\u00e7a de Andr\u00e9 Moura na chapa majorit\u00e1ria tira o discurso da oposi\u00e7\u00e3o de seriedade, combate a corrup\u00e7\u00e3o e de transpar\u00eancia p\u00fablica.<\/p>\n<p style=\"text-align: justify;\"><strong>Com Belivaldo, Amorim , Andr\u00e9 ou Valadares, 90% dos cargos que est\u00e3o a\u00ed continuar\u00e3o no mesmo lugar<em>.<\/em><\/strong>\u00a0 S\u00f3 sobra para a chamada \u201carraia-mi\u00fada\u201d que briga pelas redes sociais e nas ruas. A maior parte \u00e9 indicada por lideran\u00e7as pol\u00edticas que apoiam um nome para o governo, mas um deputado federal ou estadual do outro lado. Ou seja, quem ganhar ele ter\u00e1 a quem recorrer no pedido para manter seus cargos e manter seu esquema de poder.<\/p>\n<p style=\"text-align: justify;\">Dos que\u00a0 \u201ccorrem por fora,\u201d\u00a0 que s\u00e3o citados nas pesquisas como Valadares Filho e Dr. Emerson tamb\u00e9m s\u00e3o d\u00favidas. Valadares Fiho teria coragem de romper com esse esquema que se perpetua e at\u00e9 D\u00e9da tentou timidamente e depois se rendeu?\u00a0 J\u00e1 Dr. Emerson da Rede est\u00e1 tentando uma alian\u00e7a com o PV, que apoia Temer e tem como lideran\u00e7a forte Sarney Filho, hoje ministro. Sem falar do senador Rodolfo Rodrigues qe tem discurso de oposi\u00e7\u00e3o em Bras\u00edlia, mas no Macap\u00e1 (AP) fez acordo com o DEM para manter um aliado na prefeitura.<\/p>\n<p>Mudam-se os nomes mais o reisado \u00e9 o mesmo.<\/p>\n<p style=\"text-align: justify;\">Por isso Claudio Nunes<strong>\u00a0entende que a elei\u00e7\u00e3o 2018\u00a0<\/strong>n\u00e3o trar\u00e1 novidade para o necessitado e ap\u00e1tico Estado de Sergipe.\u00a0<strong>A nau continuar\u00e1 sem rumo, com um novo tripulante no leme, mas sem destino e planejamento para o futuro de Sergipe.<\/strong><\/p>\n<p><em><strong>\u00a0<\/strong><\/em><\/p>\n<p>&nbsp;<\/p>\n<p><a href=\"http:\/\/senoticias.com.br\/se\/wp-content\/uploads\/2017\/12\/Logomarca-fone-SE-4-3.jpg\"><img loading=\"lazy\" decoding=\"async\" class=\"aligncenter size-full wp-image-109355\" src=\"http:\/\/senoticias.com.br\/se\/wp-content\/uploads\/2017\/12\/Logomarca-fone-SE-4-3.jpg\" alt=\"Logomarca-fone-SE-4\" width=\"599\" height=\"78\" srcset=\"https:\/\/senoticias.com.br\/se\/wp-content\/uploads\/2017\/12\/Logomarca-fone-SE-4-3.jpg 599w, https:\/\/senoticias.com.br\/se\/wp-content\/uploads\/2017\/12\/Logomarca-fone-SE-4-3-300x39.jpg 300w\" sizes=\"(max-width: 599px) 100vw, 599px\" \/><\/a><\/p>\n<p>&nbsp;<\/p>\n<p><em><strong>Acompanhe tamb\u00e9m o SE Not\u00edcias no\u00a0<a href=\"https:\/\/twitter.com\/Senoticias\" target=\"_blank\">Twitter<\/a>,\u00a0<a href=\"https:\/\/www.facebook.com\/senoticias1\" target=\"_blank\">Facebook<\/a>\u00a0e no\u00a0<a href=\"https:\/\/www.instagram.com\/senoticias\/\" target=\"_blank\">Instagram<\/a>\u00a0<\/strong><\/em><\/p>\n<p>&nbsp;<\/p>\n","protected":false},"excerpt":{"rendered":"<p>A frase \u00e9 do\u00a0jornalista Cl\u00e1udio Nunes que entende que pelos nomes dos maiores partidos e que t\u00eam chances reais de vit\u00f3ria Sergipe n\u00e3o ter\u00e1 uma mudan\u00e7a significativa no governo nas elei\u00e7\u00f5es deste ano. Os principais nomes, Belivaldo da situa\u00e7\u00e3o e os senadores Amorim e Valadares n\u00e3o representam mudan\u00e7as.\u00a0 J\u00e1 Andr\u00e9 Moura, se entrar na majorit\u00e1ria [&hellip;]<\/p>\n","protected":false},"author":2,"featured_media":109564,"comment_status":"closed","ping_status":"closed","sticky":false,"template":"","format":"standard","meta":{"footnotes":""},"categories":[15,6],"tags":[],"class_list":{"0":"post-109563","1":"post","2":"type-post","3":"status-publish","4":"format-standard","5":"has-post-thumbnail","7":"category-destaques","8":"category-politica"},"_links":{"self":[{"href":"https:\/\/senoticias.com.br\/se\/wp-json\/wp\/v2\/posts\/109563"}],"collection":[{"href":"https:\/\/senoticias.com.br\/se\/wp-json\/wp\/v2\/posts"}],"about":[{"href":"https:\/\/senoticias.com.br\/se\/wp-json\/wp\/v2\/types\/post"}],"author":[{"embeddable":true,"href":"https:\/\/senoticias.com.br\/se\/wp-json\/wp\/v2\/users\/2"}],"replies":[{"embeddable":true,"href":"https:\/\/senoticias.com.br\/se\/wp-json\/wp\/v2\/comments?post=109563"}],"version-history":[{"count":0,"href":"https:\/\/senoticias.com.br\/se\/wp-json\/wp\/v2\/posts\/109563\/revisions"}],"wp:featuredmedia":[{"embeddable":true,"href":"https:\/\/senoticias.com.br\/se\/wp-json\/wp\/v2\/media\/109564"}],"wp:attachment":[{"href":"https:\/\/senoticias.com.br\/se\/wp-json\/wp\/v2\/media?parent=109563"}],"wp:term":[{"taxonomy":"category","embeddable":true,"href":"https:\/\/senoticias.com.br\/se\/wp-json\/wp\/v2\/categories?post=109563"},{"taxonomy":"post_tag","embeddable":true,"href":"https:\/\/senoticias.com.br\/se\/wp-json\/wp\/v2\/tags?post=109563"}],"curies":[{"name":"wp","href":"https:\/\/api.w.org\/{rel}","templated":true}]}}