{"id":109560,"date":"2018-01-04T13:57:56","date_gmt":"2018-01-04T16:57:56","guid":{"rendered":"http:\/\/senoticias.com.br\/se\/?p=109560"},"modified":"2018-01-04T13:58:59","modified_gmt":"2018-01-04T16:58:59","slug":"precos-da-gasolina-e-do-diesel-diminuem-nas-refinarias","status":"publish","type":"post","link":"https:\/\/senoticias.com.br\/se\/precos-da-gasolina-e-do-diesel-diminuem-nas-refinarias\/","title":{"rendered":"Pre\u00e7os da gasolina e do diesel t\u00eam nova redu\u00e7\u00e3o nas refinarias"},"content":{"rendered":"<p style=\"text-align: justify;\"><span style=\"color: #000000;\">Os pre\u00e7os da gasolina e do diesel &#8211; comercializados nas refinarias &#8211; recuaram nesta quinta-feira (4) 1,4% e 1,9% respectivamente, de acordo com informa\u00e7\u00e3o da Petrobras. Nesta quarta-feira (3) a gasolina havia diminu\u00eddo 0,1% e o diesel aumentado 0,6%.<\/span><\/p>\n<p style=\"text-align: justify;\"><span style=\"color: #000000;\">Para a sexta-feira (5), a Petrobras anunciou tamb\u00e9m nova varia\u00e7\u00e3o nos pre\u00e7os: a gasolina ter\u00e1 uma redu\u00e7\u00e3o de 0,9% e o diesel subir\u00e1 1,2%.<\/span><\/p>\n<p style=\"text-align: justify;\"><span style=\"color: #000000;\"><a href=\"http:\/\/senoticias.com.br\/se\/wp-content\/uploads\/2013\/11\/Gasolina.jpg\"><img loading=\"lazy\" decoding=\"async\" class=\"aligncenter size-full wp-image-55665\" src=\"http:\/\/senoticias.com.br\/se\/wp-content\/uploads\/2013\/11\/Gasolina.jpg\" alt=\"Gasolina\" width=\"590\" height=\"443\" srcset=\"https:\/\/senoticias.com.br\/se\/wp-content\/uploads\/2013\/11\/Gasolina.jpg 590w, https:\/\/senoticias.com.br\/se\/wp-content\/uploads\/2013\/11\/Gasolina-300x225.jpg 300w, https:\/\/senoticias.com.br\/se\/wp-content\/uploads\/2013\/11\/Gasolina-342x256.jpg 342w, https:\/\/senoticias.com.br\/se\/wp-content\/uploads\/2013\/11\/Gasolina-60x45.jpg 60w, https:\/\/senoticias.com.br\/se\/wp-content\/uploads\/2013\/11\/Gasolina-150x113.jpg 150w, https:\/\/senoticias.com.br\/se\/wp-content\/uploads\/2013\/11\/Gasolina-269x201.jpg 269w\" sizes=\"(max-width: 590px) 100vw, 590px\" \/><\/a>As varia\u00e7\u00f5es de pre\u00e7o fazem parte de reajustes frequentes praticados pela Petrobras, \u201cem busca de converg\u00eancia no curto prazo com a paridade do mercado internacional\u201d, segundo a estatal.<\/span><\/p>\n<p style=\"text-align: justify;\"><span style=\"color: #000000;\">O pre\u00e7o final ao consumidor, nas bombas, depender\u00e1 de cada empresa revendedora e dos pr\u00f3prios postos de combust\u00edveis. O hist\u00f3rico das \u00faltimas varia\u00e7\u00f5es praticadas pela Petrobras est\u00e1 dispon\u00edvel na p\u00e1gina da estatal na internet.<\/span><\/p>\n<p style=\"text-align: justify;\"><a href=\"http:\/\/senoticias.com.br\/se\/wp-content\/uploads\/2017\/12\/Logomarca-fone-SE-4-3.jpg\"><img loading=\"lazy\" decoding=\"async\" class=\"aligncenter size-full wp-image-109355\" src=\"http:\/\/senoticias.com.br\/se\/wp-content\/uploads\/2017\/12\/Logomarca-fone-SE-4-3.jpg\" alt=\"Logomarca-fone-SE-4\" width=\"599\" height=\"78\" srcset=\"https:\/\/senoticias.com.br\/se\/wp-content\/uploads\/2017\/12\/Logomarca-fone-SE-4-3.jpg 599w, https:\/\/senoticias.com.br\/se\/wp-content\/uploads\/2017\/12\/Logomarca-fone-SE-4-3-300x39.jpg 300w\" sizes=\"(max-width: 599px) 100vw, 599px\" \/><\/a><\/p>\n<p style=\"text-align: justify;\"><em><strong>Acompanhe tamb\u00e9m o SE Not\u00edcias no\u00a0<a href=\"https:\/\/twitter.com\/Senoticias\" target=\"_blank\">Twitter<\/a>,\u00a0<a href=\"https:\/\/www.facebook.com\/senoticias1\" target=\"_blank\">Facebook<\/a>\u00a0e no\u00a0<a href=\"https:\/\/www.instagram.com\/senoticias\/\" target=\"_blank\">Instagram<\/a><\/strong><\/em><\/p>\n<p style=\"text-align: justify;\">Por Ag\u00eancia Brasil<\/p>\n","protected":false},"excerpt":{"rendered":"<p>Os pre\u00e7os da gasolina e do diesel &#8211; comercializados nas refinarias &#8211; recuaram nesta quinta-feira (4) 1,4% e 1,9% respectivamente, de acordo com informa\u00e7\u00e3o da Petrobras. Nesta quarta-feira (3) a gasolina havia diminu\u00eddo 0,1% e o diesel aumentado 0,6%. Para a sexta-feira (5), a Petrobras anunciou tamb\u00e9m nova varia\u00e7\u00e3o nos pre\u00e7os: a gasolina ter\u00e1 uma [&hellip;]<\/p>\n","protected":false},"author":2,"featured_media":0,"comment_status":"closed","ping_status":"closed","sticky":false,"template":"","format":"standard","meta":{"footnotes":""},"categories":[15,2961],"tags":[2777,4930,3052,3051,629,5701],"class_list":{"0":"post-109560","1":"post","2":"type-post","3":"status-publish","4":"format-standard","6":"category-destaques","7":"category-nacional","8":"tag-carro","9":"tag-combustivel","10":"tag-diesel","11":"tag-gasolina","12":"tag-petrobras","13":"tag-precos"},"_links":{"self":[{"href":"https:\/\/senoticias.com.br\/se\/wp-json\/wp\/v2\/posts\/109560"}],"collection":[{"href":"https:\/\/senoticias.com.br\/se\/wp-json\/wp\/v2\/posts"}],"about":[{"href":"https:\/\/senoticias.com.br\/se\/wp-json\/wp\/v2\/types\/post"}],"author":[{"embeddable":true,"href":"https:\/\/senoticias.com.br\/se\/wp-json\/wp\/v2\/users\/2"}],"replies":[{"embeddable":true,"href":"https:\/\/senoticias.com.br\/se\/wp-json\/wp\/v2\/comments?post=109560"}],"version-history":[{"count":0,"href":"https:\/\/senoticias.com.br\/se\/wp-json\/wp\/v2\/posts\/109560\/revisions"}],"wp:attachment":[{"href":"https:\/\/senoticias.com.br\/se\/wp-json\/wp\/v2\/media?parent=109560"}],"wp:term":[{"taxonomy":"category","embeddable":true,"href":"https:\/\/senoticias.com.br\/se\/wp-json\/wp\/v2\/categories?post=109560"},{"taxonomy":"post_tag","embeddable":true,"href":"https:\/\/senoticias.com.br\/se\/wp-json\/wp\/v2\/tags?post=109560"}],"curies":[{"name":"wp","href":"https:\/\/api.w.org\/{rel}","templated":true}]}}