{"id":109558,"date":"2018-01-04T13:51:02","date_gmt":"2018-01-04T16:51:02","guid":{"rendered":"http:\/\/senoticias.com.br\/se\/?p=109558"},"modified":"2018-01-04T14:12:45","modified_gmt":"2018-01-04T17:12:45","slug":"centro-de-educacao-profissional-de-neopolis-abre-inscricoes-para-processo-seletivo","status":"publish","type":"post","link":"https:\/\/senoticias.com.br\/se\/centro-de-educacao-profissional-de-neopolis-abre-inscricoes-para-processo-seletivo\/","title":{"rendered":"Centro de Educa\u00e7\u00e3o Profissional de Ne\u00f3polis abre inscri\u00e7\u00f5es para processo seletivo"},"content":{"rendered":"<p style=\"text-align: justify;\"><span style=\"color: #000000;\">O Centro Estadual de Educa\u00e7\u00e3o Profissional Agonalto Pacheco da Silva, no munic\u00edpio de Ne\u00f3polis, abriu na \u00faltima segunda-feira, 2, as inscri\u00e7\u00f5es para o Processo Seletivo de alunos visando o ingresso nos Cursos T\u00e9cnicos em: Alimentos, Agroind\u00fastria e Seguran\u00e7a do Trabalho, na forma subsequente, e Cursos T\u00e9cnicos em: Alimentos e Seguran\u00e7a do Trabalho, na forma Integrada.<\/span><\/p>\n<p style=\"text-align: justify;\"><span style=\"color: #000000;\">As inscri\u00e7\u00f5es podem ser feitas at\u00e9 o dia 26 de janeiro, na pr\u00f3pria institui\u00e7\u00e3o de ensino, das 8h \u00e0s 12h, das 13h30 \u00e0s 17h e das 19h \u00e0s 21h. Para se inscrever, o candidato dever\u00e1 apresentar a carteira de identidade original, al\u00e9m do Certificado de Conclus\u00e3o do Ensino M\u00e9dio (original e c\u00f3pia) para os cursos na forma subsequente e Certificado de Ensino Fundamental, para os cursos na forma Integrada.<\/span><\/p>\n<p style=\"text-align: justify;\"><span style=\"color: #000000;\">A forma subsequente \u00e9 para os alunos com no m\u00ednimo 16 anos e ensino m\u00e9dio conclu\u00eddo, j\u00e1 a forma integrada \u00e9 para os que j\u00e1 conclu\u00edram o ensino fundamental e que tenha no m\u00ednimo 14 anos.<\/span><\/p>\n<p style=\"text-align: justify;\"><span style=\"color: #000000;\"><strong>Vagas<\/strong><\/span><\/p>\n<p style=\"text-align: justify;\"><a href=\"http:\/\/senoticias.com.br\/se\/wp-content\/uploads\/2019\/01\/vagas.png\"><img loading=\"lazy\" decoding=\"async\" class=\"aligncenter size-full wp-image-109556\" src=\"http:\/\/senoticias.com.br\/se\/wp-content\/uploads\/2019\/01\/vagas.png\" alt=\"vagas\" width=\"590\" height=\"352\" srcset=\"https:\/\/senoticias.com.br\/se\/wp-content\/uploads\/2019\/01\/vagas.png 590w, https:\/\/senoticias.com.br\/se\/wp-content\/uploads\/2019\/01\/vagas-300x179.png 300w\" sizes=\"(max-width: 590px) 100vw, 590px\" \/><\/a><\/p>\n<p style=\"text-align: justify;\"><a href=\"http:\/\/senoticias.com.br\/se\/wp-content\/uploads\/2019\/01\/vagas-2.png\"><img loading=\"lazy\" decoding=\"async\" class=\"aligncenter size-full wp-image-109557\" src=\"http:\/\/senoticias.com.br\/se\/wp-content\/uploads\/2019\/01\/vagas-2.png\" alt=\"vagas 2\" width=\"590\" height=\"268\" srcset=\"https:\/\/senoticias.com.br\/se\/wp-content\/uploads\/2019\/01\/vagas-2.png 590w, https:\/\/senoticias.com.br\/se\/wp-content\/uploads\/2019\/01\/vagas-2-300x136.png 300w\" sizes=\"(max-width: 590px) 100vw, 590px\" \/><\/a><\/p>\n<p style=\"text-align: justify;\"><span style=\"color: #000000;\">Do total das vagas disponibilizadas por turma, 20% ser\u00e3o destinadas aos alunos com defici\u00eancia, de acordo com a Lei Complementar n\u00ba 33\/96.<\/span><\/p>\n<p style=\"text-align: justify;\"><span style=\"color: #000000;\"><strong>Classifica\u00e7\u00e3o e Matr\u00edcula<\/strong><\/span><\/p>\n<p style=\"text-align: justify;\"><span style=\"color: #000000;\">A classifica\u00e7\u00e3o ocorrer\u00e1 mediante an\u00e1lise das m\u00e9dias finais entre as disciplinas L\u00edngua Portuguesa e Matem\u00e1tica da \u00faltima s\u00e9rie do ensino m\u00e9dio para a forma Subsequente e da \u00faltima s\u00e9rie do ensino fundamental para a forma Integrada. O resultado ser\u00e1 divulgado no dia 31 de janeiro na sede da escola e no portal da Secretaria de Estado da Educa\u00e7\u00e3o.<\/span><\/p>\n<p style=\"text-align: justify;\"><span style=\"color: #000000;\">Os candidatos classificados dever\u00e3o efetuar as suas matr\u00edculas no per\u00edodo de 1\u00ba a 9 de fevereiro, das 8h \u00e0s 12h, das 13h30 \u00e0s 17h e das 19h \u00e0s 21h. Ser\u00e1 preciso levar o Hist\u00f3rico de conclus\u00e3o do Ensino M\u00e9dio (forma subsequente) ou Ensino Fundamental (forma Integrada); cinco fotografias 3&#215;4; e xerox dos seguintes documentos: carteira de identidade, t\u00edtulo de eleitor e comprovante de vota\u00e7\u00e3o (para maiores de 18 anos), certificado de reservista (sexo masculino), comprovante de resid\u00eancia com CEP, e CPF.<\/span><\/p>\n<p style=\"text-align: justify;\"><span style=\"color: #000000;\">As aulas est\u00e3o previstas para se iniciarem no dia 19 de fevereiro.<\/span><\/p>\n<p style=\"text-align: justify;\"><a href=\"http:\/\/seed.se.gov.br\/arquivos\/edital_34_2017_agonalto_pacheco.pdf\"><span style=\"color: #000000;\"><strong>Edital aqui<\/strong><\/span><\/a><\/p>\n<p style=\"text-align: justify;\"><a href=\"http:\/\/senoticias.com.br\/se\/wp-content\/uploads\/2017\/12\/Logomarca-fone-SE-4-3.jpg\"><img loading=\"lazy\" decoding=\"async\" class=\"aligncenter size-full wp-image-109355\" src=\"http:\/\/senoticias.com.br\/se\/wp-content\/uploads\/2017\/12\/Logomarca-fone-SE-4-3.jpg\" alt=\"Logomarca-fone-SE-4\" width=\"599\" height=\"78\" srcset=\"https:\/\/senoticias.com.br\/se\/wp-content\/uploads\/2017\/12\/Logomarca-fone-SE-4-3.jpg 599w, https:\/\/senoticias.com.br\/se\/wp-content\/uploads\/2017\/12\/Logomarca-fone-SE-4-3-300x39.jpg 300w\" sizes=\"(max-width: 599px) 100vw, 599px\" \/><\/a><\/p>\n<p style=\"text-align: justify;\"><em><strong>Acompanhe tamb\u00e9m o SE Not\u00edcias no\u00a0<a href=\"https:\/\/twitter.com\/Senoticias\" target=\"_blank\">Twitter<\/a>,\u00a0<a href=\"https:\/\/www.facebook.com\/senoticias1\" target=\"_blank\">Facebook<\/a>\u00a0e no\u00a0<a href=\"https:\/\/www.instagram.com\/senoticias\/\" target=\"_blank\">Instagram<\/a><\/strong><\/em><\/p>\n<p style=\"text-align: justify;\">Por ASN<\/p>\n","protected":false},"excerpt":{"rendered":"<p>O Centro Estadual de Educa\u00e7\u00e3o Profissional Agonalto Pacheco da Silva, no munic\u00edpio de Ne\u00f3polis, abriu na \u00faltima segunda-feira, 2, as inscri\u00e7\u00f5es para o Processo Seletivo de alunos visando o ingresso nos Cursos T\u00e9cnicos em: Alimentos, Agroind\u00fastria e Seguran\u00e7a do Trabalho, na forma subsequente, e Cursos T\u00e9cnicos em: Alimentos e Seguran\u00e7a do Trabalho, na forma Integrada. [&hellip;]<\/p>\n","protected":false},"author":2,"featured_media":109559,"comment_status":"closed","ping_status":"closed","sticky":false,"template":"","format":"standard","meta":{"footnotes":""},"categories":[38],"tags":[3022,1306,4060,3005,7917,3028],"class_list":{"0":"post-109558","1":"post","2":"type-post","3":"status-publish","4":"format-standard","5":"has-post-thumbnail","7":"category-municipios","8":"tag-cursos","9":"tag-educacao","10":"tag-neopolis","11":"tag-processo-seletivo","12":"tag-profissional","13":"tag-vagas"},"_links":{"self":[{"href":"https:\/\/senoticias.com.br\/se\/wp-json\/wp\/v2\/posts\/109558"}],"collection":[{"href":"https:\/\/senoticias.com.br\/se\/wp-json\/wp\/v2\/posts"}],"about":[{"href":"https:\/\/senoticias.com.br\/se\/wp-json\/wp\/v2\/types\/post"}],"author":[{"embeddable":true,"href":"https:\/\/senoticias.com.br\/se\/wp-json\/wp\/v2\/users\/2"}],"replies":[{"embeddable":true,"href":"https:\/\/senoticias.com.br\/se\/wp-json\/wp\/v2\/comments?post=109558"}],"version-history":[{"count":0,"href":"https:\/\/senoticias.com.br\/se\/wp-json\/wp\/v2\/posts\/109558\/revisions"}],"wp:featuredmedia":[{"embeddable":true,"href":"https:\/\/senoticias.com.br\/se\/wp-json\/wp\/v2\/media\/109559"}],"wp:attachment":[{"href":"https:\/\/senoticias.com.br\/se\/wp-json\/wp\/v2\/media?parent=109558"}],"wp:term":[{"taxonomy":"category","embeddable":true,"href":"https:\/\/senoticias.com.br\/se\/wp-json\/wp\/v2\/categories?post=109558"},{"taxonomy":"post_tag","embeddable":true,"href":"https:\/\/senoticias.com.br\/se\/wp-json\/wp\/v2\/tags?post=109558"}],"curies":[{"name":"wp","href":"https:\/\/api.w.org\/{rel}","templated":true}]}}