{"id":109542,"date":"2018-01-04T10:27:04","date_gmt":"2018-01-04T13:27:04","guid":{"rendered":"http:\/\/senoticias.com.br\/se\/?p=109542"},"modified":"2018-01-04T10:27:04","modified_gmt":"2018-01-04T13:27:04","slug":"transito-na-avenida-euclides-figueiredo-mudara-a-partir-da-proxima-segunda","status":"publish","type":"post","link":"https:\/\/senoticias.com.br\/se\/transito-na-avenida-euclides-figueiredo-mudara-a-partir-da-proxima-segunda\/","title":{"rendered":"Tr\u00e2nsito na avenida Euclides Figueiredo mudar\u00e1 a partir da pr\u00f3xima segunda"},"content":{"rendered":"<p style=\"text-align: justify;\"><span style=\"color: #000000;\">A Superintend\u00eancia Municipal de Transportes e Tr\u00e2nsito (SMTT) informa que a partir da pr\u00f3xima segunda-feira, 8 de janeiro, haver\u00e1 mudan\u00e7as no tr\u00e2nsito das avenidas Euclides Figueiredo e Tancredo Campos, na zona norte de Aracaju. As altera\u00e7\u00f5es s\u00e3o necess\u00e1rias para a execu\u00e7\u00e3o de mais uma etapa da obra de duplica\u00e7\u00e3o da avenida Euclides Figueiredo, executada pelo Governo do Estado.<\/span><\/p>\n<p style=\"text-align: justify;\"><span style=\"color: #000000;\">A partir das 9h de segunda, o trecho da avenida Euclides Figueiredo que vai do encontro da via com a Tancredo Campos ao cruzamento com a Rua Altamira, passar\u00e1 a ter sentido \u00fanico. A Tancredo Campos tamb\u00e9m passar\u00e1 a ser m\u00e3o \u00fanica em toda sua extens\u00e3o. Essas mudan\u00e7as s\u00e3o permanentes.<\/span><\/p>\n<div id=\"attachment_109543\" style=\"width: 609px\" class=\"wp-caption aligncenter\"><a href=\"http:\/\/senoticias.com.br\/se\/wp-content\/uploads\/2018\/01\/euclides-e-tancredo-campos-SENOTICIAS-e1515072368263.jpg\"><img loading=\"lazy\" decoding=\"async\" aria-describedby=\"caption-attachment-109543\" class=\"size-full wp-image-109543\" src=\"http:\/\/senoticias.com.br\/se\/wp-content\/uploads\/2018\/01\/euclides-e-tancredo-campos-SENOTICIAS-e1515072368263.jpg\" alt=\"Foto: SMTT\" width=\"599\" height=\"397\" \/><\/a><p id=\"caption-attachment-109543\" class=\"wp-caption-text\">Foto: SMTT<\/p><\/div>\n<p style=\"text-align: justify;\"><span style=\"color: #000000;\">J\u00e1 a \u00e1rea da rotat\u00f3ria do bairro Coqueiral estar\u00e1 em obras, fechando o trecho da avenida Euclides Figueiredo que vai deste ponto at\u00e9 o encontro com a Tancredo Campos, e isso afetar\u00e1 a circula\u00e7\u00e3o na regi\u00e3o por at\u00e9 dois meses. Neste per\u00edodo, apenas ve\u00edculos pesados (caminh\u00f5es e carretas) ter\u00e3o acesso ao Moinho Sergipe pela Euclides Figueiredo.<\/span><\/p>\n<p style=\"text-align: justify;\"><span style=\"color: #000000;\">Toda a \u00e1rea ser\u00e1 devidamente sinalizada e os agentes de tr\u00e2nsito da SMTT de Aracaju dar\u00e3o suporte aos trabalhos, organizando o fluxo de ve\u00edculos e orientando a popula\u00e7\u00e3o.<\/span><\/p>\n<p style=\"text-align: justify;\"><span style=\"color: #000000;\">Abaixo, as orienta\u00e7\u00f5es para os motoristas durante os trabalhos:<\/span><\/p>\n<p style=\"text-align: justify;\"><strong><span style=\"color: #000000;\">Marcos Freire\/Centro<\/span><\/strong><\/p>\n<p style=\"text-align: justify;\"><span style=\"color: #000000;\">A partir das 9h de segunda, o condutor que faz o percurso Marcos Freire\/Centro far\u00e1 o acesso pela pista nova (paralela \u00e0 Euclides Figueiredo). No encontro com a avenida Tancredo Campos, volta a acessar a Euclides em sentido \u00fanico. J\u00e1 para o motorista que faz o sentido contr\u00e1rio, ou seja, Centro\/Marcos Freire, a orienta\u00e7\u00e3o \u00e9 seguir pela Tancredo Campos e depois acessar a Euclides Figueiredo em sentido \u00fanico.<\/span><\/p>\n<p style=\"text-align: justify;\"><strong><span style=\"color: #000000;\">Jap\u00e3ozinho\/Centro<\/span><\/strong><\/p>\n<p style=\"text-align: justify;\"><span style=\"color: #000000;\">Para quem est\u00e1 no bairro Jap\u00e3ozinho e deseja ir ao Centro, deve cruzar a avenida Euclides Figueiredo para acessar a nova pista, acessar a Tancredo Campos e, assim, seguir em dire\u00e7\u00e3o ao centro. No sentido oposto, o condutor vai pela nova pista sentido Marcos Freire e acessa o in\u00edcio da rotat\u00f3ria do conjunto para seguir pro Jap\u00e3ozinho.<\/span><\/p>\n<p style=\"text-align: justify;\"><strong><span style=\"color: #000000;\">Jap\u00e3ozinho\/Marcos Freire<\/span><\/strong><\/p>\n<p style=\"text-align: justify;\"><span style=\"color: #000000;\">Do bairro Jap\u00e3ozinho para o conjunto Marcos Frreire, o motorista deve acessar a pista nova, seguir em dire\u00e7\u00e3o ao centro e convergir \u00e0 esquerda, na Rua 2, para acessar a Tancredo Campos e retornar \u00e0 pista nova.<\/span><\/p>\n<p style=\"text-align: justify;\">\n<p style=\"text-align: justify;\"><a href=\"http:\/\/senoticias.com.br\/se\/wp-content\/uploads\/2017\/12\/Logomarca-fone-SE-4-3.jpg\"><img loading=\"lazy\" decoding=\"async\" class=\"aligncenter size-full wp-image-109355\" src=\"http:\/\/senoticias.com.br\/se\/wp-content\/uploads\/2017\/12\/Logomarca-fone-SE-4-3.jpg\" alt=\"Logomarca-fone-SE-4\" width=\"599\" height=\"78\" srcset=\"https:\/\/senoticias.com.br\/se\/wp-content\/uploads\/2017\/12\/Logomarca-fone-SE-4-3.jpg 599w, https:\/\/senoticias.com.br\/se\/wp-content\/uploads\/2017\/12\/Logomarca-fone-SE-4-3-300x39.jpg 300w\" sizes=\"(max-width: 599px) 100vw, 599px\" \/><\/a><\/p>\n<p style=\"text-align: justify;\">Por SMTT\/Aju<\/p>\n","protected":false},"excerpt":{"rendered":"<p>A Superintend\u00eancia Municipal de Transportes e Tr\u00e2nsito (SMTT) informa que a partir da pr\u00f3xima segunda-feira, 8 de janeiro, haver\u00e1 mudan\u00e7as no tr\u00e2nsito das avenidas Euclides Figueiredo e Tancredo Campos, na zona norte de Aracaju. As altera\u00e7\u00f5es s\u00e3o necess\u00e1rias para a execu\u00e7\u00e3o de mais uma etapa da obra de duplica\u00e7\u00e3o da avenida Euclides Figueiredo, executada pelo [&hellip;]<\/p>\n","protected":false},"author":2,"featured_media":0,"comment_status":"closed","ping_status":"closed","sticky":false,"template":"","format":"standard","meta":{"footnotes":""},"categories":[15,38],"tags":[339,7913,3018,5270,2979,3320],"class_list":{"0":"post-109542","1":"post","2":"type-post","3":"status-publish","4":"format-standard","6":"category-destaques","7":"category-municipios","8":"tag-aracaju","9":"tag-euclides-figueiredo","10":"tag-mudancas","11":"tag-segunda","12":"tag-smtt","13":"tag-transito"},"_links":{"self":[{"href":"https:\/\/senoticias.com.br\/se\/wp-json\/wp\/v2\/posts\/109542"}],"collection":[{"href":"https:\/\/senoticias.com.br\/se\/wp-json\/wp\/v2\/posts"}],"about":[{"href":"https:\/\/senoticias.com.br\/se\/wp-json\/wp\/v2\/types\/post"}],"author":[{"embeddable":true,"href":"https:\/\/senoticias.com.br\/se\/wp-json\/wp\/v2\/users\/2"}],"replies":[{"embeddable":true,"href":"https:\/\/senoticias.com.br\/se\/wp-json\/wp\/v2\/comments?post=109542"}],"version-history":[{"count":0,"href":"https:\/\/senoticias.com.br\/se\/wp-json\/wp\/v2\/posts\/109542\/revisions"}],"wp:attachment":[{"href":"https:\/\/senoticias.com.br\/se\/wp-json\/wp\/v2\/media?parent=109542"}],"wp:term":[{"taxonomy":"category","embeddable":true,"href":"https:\/\/senoticias.com.br\/se\/wp-json\/wp\/v2\/categories?post=109542"},{"taxonomy":"post_tag","embeddable":true,"href":"https:\/\/senoticias.com.br\/se\/wp-json\/wp\/v2\/tags?post=109542"}],"curies":[{"name":"wp","href":"https:\/\/api.w.org\/{rel}","templated":true}]}}