{"id":109530,"date":"2018-01-04T08:25:06","date_gmt":"2018-01-04T11:25:06","guid":{"rendered":"http:\/\/senoticias.com.br\/se\/?p=109530"},"modified":"2018-01-04T10:21:52","modified_gmt":"2018-01-04T13:21:52","slug":"ministerio-publico-estadual-ajuizara-acao-contra-a-presidente-da-camara-de-vereadores","status":"publish","type":"post","link":"https:\/\/senoticias.com.br\/se\/ministerio-publico-estadual-ajuizara-acao-contra-a-presidente-da-camara-de-vereadores\/","title":{"rendered":"Minist\u00e9rio P\u00fablico Estadual ajuizar\u00e1 a\u00e7\u00e3o contra a presidente da C\u00e2mara de Vereadores"},"content":{"rendered":"<p style=\"text-align: justify;\">O Minist\u00e9rio P\u00fablico Estadual ajuizar\u00e1 uma A\u00e7\u00e3o Civil P\u00fablica em desfavor da presidente da C\u00e2mara de Vereadores, a vereadora Maria da Tai\u00e7oca (PSD) por descumprimento da Lei 12 527\/2011, conhecida como a <strong>Lei de Acesso \u00e0 Informa\u00e7\u00e3o.<\/strong><\/p>\n<div id=\"attachment_109531\" style=\"width: 510px\" class=\"wp-caption aligncenter\"><a href=\"http:\/\/senoticias.com.br\/se\/wp-content\/uploads\/2018\/01\/maria.jpg\"><img loading=\"lazy\" decoding=\"async\" aria-describedby=\"caption-attachment-109531\" class=\"size-full wp-image-109531\" src=\"http:\/\/senoticias.com.br\/se\/wp-content\/uploads\/2018\/01\/maria.jpg\" alt=\"MPE vai ajuizar a\u00e7\u00e3o contra a vereadora Maria da Tai\u00e7oca (PSD)\" width=\"500\" height=\"337\" srcset=\"https:\/\/senoticias.com.br\/se\/wp-content\/uploads\/2018\/01\/maria.jpg 500w, https:\/\/senoticias.com.br\/se\/wp-content\/uploads\/2018\/01\/maria-300x202.jpg 300w, https:\/\/senoticias.com.br\/se\/wp-content\/uploads\/2018\/01\/maria-90x60.jpg 90w, https:\/\/senoticias.com.br\/se\/wp-content\/uploads\/2018\/01\/maria-180x120.jpg 180w, https:\/\/senoticias.com.br\/se\/wp-content\/uploads\/2018\/01\/maria-95x64.jpg 95w\" sizes=\"(max-width: 500px) 100vw, 500px\" \/><\/a><p id=\"caption-attachment-109531\" class=\"wp-caption-text\">MPE vai ajuizar a\u00e7\u00e3o contra a vereadora Maria da Tai\u00e7oca(foto: arquivo: CVNS)<\/p><\/div>\n<p style=\"text-align: justify;\">Membros do Movimento Atitude Sergipe (MOVA-SE) durante o ano de 2017 solicitaram via of\u00edcios \u00e0 C\u00e2mara de Vereadores de Nossa Senhora de Socorro pedidos de informa\u00e7\u00f5es sobre a folha salarial de todos os quadros de servidores efetivos e comissionados como tamb\u00e9m informa\u00e7\u00f5es sobre os valores dos subs\u00eddios dos vereadores daquela Casa. No entanto, a C\u00e2mara Municipal de Socorro n\u00e3o forneceu e alegou que as informa\u00e7\u00f5es constavam em seu site.<\/p>\n<p style=\"text-align: justify;\">O MOVA-SE verificou que as informa\u00e7\u00f5es solicitadas <strong>n\u00e3o estavam no site<\/strong> como alegou a C\u00e2mara de Socorro e impetrou uma representa\u00e7\u00e3o no Minist\u00e9rio P\u00fablico.<\/p>\n<p style=\"text-align: justify;\">O Minist\u00e9rio P\u00fablico realizou todo o procedimento de averigua\u00e7\u00e3o, ap\u00f3s a den\u00fancia e analisou o conte\u00fado do portal de transpar\u00eancia da C\u00e2mara de Vereadores de Nossa Senhora do Socorro e, da mesma forma que o MOVA-SE, n\u00e3o encontrou as informa\u00e7\u00f5es que devem ser p\u00fablicas. Desta forma, ajuizar\u00e1 uma A\u00e7\u00e3o Civil P\u00fablica em desfavor da Presidente da C\u00e2mara Municipal de Nossa Senhora do Socorro.<\/p>\n<p style=\"text-align: justify;\">&#8220;Queremos cumprir nosso papel de fiscalizadores do dinheiro p\u00fablico, porque n\u00f3s, cidad\u00e3os, somos os patr\u00f5es&#8221;, ressalta Uilliam Pinheiro. &#8220;N\u00e3o basta apenas votar, cada cidad\u00e3o precisa tomar para si a responsabilidade de fiscaliza os gastos e a\u00e7\u00f5es de nossos representantes&#8221;, enfatiza Jos\u00e9 Wilker.<\/p>\n<p style=\"text-align: justify;\">O MOVA-SE \u00e9 um movimento de cidad\u00e3os que busca tornar a indigna\u00e7\u00e3o das pessoas em a\u00e7\u00e3o que resulte no bem coletivo, e desta forma, objetivando transformar nossa democracia representativa em uma democracia participativa.<\/p>\n<p style=\"text-align: justify;\"><a href=\"http:\/\/senoticias.com.br\/se\/wp-content\/uploads\/2017\/12\/Logomarca-fone-SE-4-3.jpg\"><img loading=\"lazy\" decoding=\"async\" class=\"aligncenter size-full wp-image-109355\" src=\"http:\/\/senoticias.com.br\/se\/wp-content\/uploads\/2017\/12\/Logomarca-fone-SE-4-3.jpg\" alt=\"Logomarca-fone-SE-4\" width=\"599\" height=\"78\" srcset=\"https:\/\/senoticias.com.br\/se\/wp-content\/uploads\/2017\/12\/Logomarca-fone-SE-4-3.jpg 599w, https:\/\/senoticias.com.br\/se\/wp-content\/uploads\/2017\/12\/Logomarca-fone-SE-4-3-300x39.jpg 300w\" sizes=\"(max-width: 599px) 100vw, 599px\" \/><\/a><\/p>\n<p style=\"text-align: justify;\"><em><strong>Acompanhe tamb\u00e9m o SE Not\u00edcias no\u00a0<a href=\"https:\/\/twitter.com\/Senoticias\" target=\"_blank\">Twitter<\/a>,\u00a0<a href=\"https:\/\/www.facebook.com\/senoticias1\" target=\"_blank\">Facebook<\/a>\u00a0e no\u00a0<a href=\"https:\/\/www.instagram.com\/senoticias\/\" target=\"_blank\">Instagram<\/a><\/strong><\/em><\/p>\n<p style=\"text-align: justify;\"><em>Mat\u00e9ria recebida da Assessoria de Comunica\u00e7\u00e3o do MOVA-SE<\/em><\/p>\n","protected":false},"excerpt":{"rendered":"<p>O Minist\u00e9rio P\u00fablico Estadual ajuizar\u00e1 uma A\u00e7\u00e3o Civil P\u00fablica em desfavor da presidente da C\u00e2mara de Vereadores, a vereadora Maria da Tai\u00e7oca (PSD) por descumprimento da Lei 12 527\/2011, conhecida como a Lei de Acesso \u00e0 Informa\u00e7\u00e3o. Membros do Movimento Atitude Sergipe (MOVA-SE) durante o ano de 2017 solicitaram via of\u00edcios \u00e0 C\u00e2mara de Vereadores [&hellip;]<\/p>\n","protected":false},"author":2,"featured_media":109531,"comment_status":"closed","ping_status":"closed","sticky":false,"template":"","format":"standard","meta":{"footnotes":""},"categories":[6],"tags":[3648,7907,3150,5742,2650],"class_list":{"0":"post-109530","1":"post","2":"type-post","3":"status-publish","4":"format-standard","5":"has-post-thumbnail","7":"category-politica","8":"tag-camara-de-vereadores","9":"tag-maria-da-taicoca","10":"tag-ministerio-publico-estadual","11":"tag-mova-se","12":"tag-nossa-senhora-do-socorro"},"_links":{"self":[{"href":"https:\/\/senoticias.com.br\/se\/wp-json\/wp\/v2\/posts\/109530"}],"collection":[{"href":"https:\/\/senoticias.com.br\/se\/wp-json\/wp\/v2\/posts"}],"about":[{"href":"https:\/\/senoticias.com.br\/se\/wp-json\/wp\/v2\/types\/post"}],"author":[{"embeddable":true,"href":"https:\/\/senoticias.com.br\/se\/wp-json\/wp\/v2\/users\/2"}],"replies":[{"embeddable":true,"href":"https:\/\/senoticias.com.br\/se\/wp-json\/wp\/v2\/comments?post=109530"}],"version-history":[{"count":0,"href":"https:\/\/senoticias.com.br\/se\/wp-json\/wp\/v2\/posts\/109530\/revisions"}],"wp:featuredmedia":[{"embeddable":true,"href":"https:\/\/senoticias.com.br\/se\/wp-json\/wp\/v2\/media\/109531"}],"wp:attachment":[{"href":"https:\/\/senoticias.com.br\/se\/wp-json\/wp\/v2\/media?parent=109530"}],"wp:term":[{"taxonomy":"category","embeddable":true,"href":"https:\/\/senoticias.com.br\/se\/wp-json\/wp\/v2\/categories?post=109530"},{"taxonomy":"post_tag","embeddable":true,"href":"https:\/\/senoticias.com.br\/se\/wp-json\/wp\/v2\/tags?post=109530"}],"curies":[{"name":"wp","href":"https:\/\/api.w.org\/{rel}","templated":true}]}}