{"id":109520,"date":"2018-01-03T15:30:41","date_gmt":"2018-01-03T18:30:41","guid":{"rendered":"http:\/\/senoticias.com.br\/se\/?p=109520"},"modified":"2018-01-03T18:50:00","modified_gmt":"2018-01-03T21:50:00","slug":"inscricao-para-processo-seletivo-do-pre-universitario-acontece-ate-sexta-feira-5","status":"publish","type":"post","link":"https:\/\/senoticias.com.br\/se\/inscricao-para-processo-seletivo-do-pre-universitario-acontece-ate-sexta-feira-5\/","title":{"rendered":"Inscri\u00e7\u00e3o para processo seletivo do Pr\u00e9-Universit\u00e1rio acontece at\u00e9 sexta-feira, 5"},"content":{"rendered":"<p style=\"text-align: justify;\"><span style=\"color: #000000;\">O Governo de Sergipe, atrav\u00e9s da Secretaria de Estado da Educa\u00e7\u00e3o, informa que continuam abertas as inscri\u00e7\u00f5es para o Processo Seletivo do Curso Pr\u00e9-universit\u00e1rio da Secretaria de Estado da Educa\u00e7\u00e3o (Preuni\/Seed), at\u00e9 o dia 5 de janeiro de 2018. Os detalhes da sele\u00e7\u00e3o para ingresso no Preuni no ano letivo 2018 est\u00e3o dispon\u00edveis no Edital N\u00ba 038\/2017\/Seed, publicado na quarta-feira, 13.<\/span><\/p>\n<p style=\"text-align: justify;\"><span style=\"color: #000000;\">Gratuitamente, para concorrer a uma das 5.485 vagas disponibilizadas nos 44 polos do Preuni, instalados em 29 munic\u00edpios estrat\u00e9gicos que contemplam todas as regi\u00f5es do Estado, os candidatos dever\u00e3o efetuar suas inscri\u00e7\u00f5es at\u00e9 \u00e0s 23h59 do dia 5 de janeiro de 2018, exclusivamente na p\u00e1gina da Seed.<\/span><\/p>\n<p style=\"text-align: justify;\"><span style=\"color: #000000;\">Coordenado pelo Departamento de Apoio ao Sistema Educacional (Dase\/Seed), o Pr\u00e9-universit\u00e1rio \u00e9 destinado aos alunos concluintes do ensino m\u00e9dio e egressos da rede p\u00fablica de ensino e objetiva oportunizar a esse p\u00fablico melhores condi\u00e7\u00f5es de acesso ao ensino de n\u00edvel superior, por meio de um curso preparat\u00f3rio, inteiramente gratuito, ofertado na modalidade presencial.<\/span><\/p>\n<div id=\"attachment_109521\" style=\"width: 609px\" class=\"wp-caption aligncenter\"><a href=\"http:\/\/senoticias.com.br\/se\/wp-content\/uploads\/2018\/01\/pre-universit\u00e1rio-SENOTICIAS-e1515004215454.jpg\"><img loading=\"lazy\" decoding=\"async\" aria-describedby=\"caption-attachment-109521\" class=\"size-full wp-image-109521\" src=\"http:\/\/senoticias.com.br\/se\/wp-content\/uploads\/2018\/01\/pre-universit\u00e1rio-SENOTICIAS-e1515004215454.jpg\" alt=\"Foto: Seed\" width=\"599\" height=\"400\" \/><\/a><p id=\"caption-attachment-109521\" class=\"wp-caption-text\">\u00daltima revis\u00e3o antes do Enem 2017. Foto: Seed<\/p><\/div>\n<p style=\"text-align: justify;\"><span style=\"color: #000000;\">Para sele\u00e7\u00e3o dos candidatos, a Coordena\u00e7\u00e3o Estadual do Processo Seletivo 2018 do Preuni aplicar\u00e1 uma prova objetiva a todos os inscritos, no pr\u00f3ximo dia 28 de janeiro. Composta por 50 quest\u00f5es, elaboradas de acordo com as Matrizes de Refer\u00eancias do Exame Nacional do Ensino M\u00e9dio (Enem), a avalia\u00e7\u00e3o abordar\u00e1 conte\u00fados das \u00e1reas de Linguagens, C\u00f3digos e suas Tecnologias; Ci\u00eancias Humanas e suas Tecnologias; Ci\u00eancias da Natureza e suas Tecnologias; e Matem\u00e1tica e suas Tecnologias.<\/span><\/p>\n<p><span style=\"color: #000000;\">Os resultados ser\u00e3o divulgados no dia 30 de janeiro e o in\u00edcio das aulas est\u00e1 previsto para o dia 26 de fevereiro, deste modo, as matr\u00edculas dos candidatos classificados ser\u00e3o efetuadas no per\u00edodo de 20 a 23 de fevereiro.<\/span><\/p>\n<p><strong><span style=\"color: #000000;\">2017<\/span><\/strong><\/p>\n<p style=\"text-align: justify;\"><span style=\"color: #000000;\">Como resultado da efic\u00e1cia das a\u00e7\u00f5es do Preuni, explica o secret\u00e1rio de Estado da Educa\u00e7\u00e3o, Jorge Carvalho, o Governo de Sergipe registrou este ano n\u00famero de recorde de alunos egressos da rede p\u00fablica estadual que ingressaram no ensino superior com base nas notas conquistadas no Enem 2016. Foram quase 2.000 alunos aprovados em universidades e faculdades p\u00fablicas e privadas em diversos estados do pa\u00eds.<\/span><\/p>\n<p style=\"text-align: justify;\"><span style=\"color: #000000;\">Com isso, a coordena\u00e7\u00e3o do Preuni computou em 2017 uma demanda recorde e superior \u00e0 de 2016 no n\u00famero de inscritos para a processo seletivo do programa. Ao todo, 12.952 candidatos inscreveram-se para tentar uma das 5.500 vagas ofertadas nos 44 polos de aulas presenciais do Preuni, distribu\u00eddos por 29 munic\u00edpios em todas as regi\u00f5es do Estado, superando os 11.834 inscritos no ano anterior.<\/span><\/p>\n<p style=\"text-align: justify;\"><a href=\"http:\/\/senoticias.com.br\/se\/wp-content\/uploads\/2017\/12\/Logomarca-fone-SE-4-3.jpg\"><img loading=\"lazy\" decoding=\"async\" class=\"aligncenter size-full wp-image-109355\" src=\"http:\/\/senoticias.com.br\/se\/wp-content\/uploads\/2017\/12\/Logomarca-fone-SE-4-3.jpg\" alt=\"Logomarca-fone-SE-4\" width=\"599\" height=\"78\" srcset=\"https:\/\/senoticias.com.br\/se\/wp-content\/uploads\/2017\/12\/Logomarca-fone-SE-4-3.jpg 599w, https:\/\/senoticias.com.br\/se\/wp-content\/uploads\/2017\/12\/Logomarca-fone-SE-4-3-300x39.jpg 300w\" sizes=\"(max-width: 599px) 100vw, 599px\" \/><\/a><\/p>\n<p style=\"text-align: justify;\"><em><strong>Acompanhe tamb\u00e9m o SE Not\u00edcias no\u00a0<a href=\"https:\/\/twitter.com\/Senoticias\" target=\"_blank\">Twitter<\/a>,\u00a0<a href=\"https:\/\/www.facebook.com\/senoticias1\" target=\"_blank\">Facebook<\/a>\u00a0e no\u00a0<a href=\"https:\/\/www.instagram.com\/senoticias\/\" target=\"_blank\">Instagram<\/a>\u00a0<\/strong><\/em><\/p>\n<p style=\"text-align: justify;\">Por ASN<\/p>\n","protected":false},"excerpt":{"rendered":"<p>O Governo de Sergipe, atrav\u00e9s da Secretaria de Estado da Educa\u00e7\u00e3o, informa que continuam abertas as inscri\u00e7\u00f5es para o Processo Seletivo do Curso Pr\u00e9-universit\u00e1rio da Secretaria de Estado da Educa\u00e7\u00e3o (Preuni\/Seed), at\u00e9 o dia 5 de janeiro de 2018. Os detalhes da sele\u00e7\u00e3o para ingresso no Preuni no ano letivo 2018 est\u00e3o dispon\u00edveis no Edital [&hellip;]<\/p>\n","protected":false},"author":2,"featured_media":0,"comment_status":"closed","ping_status":"closed","sticky":false,"template":"","format":"standard","meta":{"footnotes":""},"categories":[6],"tags":[339,1306,764,448,7611,4522],"class_list":{"0":"post-109520","1":"post","2":"type-post","3":"status-publish","4":"format-standard","6":"category-politica","7":"tag-aracaju","8":"tag-educacao","9":"tag-enem","10":"tag-governo-de-sergipe","11":"tag-pre-universitario","12":"tag-seed"},"_links":{"self":[{"href":"https:\/\/senoticias.com.br\/se\/wp-json\/wp\/v2\/posts\/109520"}],"collection":[{"href":"https:\/\/senoticias.com.br\/se\/wp-json\/wp\/v2\/posts"}],"about":[{"href":"https:\/\/senoticias.com.br\/se\/wp-json\/wp\/v2\/types\/post"}],"author":[{"embeddable":true,"href":"https:\/\/senoticias.com.br\/se\/wp-json\/wp\/v2\/users\/2"}],"replies":[{"embeddable":true,"href":"https:\/\/senoticias.com.br\/se\/wp-json\/wp\/v2\/comments?post=109520"}],"version-history":[{"count":0,"href":"https:\/\/senoticias.com.br\/se\/wp-json\/wp\/v2\/posts\/109520\/revisions"}],"wp:attachment":[{"href":"https:\/\/senoticias.com.br\/se\/wp-json\/wp\/v2\/media?parent=109520"}],"wp:term":[{"taxonomy":"category","embeddable":true,"href":"https:\/\/senoticias.com.br\/se\/wp-json\/wp\/v2\/categories?post=109520"},{"taxonomy":"post_tag","embeddable":true,"href":"https:\/\/senoticias.com.br\/se\/wp-json\/wp\/v2\/tags?post=109520"}],"curies":[{"name":"wp","href":"https:\/\/api.w.org\/{rel}","templated":true}]}}