{"id":109506,"date":"2018-01-03T11:22:37","date_gmt":"2018-01-03T14:22:37","guid":{"rendered":"http:\/\/senoticias.com.br\/se\/?p=109506"},"modified":"2018-01-03T11:41:44","modified_gmt":"2018-01-03T14:41:44","slug":"policia-civil-prende-homem-que-realizou-tres-homicidios-em-aracaju","status":"publish","type":"post","link":"https:\/\/senoticias.com.br\/se\/policia-civil-prende-homem-que-realizou-tres-homicidios-em-aracaju\/","title":{"rendered":"Pol\u00edcia Civil prende homem que assassinou tr\u00eas pessoas em Aracaju"},"content":{"rendered":"<p><!-- [if lte IE 9]>\n<script type=\"text\/javascript\" src=\"\/Scripts\/html5shiv.min.js\"><\/script>\n        <script type=\"text\/javascript\" src=\"\/Scripts\/respond.min.js\"><\/script>\n<![endif]--><\/p>\n<div id=\"main-notice\" class=\"container\" data-ng-class=\"{'container': app.paginaPrincipal}\">\n<div class=\"row ng-scope\" data-ng-init=\"noticias.obterDetalhes()\" data-ng-controller=\"NoticiasController as noticias\" data-ng-show=\"noticias.noticia\">\n<div class=\"col-md-12\">\n<div class=\"panel panel-white\">\n<div class=\"panel-body\">\n<div class=\"form-group\">\n<div id=\"attachment_109508\" style=\"width: 363px\" class=\"wp-caption alignright\"><a href=\"http:\/\/senoticias.com.br\/se\/wp-content\/uploads\/2018\/01\/Arlindo-suspeito-.jpg\"><img loading=\"lazy\" decoding=\"async\" aria-describedby=\"caption-attachment-109508\" class=\"size-full wp-image-109508\" src=\"http:\/\/senoticias.com.br\/se\/wp-content\/uploads\/2018\/01\/Arlindo-suspeito-.jpg\" alt=\"Jos\u00e9 Arlindo Ara\u00fajo foi preso em Laranjeiras e confessou os crimes; Outros dois continuam foragidos \" width=\"353\" height=\"508\" srcset=\"https:\/\/senoticias.com.br\/se\/wp-content\/uploads\/2018\/01\/Arlindo-suspeito-.jpg 353w, https:\/\/senoticias.com.br\/se\/wp-content\/uploads\/2018\/01\/Arlindo-suspeito--208x300.jpg 208w\" sizes=\"(max-width: 353px) 100vw, 353px\" \/><\/a><p id=\"caption-attachment-109508\" class=\"wp-caption-text\">Jos\u00e9 Arlindo Ara\u00fajo foi preso em Laranjeiras e confessou os crimes (foto: SSP\/SE)\u00a0<\/p><\/div>\n<p style=\"text-align: justify;\">Uma a\u00e7\u00e3o conjunta entre o Departamento de Homic\u00eddio e Prote\u00e7\u00e3o \u00e0 Pessoa (DHPP) e o Grupo de A\u00e7\u00f5es T\u00e1ticas do Interior (Gati) resultou na pris\u00e3o de Jos\u00e9 Arlindo Ara\u00fajo, que matou tr\u00eas homens em Aracaju no segundo semestre de 2017. As investiga\u00e7\u00f5es tinham como foco um homic\u00eddio dentro de um transporte particular em outubro. A partir disso, a pol\u00edcia conseguiu identificar que o suspeito era o mesmo de outros casos que j\u00e1 estavam em andamento. As investiga\u00e7\u00f5es estavam sob o comando do delegado Kassio Viana que, na manh\u00e3 desta quarta-feira, trouxe detalhes da opera\u00e7\u00e3o.<\/p>\n<p style=\"text-align: justify;\">&#8220;O crime ocorreu no dia 19 de outubro de 2017. Iniciadas as investiga\u00e7\u00f5es, recebemos a informa\u00e7\u00e3o de que a v\u00edtima (Vin\u00edcius) j\u00e1 tinha sofrido uma tentativa de homic\u00eddio em Japaratuba no m\u00eas de setembro. Levantamos informa\u00e7\u00f5es sobre quem teria feito isso l\u00e1. A partir dos autores de l\u00e1,n\u00f3s conseguimos identificar um poss\u00edvel executor do crime. Conseguimos uma fotografia dele e quando n\u00f3s fomos visualizar as imagens que foram filmadas no Burger King, local no qual eles pegaram o Uber.<\/p>\n<p style=\"text-align: justify;\">Ent\u00e3o constatamos que a imagem se tratava do mesmo suspeito que n\u00f3s t\u00ednhamos. Fizemos outras investiga\u00e7\u00f5es que n\u00e3o posso revelar neste momento e constatamos que realmente era ele o autor do crime, o Jos\u00e9 Arlindo Ara\u00fajo. As informa\u00e7\u00f5es iniciais s\u00e3o de que ele cometeu o crime e, ao sair do ve\u00edculo Uber, fugiu em um carro branco, um Gol, mesmo ve\u00edculo utilizado na tentativa de homic\u00eddio da mesma pessoa, Vin\u00edcius, em Japaratuba no m\u00eas de setembro. Por isso, n\u00f3s pedimos a pris\u00e3o dele e de outros dois suspeitos. Os outros dois seriam os mandantes e que deram suporte a Arlindo na fuga.<\/p>\n<p style=\"text-align: justify;\">Assim que conseguimos os mandados de pris\u00e3o sa\u00edmos em busca deles, principalmente do executor. Fomos v\u00e1rias vezes ao povoado Mussuca para prend\u00ea-lo. No m\u00eas de dezembro n\u00f3s tentamos em uma resid\u00eancia que ele vivia em Laranjeiras, no povoado Mussuca, e n\u00e3o conseguimos, ele fugiu, mas encontramos l\u00e1, nessa oportunidade, uma arma de fogo calibre 38 e uma camisa igual a que ele estava usando no dia do crime dentro do Uber. Depois disso mantivemos contato com delegacias do interior e com o grupamento do Gati, que atua de forma muito competente tamb\u00e9m no interior&#8221;, explicou Kassio Viana.<\/p>\n<p style=\"text-align: justify;\">A pris\u00e3o de Jos\u00e9 Arlindo aconteceu no dia 30 de dezembro de 2017, em Laranjeiras, e depois ele foi ouvido pelo delegado. Na ocasi\u00e3o ele acabou confessando tr\u00eas crimes.<\/p>\n<p style=\"text-align: justify;\">&#8220;No \u00faltimo s\u00e1bado o Gati conseguiu prend\u00ea-lo no povoado Mussuca ap\u00f3s uma troca de tiros. A partir da\u00ed n\u00f3s fizemos a ouvida dele e ele confessou ter matado Vin\u00edcius. Confessou tamb\u00e9m outros dois crimes que n\u00f3s j\u00e1 t\u00ednhamos suspeita de que teria sido ele tamb\u00e9m. Um foi a morte de um jovem chamado Luiz que estava vendendo frutas e verduras na feira do Siqueira Campos, tomou um tiro na nuca no dia 28 de setembro de 2017. No dia 23 de novembro, outro vendedor de frutas foi morto tamb\u00e9m, agora na Avenida Maranh\u00e3o. E nosso suspeito principal era o Jos\u00e9 Arlindo e ele confessou esses crimes tamb\u00e9m. O que ele alega \u00e9 que matou os tr\u00eas para n\u00e3o morrer. Ele nos disse que todas essas pessoas que ele matou queriam mat\u00e1-lo e por isso ele foi l\u00e1 e matou, mas na verdade o que a investiga\u00e7\u00e3o sugere e encaminha \u00e9 que trata-se de uma briga de ponto de drogas no interior do estado e acaba resvalando aqui na cidade de Aracaju&#8221;, afirmou o delegado Kassio Viana.<\/p>\n<p style=\"text-align: justify;\"><strong>Foragidos<br \/>\n<\/strong><br \/>\nOutros dois homens continuam foragidos, s\u00e3o eles: Wellington Gouveia e Ismaike Stanelly dos Santos Oliveira, ambos da cidade de Japaratuba, segundo o delegado. Para ajudar na busca, basta ligar no <strong>181<\/strong> e voc\u00ea ter\u00e1 sua identidade preservada. &#8220;Esses dois est\u00e3o foragidos, ent\u00e3o se a popula\u00e7\u00e3o tiver qualquer informa\u00e7\u00e3o deles pode nos passar para que possamos prend\u00ea-los o mais r\u00e1pido poss\u00edvel. At\u00e9 agora esses dois s\u00f3 tem rela\u00e7\u00e3o com o crime dentro do Uber, mas provavelmente todos esses crimes est\u00e3o ligados a tr\u00e1fico de drogas. \u00c9 um grupo que n\u00e3o s\u00f3 trafica drogas, mas tamb\u00e9m pratica assaltos, temos essas informa\u00e7\u00f5es, em especial nas cidades de Japaratuba e Pirambu&#8221;, finalizou o delegado.<\/p>\n<\/div>\n<p style=\"text-align: justify;\"><a href=\"http:\/\/senoticias.com.br\/se\/wp-content\/uploads\/2017\/12\/Logomarca-fone-SE-4-3.jpg\"><img loading=\"lazy\" decoding=\"async\" class=\"aligncenter size-full wp-image-109355\" src=\"http:\/\/senoticias.com.br\/se\/wp-content\/uploads\/2017\/12\/Logomarca-fone-SE-4-3.jpg\" alt=\"Logomarca-fone-SE-4\" width=\"599\" height=\"78\" srcset=\"https:\/\/senoticias.com.br\/se\/wp-content\/uploads\/2017\/12\/Logomarca-fone-SE-4-3.jpg 599w, https:\/\/senoticias.com.br\/se\/wp-content\/uploads\/2017\/12\/Logomarca-fone-SE-4-3-300x39.jpg 300w\" sizes=\"(max-width: 599px) 100vw, 599px\" \/><\/a><\/p>\n<p style=\"text-align: justify;\">\u00a0<em><strong>Acompanhe tamb\u00e9m o SE Not\u00edcias no\u00a0<a href=\"https:\/\/twitter.com\/Senoticias\" target=\"_blank\">Twitter<\/a>,\u00a0<a href=\"https:\/\/www.facebook.com\/senoticias1\" target=\"_blank\">Facebook<\/a>\u00a0e no\u00a0<a href=\"https:\/\/www.instagram.com\/senoticias\/\" target=\"_blank\">Instagram<\/a>\u00a0<\/strong><\/em><\/p>\n<p style=\"text-align: justify;\"><em>Informa\u00e7\u00f5es da SSP\/SE<\/em><\/p>\n<\/div>\n<\/div>\n<\/div>\n<\/div>\n<\/div>\n","protected":false},"excerpt":{"rendered":"<p>Uma a\u00e7\u00e3o conjunta entre o Departamento de Homic\u00eddio e Prote\u00e7\u00e3o \u00e0 Pessoa (DHPP) e o Grupo de A\u00e7\u00f5es T\u00e1ticas do Interior (Gati) resultou na pris\u00e3o de Jos\u00e9 Arlindo Ara\u00fajo, que matou tr\u00eas homens em Aracaju no segundo semestre de 2017. As investiga\u00e7\u00f5es tinham como foco um homic\u00eddio dentro de um transporte particular em outubro. A [&hellip;]<\/p>\n","protected":false},"author":2,"featured_media":109508,"comment_status":"closed","ping_status":"closed","sticky":false,"template":"","format":"standard","meta":{"footnotes":""},"categories":[15,7],"tags":[7899,7026,2621,472,7900,7025,78],"class_list":{"0":"post-109506","1":"post","2":"type-post","3":"status-publish","4":"format-standard","5":"has-post-thumbnail","7":"category-destaques","8":"category-policia","9":"tag-delegado-kassio-viana","10":"tag-departamento-de-homicidio-e-protecao-a-pessoa","11":"tag-dhpp","12":"tag-gati","13":"tag-grupo-de-acoes-taticas-do-interior","14":"tag-kassio-viana","15":"tag-policia-civil"},"_links":{"self":[{"href":"https:\/\/senoticias.com.br\/se\/wp-json\/wp\/v2\/posts\/109506"}],"collection":[{"href":"https:\/\/senoticias.com.br\/se\/wp-json\/wp\/v2\/posts"}],"about":[{"href":"https:\/\/senoticias.com.br\/se\/wp-json\/wp\/v2\/types\/post"}],"author":[{"embeddable":true,"href":"https:\/\/senoticias.com.br\/se\/wp-json\/wp\/v2\/users\/2"}],"replies":[{"embeddable":true,"href":"https:\/\/senoticias.com.br\/se\/wp-json\/wp\/v2\/comments?post=109506"}],"version-history":[{"count":0,"href":"https:\/\/senoticias.com.br\/se\/wp-json\/wp\/v2\/posts\/109506\/revisions"}],"wp:featuredmedia":[{"embeddable":true,"href":"https:\/\/senoticias.com.br\/se\/wp-json\/wp\/v2\/media\/109508"}],"wp:attachment":[{"href":"https:\/\/senoticias.com.br\/se\/wp-json\/wp\/v2\/media?parent=109506"}],"wp:term":[{"taxonomy":"category","embeddable":true,"href":"https:\/\/senoticias.com.br\/se\/wp-json\/wp\/v2\/categories?post=109506"},{"taxonomy":"post_tag","embeddable":true,"href":"https:\/\/senoticias.com.br\/se\/wp-json\/wp\/v2\/tags?post=109506"}],"curies":[{"name":"wp","href":"https:\/\/api.w.org\/{rel}","templated":true}]}}