{"id":109496,"date":"2018-01-02T22:34:37","date_gmt":"2018-01-03T01:34:37","guid":{"rendered":"http:\/\/senoticias.com.br\/se\/?p=109496"},"modified":"2018-01-05T17:17:59","modified_gmt":"2018-01-05T20:17:59","slug":"planos-de-saude-passam-a-cobrir-18-novos-procedimentos-veja-lista","status":"publish","type":"post","link":"https:\/\/senoticias.com.br\/se\/planos-de-saude-passam-a-cobrir-18-novos-procedimentos-veja-lista\/","title":{"rendered":"Planos de sa\u00fade passam a cobrir 18 novos procedimentos; veja lista"},"content":{"rendered":"<p style=\"text-align: justify;\">A lista com 18 novos procedimentos que os planos de sa\u00fade ser\u00e3o obrigados a cobrir, aprovada em novembro do ano passado, passa a valer a partir desta ter\u00e7a-feira (2). S\u00e3o exames, terapias e cirurgias (veja quais s\u00e3o no fim da reportagem).<\/p>\n<p style=\"text-align: justify;\">Tamb\u00e9m ser\u00e1 ampliada a cobertura para outros sete procedimentos, incluindo medicamentos orais contra o c\u00e2ncer e um rem\u00e9dio para tratamento de esclerose m\u00faltipla, algo in\u00e9dito no Rol de Procedimentos, segundo a ANS.<\/p>\n<div id=\"attachment_109498\" style=\"width: 609px\" class=\"wp-caption aligncenter\"><a href=\"http:\/\/senoticias.com.br\/se\/wp-content\/uploads\/2018\/01\/Planos-de-saude-senoticias-e1514943056768.jpg\"><img loading=\"lazy\" decoding=\"async\" aria-describedby=\"caption-attachment-109498\" class=\"size-full wp-image-109498\" src=\"http:\/\/senoticias.com.br\/se\/wp-content\/uploads\/2018\/01\/Planos-de-saude-senoticias-e1514943056768.jpg\" alt=\"Lista inclui medicamentos orais contra o c\u00e2ncer e um rem\u00e9dio para tratamento de esclerose m\u00faltipla.\" width=\"599\" height=\"400\" \/><\/a><p id=\"caption-attachment-109498\" class=\"wp-caption-text\">Lista inclui medicamentos orais contra o c\u00e2ncer e um rem\u00e9dio para tratamento de esclerose m\u00faltipla (foto: arquivo\/Ag\u00eancia Brasil)<\/p><\/div>\n<p style=\"text-align: justify;\">A nova cobertura atender\u00e1 42,5 milh\u00f5es de benefici\u00e1rios que possuem planos de assist\u00eancia m\u00e9dica e 22,6 milh\u00f5es que t\u00eam planos odontol\u00f3gicos, de acordo com a ANS.<\/p>\n<p style=\"text-align: justify;\">A multa prevista para as operadoras que n\u00e3o cumprirem a cobertura obrigat\u00f3ria \u00e9 de R$ 80 mil por infra\u00e7\u00e3o cometida.<\/p>\n<p style=\"text-align: justify;\">A cobertura faz parte do Rol de Procedimentos e Eventos em Sa\u00fade, obrigat\u00f3rio para todos os planos de sa\u00fade novos, ou seja, aqueles que foram contratados a partir de janeiro de 1999 ou que foram adaptados \u00e0 nova legisla\u00e7\u00e3o (Lei n\u00ba 9.656\/98). A lista \u00e9 atualizada a cada dois anos.<\/p>\n<p style=\"text-align: justify;\">A atualiza\u00e7\u00e3o do Rol de Procedimentos foi feita ap\u00f3s discuss\u00e3o pelo Comit\u00ea Permanente de Regula\u00e7\u00e3o da Aten\u00e7\u00e3o \u00e0 Sa\u00fade (Cosa\u00fade), composto por representantes do governo, do setor de sa\u00fade suplementar e de \u00f3rg\u00e3os de defesa do consumidor.<\/p>\n<p style=\"text-align: justify;\">Passada essa etapa, o tema passou por consulta p\u00fablica para manifesta\u00e7\u00e3o da sociedade. A Consulta P\u00fablica n\u00ba 61 ficou dispon\u00edvel entre 27 de junho e 26 de julho de 2017 e recebeu 5.259 contribui\u00e7\u00f5es online \u2013 53% de consumidores, 26% de contribuintes que se identificaram como &#8220;outros&#8221;, 13% de prestadores de servi\u00e7o, 4% de servidores p\u00fablicos, 3% de operadoras de planos de sa\u00fade e 1% de gestores.<\/p>\n<p>Confira os principais procedimentos incorporados \u00e0 lista:<\/p>\n<p style=\"text-align: justify;\"><strong>C\u00e2ncer<\/strong><br \/>\n8 medicamentos orais para tratamento de c\u00e2nceres \u2013 pulm\u00e3o, melanoma, pr\u00f3stata, tumores neuroend\u00f3crinos, mielofibrose e leucemia (afatinibe, crizotinibe, dabrafenibe, enzalutamida, everolimo, ruxolitinibe, ibrutinibe e tramatinibe);<\/p>\n<p>Tomografia Computadorizada por Emiss\u00e3o de P\u00f3sitrons (PET-CT) para diagn\u00f3stico de tumores neuroend\u00f3crinos.<\/p>\n<p><strong>Esclerose m\u00faltipla<\/strong><br \/>\nMedicamento imunobiol\u00f3gico (natalizumabe).<\/p>\n<p style=\"text-align: justify;\"><strong>Olhos<\/strong><br \/>\nQuimioterapia com antiangiog\u00eanico e tomografia de coer\u00eancia \u00f3tica para tratamento do edema macular secund\u00e1rio, retinopatia diab\u00e9tica, oclus\u00e3o de veia central da retina e oclus\u00e3o de ramo de veia central da retina;<\/p>\n<p style=\"text-align: justify;\">Radia\u00e7\u00e3o para tratamento de ceratocone.<\/p>\n<p><strong>Mulheres<\/strong><br \/>\nCirurgia laparosc\u00f3pica para tratamento de c\u00e2ncer de ov\u00e1rio (debulking);<\/p>\n<p>Cirurgia laparosc\u00f3pica para restaurar o suporte p\u00e9lvico (prolapso de c\u00fapula vaginal);<\/p>\n<p>Cirurgia laparosc\u00f3pica para desobstru\u00e7\u00e3o das tubas uterinas;<\/p>\n<p>Cirurgia laparosc\u00f3pica para restaurar a permeabilidade das tubas uterinas.<\/p>\n<p>Pesquisa em l\u00edquido amni\u00f3tico por PCR: exame laboratorial para o diagn\u00f3stico da toxoplasmose gestacional.<\/p>\n<p><strong>Crian\u00e7as<\/strong><br \/>\nEndoscopia para tratamento do refluxo vesicoureteral, doen\u00e7a relacionada a infec\u00e7\u00f5es urin\u00e1rias;<\/p>\n<p>Terapia imunoprofil\u00e1tica contra v\u00edrus sincicial respirat\u00f3rio (palivizumabe).<\/p>\n<p>Veja a lista completa com os 18 procedimentos <a href=\"http:\/\/estaticog1.globo.com\/2017\/11\/07\/Lista_Incorporacao_Final.pdf\"><strong>neste link<\/strong><\/a><\/p>\n<p><strong>Como denunciar uma operadora que n\u00e3o cumpre as mudan\u00e7as?<\/strong><br \/>\nO consumidor precisa entrar em contato com a ANS. Seguem os canais:<\/p>\n<p style=\"text-align: justify;\">Atendimento telef\u00f4nico: 0800 701 9656, dispon\u00edvel de segunda a sexta-feira, das 8h \u00e0s 20h, exceto feriados;<br \/>\nPortal da ANS: recebe informa\u00e7\u00f5es 24h pelo site;<br \/>\nAtendimento presencial: segunda a sexta-feira, das 8h30 \u00e0s 16h30, exceto feriados, em 12 cidades localizadas nas cinco regi\u00f5es do Brasil.<\/p>\n<p style=\"text-align: justify;\"><a href=\"http:\/\/senoticias.com.br\/se\/wp-content\/uploads\/2017\/12\/Logomarca-fone-SE-4-3.jpg\"><img loading=\"lazy\" decoding=\"async\" class=\"aligncenter size-full wp-image-109355\" src=\"http:\/\/senoticias.com.br\/se\/wp-content\/uploads\/2017\/12\/Logomarca-fone-SE-4-3.jpg\" alt=\"Logomarca-fone-SE-4\" width=\"599\" height=\"78\" srcset=\"https:\/\/senoticias.com.br\/se\/wp-content\/uploads\/2017\/12\/Logomarca-fone-SE-4-3.jpg 599w, https:\/\/senoticias.com.br\/se\/wp-content\/uploads\/2017\/12\/Logomarca-fone-SE-4-3-300x39.jpg 300w\" sizes=\"(max-width: 599px) 100vw, 599px\" \/><\/a><\/p>\n<p style=\"text-align: justify;\"><em><strong>Acompanhe tamb\u00e9m o SE Not\u00edcias no\u00a0<a href=\"https:\/\/twitter.com\/Senoticias\" target=\"_blank\">Twitter<\/a>,\u00a0<a href=\"https:\/\/www.facebook.com\/senoticias1\" target=\"_blank\">Facebook<\/a>\u00a0e no\u00a0<a href=\"https:\/\/www.instagram.com\/senoticias\/\" target=\"_blank\">Instagram<\/a>\u00a0<\/strong><\/em><\/p>\n<p><em>Ag\u00eancia Nacional de Sa\u00fade<\/em><\/p>\n","protected":false},"excerpt":{"rendered":"<p>A lista com 18 novos procedimentos que os planos de sa\u00fade ser\u00e3o obrigados a cobrir, aprovada em novembro do ano passado, passa a valer a partir desta ter\u00e7a-feira (2). S\u00e3o exames, terapias e cirurgias (veja quais s\u00e3o no fim da reportagem). Tamb\u00e9m ser\u00e1 ampliada a cobertura para outros sete procedimentos, incluindo medicamentos orais contra o [&hellip;]<\/p>\n","protected":false},"author":2,"featured_media":109498,"comment_status":"closed","ping_status":"closed","sticky":false,"template":"","format":"standard","meta":{"footnotes":""},"categories":[15,8],"tags":[7890,7891,3504,935],"class_list":{"0":"post-109496","1":"post","2":"type-post","3":"status-publish","4":"format-standard","5":"has-post-thumbnail","7":"category-destaques","8":"category-esporte-e-cultura","9":"tag-18-novos-procedimentos","10":"tag-agencia-nacional-de-saude","11":"tag-ans","12":"tag-planos-de-saude"},"_links":{"self":[{"href":"https:\/\/senoticias.com.br\/se\/wp-json\/wp\/v2\/posts\/109496"}],"collection":[{"href":"https:\/\/senoticias.com.br\/se\/wp-json\/wp\/v2\/posts"}],"about":[{"href":"https:\/\/senoticias.com.br\/se\/wp-json\/wp\/v2\/types\/post"}],"author":[{"embeddable":true,"href":"https:\/\/senoticias.com.br\/se\/wp-json\/wp\/v2\/users\/2"}],"replies":[{"embeddable":true,"href":"https:\/\/senoticias.com.br\/se\/wp-json\/wp\/v2\/comments?post=109496"}],"version-history":[{"count":0,"href":"https:\/\/senoticias.com.br\/se\/wp-json\/wp\/v2\/posts\/109496\/revisions"}],"wp:featuredmedia":[{"embeddable":true,"href":"https:\/\/senoticias.com.br\/se\/wp-json\/wp\/v2\/media\/109498"}],"wp:attachment":[{"href":"https:\/\/senoticias.com.br\/se\/wp-json\/wp\/v2\/media?parent=109496"}],"wp:term":[{"taxonomy":"category","embeddable":true,"href":"https:\/\/senoticias.com.br\/se\/wp-json\/wp\/v2\/categories?post=109496"},{"taxonomy":"post_tag","embeddable":true,"href":"https:\/\/senoticias.com.br\/se\/wp-json\/wp\/v2\/tags?post=109496"}],"curies":[{"name":"wp","href":"https:\/\/api.w.org\/{rel}","templated":true}]}}