{"id":109474,"date":"2018-01-02T11:35:48","date_gmt":"2018-01-02T14:35:48","guid":{"rendered":"http:\/\/senoticias.com.br\/se\/?p=109474"},"modified":"2018-01-05T17:19:15","modified_gmt":"2018-01-05T20:19:15","slug":"delegacias-plantonistas-registram-45-prisoes-em-flagrante-no-final-de-semana-prolongado","status":"publish","type":"post","link":"https:\/\/senoticias.com.br\/se\/delegacias-plantonistas-registram-45-prisoes-em-flagrante-no-final-de-semana-prolongado\/","title":{"rendered":"Delegacias Plantonistas registram 45 pris\u00f5es em flagrante no final de semana prolongado"},"content":{"rendered":"<p><!-- [if lte IE 9]>\n<script type=\"text\/javascript\" src=\"\/Scripts\/html5shiv.min.js\"><\/script>\n        <script type=\"text\/javascript\" src=\"\/Scripts\/respond.min.js\"><\/script>\n<![endif]--><\/p>\n<div id=\"main-notice\" class=\"container\" data-ng-class=\"{'container': app.paginaPrincipal}\">\n<div class=\"row ng-scope\" data-ng-init=\"noticias.obterDetalhes()\" data-ng-controller=\"NoticiasController as noticias\" data-ng-show=\"noticias.noticia\">\n<div class=\"col-md-12\">\n<div class=\"panel panel-white\">\n<div class=\"panel-body\">\n<div class=\"form-group\">\n<div class=\"form-group\">\n<p style=\"text-align: justify;\">Da noite de sexta-feira, 29 de dezembro, at\u00e9 o in\u00edcio da manh\u00e3 desta ter\u00e7a-feira, 2 de janeiro, foram registradas 45 pris\u00f5es nas delegacias plantonistas da capital e do interior. Entre os registros, foram computadas pris\u00f5es pelos crimes de embriaguez ao volante, roubo, furto, recepta\u00e7\u00e3o, tr\u00e1fico de drogas, porte ilegal de arma de fogo e tentativa de homic\u00eddio, corrup\u00e7\u00e3o de menores, les\u00e3o corporal, viol\u00eancia dom\u00e9stica e roubo majorado. Foram 30 pris\u00f5es na capital e 15 no interior do estado.<\/p>\n<div id=\"attachment_109475\" style=\"width: 609px\" class=\"wp-caption aligncenter\"><a href=\"http:\/\/senoticias.com.br\/se\/wp-content\/uploads\/2018\/01\/final-de-semana-e1514903637709.jpg\"><img loading=\"lazy\" decoding=\"async\" aria-describedby=\"caption-attachment-109475\" class=\"size-full wp-image-109475\" src=\"http:\/\/senoticias.com.br\/se\/wp-content\/uploads\/2018\/01\/final-de-semana-e1514903637709.jpg\" alt=\"As pris\u00f5es ocorreram entre a noite da sexta-feira (29) e o inicio da manh\u00e3 desta ter\u00e7a-feira (2) \" width=\"599\" height=\"379\" \/><\/a><p id=\"caption-attachment-109475\" class=\"wp-caption-text\">As pris\u00f5es ocorreram entre a noite da sexta-feira (29) e o inicio da manh\u00e3 desta ter\u00e7a-feira (2)<\/p><\/div>\n<\/div>\n<p><a href=\"http:\/\/senoticias.com.br\/se\/wp-content\/uploads\/2017\/12\/Logomarca-fone-SE-4-3.jpg\"><img loading=\"lazy\" decoding=\"async\" class=\"aligncenter size-full wp-image-109355\" src=\"http:\/\/senoticias.com.br\/se\/wp-content\/uploads\/2017\/12\/Logomarca-fone-SE-4-3.jpg\" alt=\"Logomarca-fone-SE-4\" width=\"599\" height=\"78\" srcset=\"https:\/\/senoticias.com.br\/se\/wp-content\/uploads\/2017\/12\/Logomarca-fone-SE-4-3.jpg 599w, https:\/\/senoticias.com.br\/se\/wp-content\/uploads\/2017\/12\/Logomarca-fone-SE-4-3-300x39.jpg 300w\" sizes=\"(max-width: 599px) 100vw, 599px\" \/><\/a><\/p>\n<\/div>\n<p><em><strong>Acompanhe tamb\u00e9m o SE Not\u00edcias no\u00a0<a href=\"https:\/\/twitter.com\/Senoticias\" target=\"_blank\">Twitter<\/a>,\u00a0<a href=\"https:\/\/www.facebook.com\/senoticias1\" target=\"_blank\">Facebook<\/a>\u00a0e no\u00a0<a href=\"https:\/\/www.instagram.com\/senoticias\/\" target=\"_blank\">Instagram<\/a>\u00a0<\/strong><\/em><\/p>\n<p><em>Informa\u00e7\u00f5es da SSP\/SE<\/em><\/p>\n<\/div>\n<\/div>\n<\/div>\n<\/div>\n<\/div>\n","protected":false},"excerpt":{"rendered":"<p>Da noite de sexta-feira, 29 de dezembro, at\u00e9 o in\u00edcio da manh\u00e3 desta ter\u00e7a-feira, 2 de janeiro, foram registradas 45 pris\u00f5es nas delegacias plantonistas da capital e do interior. Entre os registros, foram computadas pris\u00f5es pelos crimes de embriaguez ao volante, roubo, furto, recepta\u00e7\u00e3o, tr\u00e1fico de drogas, porte ilegal de arma de fogo e tentativa [&hellip;]<\/p>\n","protected":false},"author":2,"featured_media":109475,"comment_status":"closed","ping_status":"closed","sticky":false,"template":"","format":"standard","meta":{"footnotes":""},"categories":[15,7],"tags":[7877,680,7878],"class_list":{"0":"post-109474","1":"post","2":"type-post","3":"status-publish","4":"format-standard","5":"has-post-thumbnail","7":"category-destaques","8":"category-policia","9":"tag-45-prisoes","10":"tag-delegacias-plantonistas","11":"tag-final-de-semana-prolongado"},"_links":{"self":[{"href":"https:\/\/senoticias.com.br\/se\/wp-json\/wp\/v2\/posts\/109474"}],"collection":[{"href":"https:\/\/senoticias.com.br\/se\/wp-json\/wp\/v2\/posts"}],"about":[{"href":"https:\/\/senoticias.com.br\/se\/wp-json\/wp\/v2\/types\/post"}],"author":[{"embeddable":true,"href":"https:\/\/senoticias.com.br\/se\/wp-json\/wp\/v2\/users\/2"}],"replies":[{"embeddable":true,"href":"https:\/\/senoticias.com.br\/se\/wp-json\/wp\/v2\/comments?post=109474"}],"version-history":[{"count":0,"href":"https:\/\/senoticias.com.br\/se\/wp-json\/wp\/v2\/posts\/109474\/revisions"}],"wp:featuredmedia":[{"embeddable":true,"href":"https:\/\/senoticias.com.br\/se\/wp-json\/wp\/v2\/media\/109475"}],"wp:attachment":[{"href":"https:\/\/senoticias.com.br\/se\/wp-json\/wp\/v2\/media?parent=109474"}],"wp:term":[{"taxonomy":"category","embeddable":true,"href":"https:\/\/senoticias.com.br\/se\/wp-json\/wp\/v2\/categories?post=109474"},{"taxonomy":"post_tag","embeddable":true,"href":"https:\/\/senoticias.com.br\/se\/wp-json\/wp\/v2\/tags?post=109474"}],"curies":[{"name":"wp","href":"https:\/\/api.w.org\/{rel}","templated":true}]}}