{"id":109457,"date":"2018-01-01T11:02:22","date_gmt":"2018-01-01T14:02:22","guid":{"rendered":"http:\/\/senoticias.com.br\/se\/?p=109457"},"modified":"2018-01-05T17:19:56","modified_gmt":"2018-01-05T20:19:56","slug":"reveillon-foi-celebracao-com-o-povo-pelas-vitorias-de-aracaju-diz-edvaldo","status":"publish","type":"post","link":"https:\/\/senoticias.com.br\/se\/reveillon-foi-celebracao-com-o-povo-pelas-vitorias-de-aracaju-diz-edvaldo\/","title":{"rendered":"R\u00e9veillon foi celebra\u00e7\u00e3o com o povo pelas vit\u00f3rias de Aracaju, diz Edvaldo"},"content":{"rendered":"<p dir=\"ltr\" style=\"text-align: justify;\">O prefeito Edvaldo Nogueira se uniu a milhares de aracajuanos e turistas para celebrar a chegada do novo ano na Orla da Atalaia. O R\u00e9veillon, que foi realizado pela prefeitura de Aracaju em parceria com o Banco do Estado de Sergipe e o Sindicato das Empresas de Transporte de Passageiros de Aracaju (Setransp), teve um significado especial: a alegria da retomada da festa, que no \u00faltimo ano da gest\u00e3o passada, n\u00e3o ocorreu, e a comemora\u00e7\u00e3o pelas realiza\u00e7\u00f5es da atual administra\u00e7\u00e3o. O show contou com quatro atra\u00e7\u00f5es musicais e a queima de fogos, que iluminou o c\u00e9u da cidade nos primeiros 15 minutos de 2018.<\/p>\n<div id=\"attachment_109458\" style=\"width: 609px\" class=\"wp-caption aligncenter\"><a href=\"http:\/\/senoticias.com.br\/se\/wp-content\/uploads\/2018\/01\/fotos-Jana\u00edna-Santos-7-e1514814780903.jpg\"><img loading=\"lazy\" decoding=\"async\" aria-describedby=\"caption-attachment-109458\" class=\"size-full wp-image-109458\" src=\"http:\/\/senoticias.com.br\/se\/wp-content\/uploads\/2018\/01\/fotos-Jana\u00edna-Santos-7-e1514814780903.jpg\" alt=\"Uma multid\u00e3o tomou conta de parte da Orla da Atalaia na noite de domingo (31), para acompanhar a chegada de 2018. \" width=\"599\" height=\"428\" \/><\/a><p id=\"caption-attachment-109458\" class=\"wp-caption-text\">Uma multid\u00e3o tomou conta de parte da Orla da Atalaia na noite de domingo (31), para acompanhar a chegada de 2018 (foto: Jana\u00edna Santos\/AAN)<\/p><\/div>\n<p dir=\"ltr\" style=\"text-align: justify;\">Ao realizar a contagem regressiva, o prefeito destacou a sua satisfa\u00e7\u00e3o em ver retomado o R\u00e9veillon e fez votos de &#8220;um ano melhor para o pa\u00eds e de mais amor para o mundo&#8221;. &#8220;Estou muito feliz em trazer de volta o R\u00e9veillon, que n\u00e3o ocorria h\u00e1 dois anos. Gra\u00e7as \u00e0 parceria com o Banese e o Setransp, voltamos a entrar o ano novo com uma festa linda como esta. Que 2018 traga muita paz, sa\u00fade e fraternidade para todos&#8221;, disse Edvaldo para a multid\u00e3o.<\/p>\n<div id=\"attachment_109459\" style=\"width: 609px\" class=\"wp-caption aligncenter\"><a href=\"http:\/\/senoticias.com.br\/se\/wp-content\/uploads\/2018\/01\/fotos-Jana\u00edna-Santos-6-e1514815289894.jpg\"><img loading=\"lazy\" decoding=\"async\" aria-describedby=\"caption-attachment-109459\" class=\"size-full wp-image-109459\" src=\"http:\/\/senoticias.com.br\/se\/wp-content\/uploads\/2018\/01\/fotos-Jana\u00edna-Santos-6-e1514815289894.jpg\" alt=\"Para fazer a contagem regressiva e dar as boas vindas para 2018 junto com a popula\u00e7\u00e3o, estiveram presentes o prefeito Edvaldo Nogueira, a vice-prefeita Eliane Aquino, o presidente da Funcaju, Silvio Santos e a primeira-dama Danusa Silva (foto: Jana\u00edna Santos\/AAN)\" width=\"599\" height=\"428\" \/><\/a><p id=\"caption-attachment-109459\" class=\"wp-caption-text\">Para fazer a contagem regressiva e dar as boas vindas para 2018 junto com a popula\u00e7\u00e3o, estiveram presentes o prefeito Edvaldo Nogueira, a vice-prefeita Eliane Aquino, o presidente da Funcaju, Silvio Santos e a primeira-dama Danusa Silva (foto: Jana\u00edna Santos\/AAN)<\/p><\/div>\n<p dir=\"ltr\" style=\"text-align: justify;\">Para o prefeito, a festa d\u00e1 oportunidade para a \u201ccomemora\u00e7\u00e3o de muitas vit\u00f3rias&#8221;. &#8220;\u00c9 momento de muita alegria. A gente s\u00f3 pode comemorar, s\u00e3o muitas vit\u00f3rias. Apesar das dificuldades, vencemos muitos desafios, e iremos trabalhar mais, fazer mais e melhor por Aracaju. Encontramos a prefeitura numa situa\u00e7\u00e3o dif\u00edcil. Mas enfrentamos os problemas. Pagamos rigorosamente os sal\u00e1rios. Foi mais de R$ 1 bilh\u00e3o em sal\u00e1rios. Retomamos o funciona das escolas e dos postos de sa\u00fade, estamos realizando \u00a0o recapeamento asf\u00e1ltico por toda a cidade, iniciamos a licita\u00e7\u00e3o da limpeza p\u00fablica, estamos realizando obras. Fizemos muito e iremos avan\u00e7ar mais em 2018&#8221;, assegurou ele, que participou da festa ao lado da primeira-dama Danusa Silva.<\/p>\n<p dir=\"ltr\" style=\"text-align: justify;\">A vice-prefeita Eliane Aquino destacou que a presen\u00e7a das pessoas representa o apoio da popula\u00e7\u00e3o ao projeto de cidade que est\u00e1 em curso. \u201cO R\u00e9veillon de Aracaju \u00e9 tradi\u00e7\u00e3o e eu fico muito feliz em retornarmos essa festa t\u00e3o linda. Ver a Orla de Atalaia lotada no R\u00e9veillon \u00e9 muit\u00edssimo significativo pra mim. Essas pessoas est\u00e3o aqui porque acreditaram na nossa proposta de uma cidade para todas e todos. Feliz 2018, Aracaju. Que a f\u00e9, a esperan\u00e7a e o amor se renovem em cada cora\u00e7\u00e3o e que possamos aproveitar todas as oportunidades que o novo ano nos trar\u00e1\u201d, afirmou.<\/p>\n<p dir=\"ltr\" style=\"text-align: justify;\"><b>\u201cCom R\u00e9veillon, Edvaldo cumpre mais uma promessa\u201d<\/b><\/p>\n<p dir=\"ltr\" style=\"text-align: justify;\">Presidente do parlamento municipal, o vereador Nitinho Vitale disse que a retomada do R\u00e9veillon \u00e9 o cumprimento de mais uma promessa de Edvaldo com os aracajuanos. \u201cEdvaldo tem feito uma grande gest\u00e3o desde o in\u00edcio. Tem cumprido todas as promessas de campanha. Fazer o R\u00e9veillon na Orla \u00e9 mais uma delas. E o faz valorizando o artista da terra, o que representa a valoriza\u00e7\u00e3o do nosso povo\u201d, afirmou.<\/p>\n<p dir=\"ltr\" style=\"text-align: justify;\">Um dos respons\u00e1veis pela organiza\u00e7\u00e3o da festa, o presidente da Funda\u00e7\u00e3o Cultural Cidade de Aracaju (Funcaju), Silvio Santos, ressaltou que o primeiro R\u00e9veillon da atual gest\u00e3o foi \u201c\u00e0 altura das expectativas do povo\u201d. \u201cO esfor\u00e7o do prefeito Edvaldo Nogueira fez com realiz\u00e1ssemos uma festa \u00e0 altura das expectativas dos aracajuanos. Fizemos uma programa\u00e7\u00e3o para todos os gostos. Oferecemos ao povo uma festa com muita seguran\u00e7a e tranquilidade. Fam\u00edlias inteiras vieram para fazer uma grande confraterniza\u00e7\u00e3o e esperar que 2018 seja um ano de muitas conquistas\u201d, disse.<\/p>\n<p dir=\"ltr\" style=\"text-align: justify;\">O secret\u00e1rio municipal da Comunica\u00e7\u00e3o, Luciano Correia, que tamb\u00e9m responde pela realiza\u00e7\u00e3o do evento, salientou que a retomada do R\u00e9veillon, ao final do primeiro ano da gest\u00e3o de Edvaldo Nogueira, se d\u00e1 em \u201coutro patamar da vida da cidade\u201d. \u201cO primeiro m\u00e9rito \u00e9 do trabalho do prefeito em buscar parcerias, inaugurando, de fato, um jeito novo de fazer pol\u00edtica. Ele foi um administrador que lidou com as dificuldades desde o come\u00e7o, com muita firmeza. A gente faz a virada em outro patamar. Os aracajuanos s\u00f3 ir\u00e3o ganhar em 2018. Aracaju realiza a sua retomada, a volta \u00e0 qualidade de vida\u201d, pontuou.<\/p>\n<p dir=\"ltr\"><b>A festa<\/b><\/p>\n<p dir=\"ltr\" style=\"text-align: justify;\">A programa\u00e7\u00e3o do R\u00e9veillon come\u00e7ou por volta das 21h, quando a cantora Maysa Reis subiu ao palco, realizando a abertura da festa. Ela cantou por quase 90 minutos, fazendo a alegria de quem chegava para o evento. Logo em seguida foi a vez da banda The Baggios, que, diante de uma multid\u00e3o, cantou at\u00e9 o momento da virada.<\/p>\n<p dir=\"ltr\" style=\"text-align: justify;\">Feita a queima de fogos, que durou 15 minutos, foi a vez a banda pernambucana Patusco animar o povo j\u00e1 em 2018. Para encerrar a noite, o grupo Ultrassamba completou a mistura de ritmos que deu o tom da festa.<\/p>\n<p dir=\"ltr\" style=\"text-align: justify;\">\u201cO show teve um gosto especial com a retomada da festa. Ano passado ficamos na expectativa e infelizmente n\u00e3o aconteceu. Este ano, quando vi que teria a festa, fiquei feliz, e, com o convite, a alegria foi maior ainda. \u00c9 momento de lazer para o povo, de atrair o turista para conhecer nossa cidade e de gerar renda para Aracaju\u201d, destacou Maysa Reis.<\/p>\n<p dir=\"ltr\" style=\"text-align: justify;\">O p\u00fablico presente aprovou a festa. O pedagogo Franklin Carlos disse que a festa \u201crealmente estava linda\u201d. \u201cEu sou de Aracaju, mas poucas vezes passei o r\u00e9veillon na cidade. Fiquei muito surpreso com a diversidade e com a qualidade. A prefeitura est\u00e1 de parab\u00e9ns\u201d, comentou.<\/p>\n<p dir=\"ltr\" style=\"text-align: justify;\">O baiano Robenilton Batista Ramos tamb\u00e9m aprovou e se emocionou com a queima de fogos. \u201cMuito bonito. Ano passado, a gente ficou sem. Achei muito bom que retornou esse ano. A gente come\u00e7a 2018 bem, feliz e emocionado\u201d, destacou.<\/p>\n<p dir=\"ltr\" style=\"text-align: justify;\"><a href=\"http:\/\/senoticias.com.br\/se\/wp-content\/uploads\/2017\/12\/Logomarca-fone-SE-4-3.jpg\"><img loading=\"lazy\" decoding=\"async\" class=\"aligncenter size-full wp-image-109355\" src=\"http:\/\/senoticias.com.br\/se\/wp-content\/uploads\/2017\/12\/Logomarca-fone-SE-4-3.jpg\" alt=\"Logomarca-fone-SE-4\" width=\"599\" height=\"78\" srcset=\"https:\/\/senoticias.com.br\/se\/wp-content\/uploads\/2017\/12\/Logomarca-fone-SE-4-3.jpg 599w, https:\/\/senoticias.com.br\/se\/wp-content\/uploads\/2017\/12\/Logomarca-fone-SE-4-3-300x39.jpg 300w\" sizes=\"(max-width: 599px) 100vw, 599px\" \/><\/a><\/p>\n<p dir=\"ltr\" style=\"text-align: justify;\"><em><strong>Acompanhe tamb\u00e9m o SE Not\u00edcias no\u00a0<a href=\"https:\/\/twitter.com\/Senoticias\" target=\"_blank\">Twitter<\/a>,\u00a0<a href=\"https:\/\/www.facebook.com\/senoticias1\" target=\"_blank\">Facebook<\/a>\u00a0e no\u00a0<a href=\"https:\/\/www.instagram.com\/senoticias\/\" target=\"_blank\">Instagram<\/a>\u00a0<\/strong><\/em><\/p>\n<p dir=\"ltr\" style=\"text-align: justify;\"><em>Por Valter Lima, da Assessoria de Imprensa \/ Prefeitura de Aracaju<\/em><\/p>\n","protected":false},"excerpt":{"rendered":"<p>O prefeito Edvaldo Nogueira se uniu a milhares de aracajuanos e turistas para celebrar a chegada do novo ano na Orla da Atalaia. O R\u00e9veillon, que foi realizado pela prefeitura de Aracaju em parceria com o Banco do Estado de Sergipe e o Sindicato das Empresas de Transporte de Passageiros de Aracaju (Setransp), teve um [&hellip;]<\/p>\n","protected":false},"author":2,"featured_media":109458,"comment_status":"closed","ping_status":"closed","sticky":false,"template":"","format":"standard","meta":{"footnotes":""},"categories":[21,8],"tags":[698,2772,7865,7864,213,7863],"class_list":{"0":"post-109457","1":"post","2":"type-post","3":"status-publish","4":"format-standard","5":"has-post-thumbnail","7":"category-entretenimento","8":"category-esporte-e-cultura","9":"tag-edvaldo-nogueira","10":"tag-funcaju","11":"tag-fundacao-cultural-cidade-de-aracaju","12":"tag-prefeito-edvaldo-nogueira","13":"tag-prefeitura-de-aracaju","14":"tag-reveillon-na-orla"},"_links":{"self":[{"href":"https:\/\/senoticias.com.br\/se\/wp-json\/wp\/v2\/posts\/109457"}],"collection":[{"href":"https:\/\/senoticias.com.br\/se\/wp-json\/wp\/v2\/posts"}],"about":[{"href":"https:\/\/senoticias.com.br\/se\/wp-json\/wp\/v2\/types\/post"}],"author":[{"embeddable":true,"href":"https:\/\/senoticias.com.br\/se\/wp-json\/wp\/v2\/users\/2"}],"replies":[{"embeddable":true,"href":"https:\/\/senoticias.com.br\/se\/wp-json\/wp\/v2\/comments?post=109457"}],"version-history":[{"count":0,"href":"https:\/\/senoticias.com.br\/se\/wp-json\/wp\/v2\/posts\/109457\/revisions"}],"wp:featuredmedia":[{"embeddable":true,"href":"https:\/\/senoticias.com.br\/se\/wp-json\/wp\/v2\/media\/109458"}],"wp:attachment":[{"href":"https:\/\/senoticias.com.br\/se\/wp-json\/wp\/v2\/media?parent=109457"}],"wp:term":[{"taxonomy":"category","embeddable":true,"href":"https:\/\/senoticias.com.br\/se\/wp-json\/wp\/v2\/categories?post=109457"},{"taxonomy":"post_tag","embeddable":true,"href":"https:\/\/senoticias.com.br\/se\/wp-json\/wp\/v2\/tags?post=109457"}],"curies":[{"name":"wp","href":"https:\/\/api.w.org\/{rel}","templated":true}]}}