{"id":109434,"date":"2017-12-30T13:25:09","date_gmt":"2017-12-30T16:25:09","guid":{"rendered":"http:\/\/senoticias.com.br\/se\/?p=109434"},"modified":"2017-12-31T17:16:27","modified_gmt":"2017-12-31T20:16:27","slug":"culto-da-virada-reune-centenas-de-evangelicos-em-aracaju","status":"publish","type":"post","link":"https:\/\/senoticias.com.br\/se\/culto-da-virada-reune-centenas-de-evangelicos-em-aracaju\/","title":{"rendered":"Culto da virada re\u00fane centenas de evang\u00e9licos em Aracaju"},"content":{"rendered":"<p style=\"text-align: justify;\">Neste domingo (31), a Igreja do Evangelho Quadrangular do Bairro Jardins, em Aracaju (SE) vai realizar a festa da Virada de Ano com Cristo. O evento come\u00e7a \u00e0s 22h e tem previs\u00e3o para encerra \u00e0s 0h22.<\/p>\n<div id=\"attachment_109435\" style=\"width: 609px\" class=\"wp-caption aligncenter\"><a href=\"http:\/\/senoticias.com.br\/se\/wp-content\/uploads\/2017\/12\/reveillon-da-igreja-quadrangular-de-aracaju-e1514650912239.jpg\"><img loading=\"lazy\" decoding=\"async\" aria-describedby=\"caption-attachment-109435\" class=\"size-full wp-image-109435\" src=\"http:\/\/senoticias.com.br\/se\/wp-content\/uploads\/2017\/12\/reveillon-da-igreja-quadrangular-de-aracaju-e1514650912239.jpg\" alt=\"R\u00e9veillon da Igreja do Evangelho Quadrangular de Aracaju (Foto: Assessoria de Imprensa)\" width=\"599\" height=\"375\" \/><\/a><p id=\"caption-attachment-109435\" class=\"wp-caption-text\">R\u00e9veillon da Igreja do Evangelho Quadrangular de Aracaju (foto: Assessoria de Imprensa)<\/p><\/div>\n<p style=\"text-align: justify;\">Segundo a organiza\u00e7\u00e3o, a celebra\u00e7\u00e3o \u00e9 uma forma diferente de r\u00e9veillon, em agradecimento a Deus pelas vit\u00f3rias e desafios de 2017 e de entrega dos planos para o novo ano. Todos os anos centenas de fi\u00e9is participam do momento de ora\u00e7\u00e3o.<\/p>\n<p style=\"text-align: justify;\"><a href=\"http:\/\/senoticias.com.br\/se\/wp-content\/uploads\/2017\/12\/Logomarca-fone-SE-4-3.jpg\"><img loading=\"lazy\" decoding=\"async\" class=\"aligncenter size-full wp-image-109355\" src=\"http:\/\/senoticias.com.br\/se\/wp-content\/uploads\/2017\/12\/Logomarca-fone-SE-4-3.jpg\" alt=\"Logomarca-fone-SE-4\" width=\"599\" height=\"78\" srcset=\"https:\/\/senoticias.com.br\/se\/wp-content\/uploads\/2017\/12\/Logomarca-fone-SE-4-3.jpg 599w, https:\/\/senoticias.com.br\/se\/wp-content\/uploads\/2017\/12\/Logomarca-fone-SE-4-3-300x39.jpg 300w\" sizes=\"(max-width: 599px) 100vw, 599px\" \/><\/a><\/p>\n<p style=\"text-align: justify;\"><em><strong>Acompanhe tamb\u00e9m o SE Not\u00edcias no\u00a0<a href=\"https:\/\/twitter.com\/Senoticias\" target=\"_blank\">Twitter<\/a>,\u00a0<a href=\"https:\/\/www.facebook.com\/senoticias1\" target=\"_blank\">Facebook<\/a>\u00a0e no\u00a0<a href=\"https:\/\/www.instagram.com\/senoticias\/\" target=\"_blank\">Instagram<\/a>\u00a0<\/strong><\/em><\/p>\n<p style=\"text-align: justify;\"><em>Por G1 SE, Aracaju<\/em><\/p>\n","protected":false},"excerpt":{"rendered":"<p>Neste domingo (31), a Igreja do Evangelho Quadrangular do Bairro Jardins, em Aracaju (SE) vai realizar a festa da Virada de Ano com Cristo. O evento come\u00e7a \u00e0s 22h e tem previs\u00e3o para encerra \u00e0s 0h22. Segundo a organiza\u00e7\u00e3o, a celebra\u00e7\u00e3o \u00e9 uma forma diferente de r\u00e9veillon, em agradecimento a Deus pelas vit\u00f3rias e desafios [&hellip;]<\/p>\n","protected":false},"author":2,"featured_media":109435,"comment_status":"closed","ping_status":"closed","sticky":false,"template":"","format":"standard","meta":{"footnotes":""},"categories":[46],"tags":[7843,7844,7845],"class_list":{"0":"post-109434","1":"post","2":"type-post","3":"status-publish","4":"format-standard","5":"has-post-thumbnail","7":"category-religiao","8":"tag-culto-da-virada","9":"tag-igreja-do-evangelho-quadrangular","10":"tag-virada-de-ano-com-cristo"},"_links":{"self":[{"href":"https:\/\/senoticias.com.br\/se\/wp-json\/wp\/v2\/posts\/109434"}],"collection":[{"href":"https:\/\/senoticias.com.br\/se\/wp-json\/wp\/v2\/posts"}],"about":[{"href":"https:\/\/senoticias.com.br\/se\/wp-json\/wp\/v2\/types\/post"}],"author":[{"embeddable":true,"href":"https:\/\/senoticias.com.br\/se\/wp-json\/wp\/v2\/users\/2"}],"replies":[{"embeddable":true,"href":"https:\/\/senoticias.com.br\/se\/wp-json\/wp\/v2\/comments?post=109434"}],"version-history":[{"count":0,"href":"https:\/\/senoticias.com.br\/se\/wp-json\/wp\/v2\/posts\/109434\/revisions"}],"wp:featuredmedia":[{"embeddable":true,"href":"https:\/\/senoticias.com.br\/se\/wp-json\/wp\/v2\/media\/109435"}],"wp:attachment":[{"href":"https:\/\/senoticias.com.br\/se\/wp-json\/wp\/v2\/media?parent=109434"}],"wp:term":[{"taxonomy":"category","embeddable":true,"href":"https:\/\/senoticias.com.br\/se\/wp-json\/wp\/v2\/categories?post=109434"},{"taxonomy":"post_tag","embeddable":true,"href":"https:\/\/senoticias.com.br\/se\/wp-json\/wp\/v2\/tags?post=109434"}],"curies":[{"name":"wp","href":"https:\/\/api.w.org\/{rel}","templated":true}]}}