{"id":109423,"date":"2017-12-29T09:48:23","date_gmt":"2017-12-29T12:48:23","guid":{"rendered":"http:\/\/senoticias.com.br\/se\/?p=109423"},"modified":"2017-12-30T22:58:40","modified_gmt":"2017-12-31T01:58:40","slug":"governo-publica-no-diario-oficial-autorizacao-para-o-concurso-publico-da-seguranca-publica","status":"publish","type":"post","link":"https:\/\/senoticias.com.br\/se\/governo-publica-no-diario-oficial-autorizacao-para-o-concurso-publico-da-seguranca-publica\/","title":{"rendered":"Governo publica no Di\u00e1rio Oficial autoriza\u00e7\u00e3o para o concurso p\u00fablico da Seguran\u00e7a P\u00fablica"},"content":{"rendered":"<p style=\"text-align: justify;\"><span style=\"color: #000000;\">Conforme divulgado pelo Governo de Sergipe na \u00faltima quinta-feira, 28 de dezembro, a autoriza\u00e7\u00e3o para a realiza\u00e7\u00e3o do concurso p\u00fablico para a seguran\u00e7a p\u00fablica do Estado est\u00e1 publicada no Di\u00e1rio Oficial desta sexta-feira, 29.\u00a0<\/span><\/p>\n<div id=\"attachment_109424\" style=\"width: 592px\" class=\"wp-caption aligncenter\"><a style=\"color: #000000;\" href=\"http:\/\/senoticias.com.br\/se\/wp-content\/uploads\/2017\/12\/di\u00e1rio-oficial-SENOTICIAS.png\"><img loading=\"lazy\" decoding=\"async\" aria-describedby=\"caption-attachment-109424\" class=\"size-full wp-image-109424\" src=\"http:\/\/senoticias.com.br\/se\/wp-content\/uploads\/2017\/12\/di\u00e1rio-oficial-SENOTICIAS.png\" alt=\"Foto extra\u00edda do Di\u00e1rio oficial do Estado desta sexta-feira, 29.\" width=\"582\" height=\"449\" srcset=\"https:\/\/senoticias.com.br\/se\/wp-content\/uploads\/2017\/12\/di\u00e1rio-oficial-SENOTICIAS.png 582w, https:\/\/senoticias.com.br\/se\/wp-content\/uploads\/2017\/12\/di\u00e1rio-oficial-SENOTICIAS-300x231.png 300w, https:\/\/senoticias.com.br\/se\/wp-content\/uploads\/2017\/12\/di\u00e1rio-oficial-SENOTICIAS-45x35.png 45w\" sizes=\"(max-width: 582px) 100vw, 582px\" \/><\/a><p id=\"caption-attachment-109424\" class=\"wp-caption-text\"><span style=\"color: #000000;\">Foto extra\u00edda do Di\u00e1rio oficial do Estado desta sexta-feira, 29.<\/span><\/p><\/div>\n<p style=\"text-align: justify;\"><span style=\"color: #000000;\">A publica\u00e7\u00e3o prev\u00ea o preenchimento de 10 vagas para delegado, 100 vagas para guarda prisional, 30 vagas para aspirante da Pol\u00edcia Militar, 300 vagas para soldado da PM, 12 vagas para aspirante do Corpo de Bombeiros Militar (CBMSE) e 200 vagas para soldado do CBMSE.<\/span><\/p>\n<p style=\"text-align: justify;\"><span style=\"color: #000000;\">O edital e a empresa respons\u00e1vel pela realiza\u00e7\u00e3o dever\u00e1 ser publicado em breve.\u00a0<\/span><\/p>\n<p style=\"text-align: justify;\"><span style=\"color: #000000;\">O Di\u00e1rio Oficial do Estado de Sergipe est\u00e1 dispon\u00edvel em<span style=\"color: #ff0000;\">\u00a0<a style=\"color: #ff0000;\" href=\"https:\/\/segrase.se.gov.br\/diario-oficial\">https:\/\/segrase.se.gov.br\/diario-oficial<\/a><\/span>. Para ter acesso \u00e9 preciso fazer um breve cadastro. A publica\u00e7\u00e3o que diz respeito ao concurso est\u00e1 na p\u00e1gina 15 do Di\u00e1rio.\u00a0<\/span><\/p>\n<p style=\"text-align: justify;\"><a href=\"http:\/\/senoticias.com.br\/se\/wp-content\/uploads\/2017\/12\/Logomarca-fone-SE-4-3.jpg\"><img loading=\"lazy\" decoding=\"async\" class=\"aligncenter size-full wp-image-109355\" src=\"http:\/\/senoticias.com.br\/se\/wp-content\/uploads\/2017\/12\/Logomarca-fone-SE-4-3.jpg\" alt=\"Logomarca-fone-SE-4\" width=\"599\" height=\"78\" srcset=\"https:\/\/senoticias.com.br\/se\/wp-content\/uploads\/2017\/12\/Logomarca-fone-SE-4-3.jpg 599w, https:\/\/senoticias.com.br\/se\/wp-content\/uploads\/2017\/12\/Logomarca-fone-SE-4-3-300x39.jpg 300w\" sizes=\"(max-width: 599px) 100vw, 599px\" \/><\/a><\/p>\n<p style=\"text-align: justify;\"><em><strong>Acompanhe tamb\u00e9m o SE Not\u00edcias no\u00a0<a href=\"https:\/\/twitter.com\/Senoticias\" target=\"_blank\">Twitter<\/a>,\u00a0<a href=\"https:\/\/www.facebook.com\/senoticias1\" target=\"_blank\">Facebook<\/a>\u00a0e no\u00a0<a href=\"https:\/\/www.instagram.com\/senoticias\/\" target=\"_blank\">Instagram<\/a>\u00a0<\/strong><\/em><\/p>\n<p style=\"text-align: justify;\">Da Reda\u00e7\u00e3o do SE Not\u00edcias<\/p>\n","protected":false},"excerpt":{"rendered":"<p>Conforme divulgado pelo Governo de Sergipe na \u00faltima quinta-feira, 28 de dezembro, a autoriza\u00e7\u00e3o para a realiza\u00e7\u00e3o do concurso p\u00fablico para a seguran\u00e7a p\u00fablica do Estado est\u00e1 publicada no Di\u00e1rio Oficial desta sexta-feira, 29.\u00a0 A publica\u00e7\u00e3o prev\u00ea o preenchimento de 10 vagas para delegado, 100 vagas para guarda prisional, 30 vagas para aspirante da Pol\u00edcia [&hellip;]<\/p>\n","protected":false},"author":2,"featured_media":109405,"comment_status":"closed","ping_status":"closed","sticky":false,"template":"","format":"standard","meta":{"footnotes":""},"categories":[9,10],"tags":[7835,412,2815,5303,448,86,3687,223],"class_list":{"0":"post-109423","1":"post","2":"type-post","3":"status-publish","4":"format-standard","5":"has-post-thumbnail","7":"category-concursos","8":"category-empregos","9":"tag-aspirante","10":"tag-concurso","11":"tag-delegado","12":"tag-diario-oficial","13":"tag-governo-de-sergipe","14":"tag-policia-militar","15":"tag-seguranca-publica","16":"tag-sergipe"},"_links":{"self":[{"href":"https:\/\/senoticias.com.br\/se\/wp-json\/wp\/v2\/posts\/109423"}],"collection":[{"href":"https:\/\/senoticias.com.br\/se\/wp-json\/wp\/v2\/posts"}],"about":[{"href":"https:\/\/senoticias.com.br\/se\/wp-json\/wp\/v2\/types\/post"}],"author":[{"embeddable":true,"href":"https:\/\/senoticias.com.br\/se\/wp-json\/wp\/v2\/users\/2"}],"replies":[{"embeddable":true,"href":"https:\/\/senoticias.com.br\/se\/wp-json\/wp\/v2\/comments?post=109423"}],"version-history":[{"count":0,"href":"https:\/\/senoticias.com.br\/se\/wp-json\/wp\/v2\/posts\/109423\/revisions"}],"wp:featuredmedia":[{"embeddable":true,"href":"https:\/\/senoticias.com.br\/se\/wp-json\/wp\/v2\/media\/109405"}],"wp:attachment":[{"href":"https:\/\/senoticias.com.br\/se\/wp-json\/wp\/v2\/media?parent=109423"}],"wp:term":[{"taxonomy":"category","embeddable":true,"href":"https:\/\/senoticias.com.br\/se\/wp-json\/wp\/v2\/categories?post=109423"},{"taxonomy":"post_tag","embeddable":true,"href":"https:\/\/senoticias.com.br\/se\/wp-json\/wp\/v2\/tags?post=109423"}],"curies":[{"name":"wp","href":"https:\/\/api.w.org\/{rel}","templated":true}]}}