{"id":109421,"date":"2017-12-29T09:27:19","date_gmt":"2017-12-29T12:27:19","guid":{"rendered":"http:\/\/senoticias.com.br\/se\/?p=109421"},"modified":"2017-12-29T16:48:14","modified_gmt":"2017-12-29T19:48:14","slug":"secretaria-de-estado-implantara-sistema-de-monitoramento-eletronico-em-34-escolas-em-aracaju","status":"publish","type":"post","link":"https:\/\/senoticias.com.br\/se\/secretaria-de-estado-implantara-sistema-de-monitoramento-eletronico-em-34-escolas-em-aracaju\/","title":{"rendered":"Secretaria de Estado da Educa\u00e7\u00e3o implantar\u00e1 sistema de monitoramento eletr\u00f4nico em 34 escolas em Aracaju"},"content":{"rendered":"<p style=\"text-align: justify;\"><span style=\"color: #000000;\">A Secretaria de Estado da Educa\u00e7\u00e3o (Seed), preocupada com a melhoria da seguran\u00e7a nas escolas da rede estadual de ensino, implantou no m\u00eas de junho deste ano um sistema de monitoramento eletr\u00f4nico em cinco unidades de ensino. O projeto foi desenvolvido e \u00e9 acompanhado pela empresa sergipana Pulsatrix, que trabalha com Tecnologia da Informa\u00e7\u00e3o. Na manh\u00e3 da \u00faltima quinta-feira, 28, no audit\u00f3rio Professora Herm\u00ednia Caldas, o secret\u00e1rio de Estado da Educa\u00e7\u00e3o em exerc\u00edcio, professor Everton Siqueira, anunciou que o monitoramento ser\u00e1 ampliado para mais 34 escolas, totalizando 39 unidades de ensino.<\/span><\/p>\n<p style=\"text-align: justify;\"><span style=\"color: #000000;\">&#8220;Uma das metas \u00e9 melhorar a seguran\u00e7a nas escolas. Com o projeto piloto em cinco escolas n\u00f3s vimos que d\u00e1 certo. A ideia \u00e9 que pud\u00e9ssemos fazer em todas as unidades de ensino, mas vamos come\u00e7ar em 39. Esse projeto tem algo muito especial, que \u00e9 o monitoramento com liga\u00e7\u00e3o direta com o Ciosp e com o setor de seguran\u00e7a da Seed. \u00c9 um servi\u00e7o eficiente e com suporte imediato&#8221;, explicou Everton Siqueira.<\/span><\/p>\n<div id=\"attachment_109422\" style=\"width: 609px\" class=\"wp-caption aligncenter\"><a href=\"http:\/\/senoticias.com.br\/se\/wp-content\/uploads\/2017\/12\/monitoramento-em-escolas-SENOTICIAS-e1514550382247.jpg\"><img loading=\"lazy\" decoding=\"async\" aria-describedby=\"caption-attachment-109422\" class=\"size-full wp-image-109422\" src=\"http:\/\/senoticias.com.br\/se\/wp-content\/uploads\/2017\/12\/monitoramento-em-escolas-SENOTICIAS-e1514550382247.jpg\" alt=\"O secret\u00e1rio de Estado da Educa\u00e7\u00e3o em exerc\u00edcio, professor Everton Siqueira, anunciou que o monitoramento ser\u00e1 ampliado para mais 34 escolas, totalizando 39 unidades de ensino \/ Fotos: Maria Od\u00edlia\" width=\"599\" height=\"368\" \/><\/a><p id=\"caption-attachment-109422\" class=\"wp-caption-text\">O secret\u00e1rio de Estado da Educa\u00e7\u00e3o em exerc\u00edcio, professor Everton Siqueira, anunciou que o monitoramento ser\u00e1 ampliado para mais 34 escolas, totalizando 39 unidades de ensino (foto: Maria Od\u00edlia\/ascom\/Seed)<\/p><\/div>\n<p style=\"text-align: justify;\"><span style=\"color: #000000;\">O an\u00fancio foi feito aos gestores das 34 escolas que ser\u00e3o beneficiadas com o sistema. Estiveram presentes Eliane Passos, diretora da Diretoria de Educa\u00e7\u00e3o de Aracaju (DEA); S\u00e9rgio Burle, assessor do governo e coordenador da implanta\u00e7\u00e3o do projeto; Wilson Costa J\u00fanior, da Ger\u00eancia de Tecnologia da Informa\u00e7\u00e3o da Prefeitura de Aracaju; Odmar Arcanjo Farias, representante da Guarda Municipal; o coordenador de Inform\u00e1tica da Seed, Alexandre Veras, e os s\u00f3cios da empresa Pulsatrix, Pierre Cavalcante e Natan Albuquerque.<\/span><\/p>\n<p style=\"text-align: justify;\"><span style=\"color: #000000;\">As cinco escolas estaduais que j\u00e1 possuem o sistema desde junho s\u00e3o: Alceu Amoroso Lima, Lucila Moraes Chaves, Ruy Eloy, Jos\u00e9 Augusto Ferraz e Joaquim Vieira Sobral.<\/span><\/p>\n<p style=\"text-align: justify;\"><span style=\"color: #000000;\">Segundo S\u00e9rgio Burle, o projeto foi apresentado ao governo do Estado como uma ferramenta de tecnologia inovadora. &#8220;\u00c9 uma ferramenta muito eficiente e de baixo custo. O sistema vai se somar aos vigilantes que hoje j\u00e1 existem nas escolas e trazer melhorias a educa\u00e7\u00e3o no estado&#8221;, disse.<\/span><\/p>\n<p style=\"text-align: justify;\"><span style=\"color: #000000;\"><strong>Monitoramento<\/strong><\/span><\/p>\n<p style=\"text-align: justify;\"><span style=\"color: #000000;\">Os s\u00f3cios da empresa Pulsatrix fizeram uma apresenta\u00e7\u00e3o de como o sistema funcionar\u00e1 nas unidades de ensino. De acordo com Pierre Cavalcante, a implanta\u00e7\u00e3o come\u00e7ar\u00e1 a ser feita a partir da pr\u00f3xima quarta-feira, 3, e dever\u00e1 ser finalizada dentro de 60 dias.<\/span><\/p>\n<p style=\"text-align: justify;\"><span style=\"color: #000000;\">Ele explicou que cada unidade de ensino receber\u00e1 equipamentos de software e hardware, como c\u00e2meras, dispositivo de p\u00e2nico silencioso e uma rede de internet de boa qualidade. &#8220;Temos alguns diferenciais, como o bot\u00e3o do p\u00e2nico, que sempre que algu\u00e9m solicitar o socorro, ele ir\u00e1 funcionar. Toda vez que algu\u00e9m adentrar algum local n\u00e3o autorizado, ser\u00e1 gerado um alerta com um v\u00eddeo do que causou aquela viola\u00e7\u00e3o, ent\u00e3o n\u00e3o tem como gerar falso alarme&#8221;, explicou.<\/span><\/p>\n<p style=\"text-align: justify;\"><span style=\"color: #000000;\">O dispositivo de p\u00e2nico silencioso \u00e9 um bot\u00e3o que funcionar\u00e1 no momento em que a escola estiver em funcionamento. Se houver alguma ocorr\u00eancia, qualquer funcion\u00e1rio da unidade de ensino poder\u00e1 apert\u00e1-lo e isso ir\u00e1 gerar um alerta para a empresa Pulsatrix, que verificar\u00e1 as imagens de c\u00e2mera. Caso o alerta seja real, a Pol\u00edcia Militar e o setor de seguran\u00e7a da Seed ser\u00e3o acionados e rapidamente estar\u00e3o no local para tomar as provid\u00eancias.<\/span><\/p>\n<p style=\"text-align: justify;\"><span style=\"color: #000000;\">O monitoramento tamb\u00e9m acontecer\u00e1 nos momentos em que a escola estiver fechada, atrav\u00e9s de um agendamento pr\u00e9vio que ser\u00e1 feito com o aux\u00edlio dos gestores escolares. Nesses hor\u00e1rios pr\u00e9-agendados, os locais estrat\u00e9gicos das escolas ser\u00e3o monitorados, e qualquer detec\u00e7\u00e3o de movimento ir\u00e1 gerar o alerta. Todas as imagens de c\u00e2mera ser\u00e3o tamb\u00e9m armazenadas em servidores nas nuvens, aumentando ainda mais a efici\u00eancia do servi\u00e7o.<\/span><\/p>\n<p style=\"text-align: justify;\"><a href=\"http:\/\/senoticias.com.br\/se\/wp-content\/uploads\/2017\/12\/Logomarca-fone-SE-4-3.jpg\"><img loading=\"lazy\" decoding=\"async\" class=\"aligncenter size-full wp-image-109355\" src=\"http:\/\/senoticias.com.br\/se\/wp-content\/uploads\/2017\/12\/Logomarca-fone-SE-4-3.jpg\" alt=\"Logomarca-fone-SE-4\" width=\"599\" height=\"78\" srcset=\"https:\/\/senoticias.com.br\/se\/wp-content\/uploads\/2017\/12\/Logomarca-fone-SE-4-3.jpg 599w, https:\/\/senoticias.com.br\/se\/wp-content\/uploads\/2017\/12\/Logomarca-fone-SE-4-3-300x39.jpg 300w\" sizes=\"(max-width: 599px) 100vw, 599px\" \/><\/a><\/p>\n<p style=\"text-align: justify;\"><em><strong>Acompanhe tamb\u00e9m o SE Not\u00edcias no\u00a0<a href=\"https:\/\/twitter.com\/Senoticias\" target=\"_blank\">Twitter<\/a>,\u00a0<a href=\"https:\/\/www.facebook.com\/senoticias1\" target=\"_blank\">Facebook<\/a>\u00a0e no\u00a0<a href=\"https:\/\/www.instagram.com\/senoticias\/\" target=\"_blank\">Instagram<\/a>\u00a0<\/strong><\/em><\/p>\n<p style=\"text-align: justify;\"><em>Da Ag\u00eancia Sergipe de Not\u00edcias<\/em><\/p>\n","protected":false},"excerpt":{"rendered":"<p>A Secretaria de Estado da Educa\u00e7\u00e3o (Seed), preocupada com a melhoria da seguran\u00e7a nas escolas da rede estadual de ensino, implantou no m\u00eas de junho deste ano um sistema de monitoramento eletr\u00f4nico em cinco unidades de ensino. O projeto foi desenvolvido e \u00e9 acompanhado pela empresa sergipana Pulsatrix, que trabalha com Tecnologia da Informa\u00e7\u00e3o. Na [&hellip;]<\/p>\n","protected":false},"author":2,"featured_media":0,"comment_status":"closed","ping_status":"closed","sticky":false,"template":"","format":"standard","meta":{"footnotes":""},"categories":[6],"tags":[1306,3194,911,5711,7834,223],"class_list":{"0":"post-109421","1":"post","2":"type-post","3":"status-publish","4":"format-standard","6":"category-politica","7":"tag-educacao","8":"tag-escolas","9":"tag-governo-do-estado","10":"tag-monitoramento","11":"tag-secretaria","12":"tag-sergipe"},"_links":{"self":[{"href":"https:\/\/senoticias.com.br\/se\/wp-json\/wp\/v2\/posts\/109421"}],"collection":[{"href":"https:\/\/senoticias.com.br\/se\/wp-json\/wp\/v2\/posts"}],"about":[{"href":"https:\/\/senoticias.com.br\/se\/wp-json\/wp\/v2\/types\/post"}],"author":[{"embeddable":true,"href":"https:\/\/senoticias.com.br\/se\/wp-json\/wp\/v2\/users\/2"}],"replies":[{"embeddable":true,"href":"https:\/\/senoticias.com.br\/se\/wp-json\/wp\/v2\/comments?post=109421"}],"version-history":[{"count":0,"href":"https:\/\/senoticias.com.br\/se\/wp-json\/wp\/v2\/posts\/109421\/revisions"}],"wp:attachment":[{"href":"https:\/\/senoticias.com.br\/se\/wp-json\/wp\/v2\/media?parent=109421"}],"wp:term":[{"taxonomy":"category","embeddable":true,"href":"https:\/\/senoticias.com.br\/se\/wp-json\/wp\/v2\/categories?post=109421"},{"taxonomy":"post_tag","embeddable":true,"href":"https:\/\/senoticias.com.br\/se\/wp-json\/wp\/v2\/tags?post=109421"}],"curies":[{"name":"wp","href":"https:\/\/api.w.org\/{rel}","templated":true}]}}