{"id":109414,"date":"2017-12-29T06:29:09","date_gmt":"2017-12-29T09:29:09","guid":{"rendered":"http:\/\/senoticias.com.br\/se\/?p=109414"},"modified":"2017-12-29T20:54:00","modified_gmt":"2017-12-29T23:54:00","slug":"joao-daniel-repudia-chantagem-do-governo-federal","status":"publish","type":"post","link":"https:\/\/senoticias.com.br\/se\/joao-daniel-repudia-chantagem-do-governo-federal\/","title":{"rendered":"Jo\u00e3o Daniel repudia chantagem do governo federal"},"content":{"rendered":"<p style=\"text-align: justify;\">O deputado federal Jo\u00e3o Daniel (PT) repudia a postura governo federal em chantagear os governadores para a libera\u00e7\u00e3o de financiamentos e empr\u00e9stimos, mediante press\u00e3o \u00e0s bancadas federais para que apoiem a reforma da Previd\u00eancia. &#8220;Parabenizamos os governadores que n\u00e3o se submetem a essa chantagem e reafirmamos nossa posi\u00e7\u00e3o contr\u00e1ria a essa proposta que, no nosso entendimento, continua nociva aos trabalhadores e trabalhadoras brasileiros&#8221;, afirmou Jo\u00e3o Daniel.<\/p>\n<div id=\"attachment_61633\" style=\"width: 510px\" class=\"wp-caption aligncenter\"><a href=\"http:\/\/senoticias.com.br\/se\/wp-content\/uploads\/2014\/03\/grande-joao_daniel_nova_maria_odilia.jpg\"><img loading=\"lazy\" decoding=\"async\" aria-describedby=\"caption-attachment-61633\" class=\"size-full wp-image-61633\" src=\"http:\/\/senoticias.com.br\/se\/wp-content\/uploads\/2014\/03\/grande-joao_daniel_nova_maria_odilia.jpg\" alt=\"Deputado federal Jo\u00e3o Daniel. (Foto de arquivo Maria Od\u00edlia)\" width=\"500\" height=\"332\" srcset=\"https:\/\/senoticias.com.br\/se\/wp-content\/uploads\/2014\/03\/grande-joao_daniel_nova_maria_odilia.jpg 500w, https:\/\/senoticias.com.br\/se\/wp-content\/uploads\/2014\/03\/grande-joao_daniel_nova_maria_odilia-300x199.jpg 300w, https:\/\/senoticias.com.br\/se\/wp-content\/uploads\/2014\/03\/grande-joao_daniel_nova_maria_odilia-342x227.jpg 342w\" sizes=\"(max-width: 500px) 100vw, 500px\" \/><\/a><p id=\"caption-attachment-61633\" class=\"wp-caption-text\">Deputado federal Jo\u00e3o Daniel (foto de arquivo Maria Od\u00edlia)<\/p><\/div>\n<p style=\"text-align: justify;\">O deputado lembrou da import\u00e2ncia desse empr\u00e9stimo pleiteado pelo governo de Sergipe para a recupera\u00e7\u00e3o de v\u00e1rias estradas do estado. &#8220;\u00c9 imposs\u00edvel que o governo federal use essa chantagem diante de um empr\u00e9stimo que o governo estadual vai pagar com juros&#8221;, acrescentou Jo\u00e3o Daniel, ao conclamar a sociedade brasileira a n\u00e3o se curvar a essa arbitrariedade do governo federal.<\/p>\n<p style=\"text-align: justify;\"><a href=\"http:\/\/senoticias.com.br\/se\/wp-content\/uploads\/2017\/12\/Logomarca-fone-SE-4-3.jpg\"><img loading=\"lazy\" decoding=\"async\" class=\"aligncenter size-full wp-image-109355\" src=\"http:\/\/senoticias.com.br\/se\/wp-content\/uploads\/2017\/12\/Logomarca-fone-SE-4-3.jpg\" alt=\"Logomarca-fone-SE-4\" width=\"599\" height=\"78\" srcset=\"https:\/\/senoticias.com.br\/se\/wp-content\/uploads\/2017\/12\/Logomarca-fone-SE-4-3.jpg 599w, https:\/\/senoticias.com.br\/se\/wp-content\/uploads\/2017\/12\/Logomarca-fone-SE-4-3-300x39.jpg 300w\" sizes=\"(max-width: 599px) 100vw, 599px\" \/><\/a><\/p>\n<p style=\"text-align: justify;\"><em><strong>Acompanhe tamb\u00e9m o SE Not\u00edcias no\u00a0<a href=\"https:\/\/twitter.com\/Senoticias\" target=\"_blank\">Twitter<\/a>,\u00a0<a href=\"https:\/\/www.facebook.com\/senoticias1\" target=\"_blank\">Facebook<\/a>\u00a0e no\u00a0<a href=\"https:\/\/www.instagram.com\/senoticias\/\" target=\"_blank\">Instagram<\/a>\u00a0<\/strong><\/em><\/p>\n<p style=\"text-align: justify;\"><em>Da Assessoria de Imprensa<\/em><\/p>\n","protected":false},"excerpt":{"rendered":"<p>O deputado federal Jo\u00e3o Daniel (PT) repudia a postura governo federal em chantagear os governadores para a libera\u00e7\u00e3o de financiamentos e empr\u00e9stimos, mediante press\u00e3o \u00e0s bancadas federais para que apoiem a reforma da Previd\u00eancia. &#8220;Parabenizamos os governadores que n\u00e3o se submetem a essa chantagem e reafirmamos nossa posi\u00e7\u00e3o contr\u00e1ria a essa proposta que, no nosso [&hellip;]<\/p>\n","protected":false},"author":2,"featured_media":64962,"comment_status":"closed","ping_status":"closed","sticky":false,"template":"","format":"standard","meta":{"footnotes":""},"categories":[15,6],"tags":[7831,4455,57,2694],"class_list":{"0":"post-109414","1":"post","2":"type-post","3":"status-publish","4":"format-standard","5":"has-post-thumbnail","7":"category-destaques","8":"category-politica","9":"tag-chantagem","10":"tag-deputado-joao-daniel","11":"tag-governo-federal","12":"tag-joao-daniel"},"_links":{"self":[{"href":"https:\/\/senoticias.com.br\/se\/wp-json\/wp\/v2\/posts\/109414"}],"collection":[{"href":"https:\/\/senoticias.com.br\/se\/wp-json\/wp\/v2\/posts"}],"about":[{"href":"https:\/\/senoticias.com.br\/se\/wp-json\/wp\/v2\/types\/post"}],"author":[{"embeddable":true,"href":"https:\/\/senoticias.com.br\/se\/wp-json\/wp\/v2\/users\/2"}],"replies":[{"embeddable":true,"href":"https:\/\/senoticias.com.br\/se\/wp-json\/wp\/v2\/comments?post=109414"}],"version-history":[{"count":0,"href":"https:\/\/senoticias.com.br\/se\/wp-json\/wp\/v2\/posts\/109414\/revisions"}],"wp:featuredmedia":[{"embeddable":true,"href":"https:\/\/senoticias.com.br\/se\/wp-json\/wp\/v2\/media\/64962"}],"wp:attachment":[{"href":"https:\/\/senoticias.com.br\/se\/wp-json\/wp\/v2\/media?parent=109414"}],"wp:term":[{"taxonomy":"category","embeddable":true,"href":"https:\/\/senoticias.com.br\/se\/wp-json\/wp\/v2\/categories?post=109414"},{"taxonomy":"post_tag","embeddable":true,"href":"https:\/\/senoticias.com.br\/se\/wp-json\/wp\/v2\/tags?post=109414"}],"curies":[{"name":"wp","href":"https:\/\/api.w.org\/{rel}","templated":true}]}}