{"id":109404,"date":"2017-12-28T18:39:45","date_gmt":"2017-12-28T21:39:45","guid":{"rendered":"http:\/\/senoticias.com.br\/se\/?p=109404"},"modified":"2017-12-29T09:52:09","modified_gmt":"2017-12-29T12:52:09","slug":"governo-publica-edital-para-concursos-da-pm-bombeiros-guarda-prisional-e-delegado","status":"publish","type":"post","link":"https:\/\/senoticias.com.br\/se\/governo-publica-edital-para-concursos-da-pm-bombeiros-guarda-prisional-e-delegado\/","title":{"rendered":"Governo publica edital para concursos da PM, Bombeiros, Guarda Prisional e delegado"},"content":{"rendered":"<p style=\"text-align: justify;\"><span style=\"color: #000000;\">Ser\u00e1 publicado no Di\u00e1rio Oficial do Estado desta sexta-feira, 29, o edital de autoriza\u00e7\u00e3o governamental para realiza\u00e7\u00e3o do concurso p\u00fablico promovido pelo Governo do Estado para delegado, Guarda Prisional, Bombeiro e Pol\u00edcia Militar.<\/span><\/p>\n<p style=\"text-align: justify;\"><span style=\"color: #000000;\">Segundo a superintendente executiva da Secretaria de Planejamento, Or\u00e7amento e Gest\u00e3o (Seplag), Adriana Menezes, ser\u00e3o 10 vagas para delegado, 100 vagas para guarda prisional, 30 vagas para aspirante da Pol\u00edcia Militar, 300 vagas para soldado da PM, 12 vagas para aspirante do Corpo de Bombeiros Militar (CBMSE) e 200 vagas para soldado do CBMSE.<\/span><\/p>\n<p style=\"text-align: justify;\"><span style=\"color: #000000;\">Adriana Menezes revela que, at\u00e9 o final de janeiro, ser\u00e3o publicados no Di\u00e1rio Oficial os editais com os cronogramas e as regras para realiza\u00e7\u00e3o dos concursos, a ser realizados em 2018, conforme prometido pelo governador Jackson Barreto.<\/span><\/p>\n<p style=\"text-align: justify;\"><span style=\"color: #000000;\">De acordo com a superintendente executiva da Seplag, com a publica\u00e7\u00e3o do edital de autoriza\u00e7\u00e3o governamental nesta sexta-feira, no Di\u00e1rio Oficial, o governador cumpre a promessa de lan\u00e7ar ainda neste ano o edital para realiza\u00e7\u00e3o dos concursos p\u00fablicos para delegado, policial militar, bombeiro e agente prisional. E, consequentemente, contribuir para melhorar a seguran\u00e7a p\u00fablica em Sergipe.<\/span><\/p>\n<p style=\"text-align: justify;\">\n<p style=\"text-align: justify;\"><a href=\"http:\/\/senoticias.com.br\/se\/wp-content\/uploads\/2017\/12\/Logomarca-fone-SE-4-3.jpg\"><img loading=\"lazy\" decoding=\"async\" class=\"aligncenter size-full wp-image-109355\" src=\"http:\/\/senoticias.com.br\/se\/wp-content\/uploads\/2017\/12\/Logomarca-fone-SE-4-3.jpg\" alt=\"Logomarca-fone-SE-4\" width=\"599\" height=\"78\" srcset=\"https:\/\/senoticias.com.br\/se\/wp-content\/uploads\/2017\/12\/Logomarca-fone-SE-4-3.jpg 599w, https:\/\/senoticias.com.br\/se\/wp-content\/uploads\/2017\/12\/Logomarca-fone-SE-4-3-300x39.jpg 300w\" sizes=\"(max-width: 599px) 100vw, 599px\" \/><\/a><\/p>\n<p style=\"text-align: justify;\">Por ASN<\/p>\n","protected":false},"excerpt":{"rendered":"<p>Ser\u00e1 publicado no Di\u00e1rio Oficial do Estado desta sexta-feira, 29, o edital de autoriza\u00e7\u00e3o governamental para realiza\u00e7\u00e3o do concurso p\u00fablico promovido pelo Governo do Estado para delegado, Guarda Prisional, Bombeiro e Pol\u00edcia Militar. Segundo a superintendente executiva da Secretaria de Planejamento, Or\u00e7amento e Gest\u00e3o (Seplag), Adriana Menezes, ser\u00e3o 10 vagas para delegado, 100 vagas para [&hellip;]<\/p>\n","protected":false},"author":2,"featured_media":109405,"comment_status":"closed","ping_status":"closed","sticky":false,"template":"","format":"standard","meta":{"footnotes":""},"categories":[9,15,10],"tags":[7826,3185,7825,412,2815,4935,2952,5043,223],"class_list":{"0":"post-109404","1":"post","2":"type-post","3":"status-publish","4":"format-standard","5":"has-post-thumbnail","7":"category-concursos","8":"category-destaques","9":"category-empregos","10":"tag-agente-prisional","11":"tag-asn","12":"tag-bombeiro","13":"tag-concurso","14":"tag-delegado","15":"tag-governos","16":"tag-pm","17":"tag-policial","18":"tag-sergipe"},"_links":{"self":[{"href":"https:\/\/senoticias.com.br\/se\/wp-json\/wp\/v2\/posts\/109404"}],"collection":[{"href":"https:\/\/senoticias.com.br\/se\/wp-json\/wp\/v2\/posts"}],"about":[{"href":"https:\/\/senoticias.com.br\/se\/wp-json\/wp\/v2\/types\/post"}],"author":[{"embeddable":true,"href":"https:\/\/senoticias.com.br\/se\/wp-json\/wp\/v2\/users\/2"}],"replies":[{"embeddable":true,"href":"https:\/\/senoticias.com.br\/se\/wp-json\/wp\/v2\/comments?post=109404"}],"version-history":[{"count":0,"href":"https:\/\/senoticias.com.br\/se\/wp-json\/wp\/v2\/posts\/109404\/revisions"}],"wp:featuredmedia":[{"embeddable":true,"href":"https:\/\/senoticias.com.br\/se\/wp-json\/wp\/v2\/media\/109405"}],"wp:attachment":[{"href":"https:\/\/senoticias.com.br\/se\/wp-json\/wp\/v2\/media?parent=109404"}],"wp:term":[{"taxonomy":"category","embeddable":true,"href":"https:\/\/senoticias.com.br\/se\/wp-json\/wp\/v2\/categories?post=109404"},{"taxonomy":"post_tag","embeddable":true,"href":"https:\/\/senoticias.com.br\/se\/wp-json\/wp\/v2\/tags?post=109404"}],"curies":[{"name":"wp","href":"https:\/\/api.w.org\/{rel}","templated":true}]}}