{"id":109391,"date":"2017-12-28T08:15:52","date_gmt":"2017-12-28T11:15:52","guid":{"rendered":"http:\/\/senoticias.com.br\/se\/?p=109391"},"modified":"2017-12-28T08:15:52","modified_gmt":"2017-12-28T11:15:52","slug":"feriado-bancario-antecipa-data-limite-para-de-negociacao-de-icms-ipva-e-itcmd","status":"publish","type":"post","link":"https:\/\/senoticias.com.br\/se\/feriado-bancario-antecipa-data-limite-para-de-negociacao-de-icms-ipva-e-itcmd\/","title":{"rendered":"Feriado banc\u00e1rio antecipa data limite para de negocia\u00e7\u00e3o de ICMS, IPVA e ITCMD"},"content":{"rendered":"<p style=\"text-align: justify;\"><span style=\"color: #000000;\">A Secretaria de Estado da Fazenda de Sergipe (Sefaz) informou que em fun\u00e7\u00e3o do feriado banc\u00e1rio do dia 29\/12\/2017 \u2013 divulgado esta semana \u2013 a data limite de ades\u00e3o ao programa especial de negocia\u00e7\u00e3o de d\u00edvidas de ICMS, IPVA e ITCMD ser\u00e1 encerrada nesta quinta-feira, dia 28, \u00faltimo dia em que o sistema estar\u00e1 dispon\u00edvel para negocia\u00e7\u00e3o.<\/span><\/p>\n<p style=\"text-align: justify;\"><span style=\"color: #000000;\">De acordo com a Sefaz, inicialmente o prazo final para ades\u00e3o era a sexta-feira, por\u00e9m, a informa\u00e7\u00e3o do feriado banc\u00e1rio for\u00e7ou a antecipa\u00e7\u00e3o do prazo limite para a quinta. Com isso, os contribuintes com pend\u00eancias devem agilizar a negocia\u00e7\u00e3o e aproveitar as condi\u00e7\u00f5es oferecidas. A secretaria j\u00e1 havia divulgado a informa\u00e7\u00e3o que este programa de negocia\u00e7\u00e3o \u00e9 o \u00faltimo a ser concedido pelos pr\u00f3ximos quatro anos, conforme a legisla\u00e7\u00e3o, assim como a necessidade de evitar contratempos de \u00faltima hora ao deixar a ades\u00e3o para o \u00faltimo dia.<\/span><\/p>\n<p style=\"text-align: justify;\"><span style=\"color: #000000;\">Atrav\u00e9s do site <a href=\"http:\/\/www.sefaz.se.gov.br\">www.sefaz.se.gov.br<\/a> o contribuinte pode fazer o levantamento atualizado do d\u00e9bito e realizar todo o encaminhamento da negocia\u00e7\u00e3o, inclusive emitindo o documento de pagamento. No mesmo endere\u00e7o tamb\u00e9m \u00e9 poss\u00edvel consultar os decretos que determinam os crit\u00e9rios de ades\u00e3o para quita\u00e7\u00e3o \u00e0 vista das d\u00edvidas ou atrav\u00e9s de parcelas, que variam de 48 a 120 meses, de acordo com o imposto. O modelo simplificado de negocia\u00e7\u00e3o tem o objetivo de facilitar o acesso ao benef\u00edcio e solucionar pend\u00eancias tribut\u00e1rias com maior agilidade.<\/span><\/p>\n<p style=\"text-align: justify;\"><strong><span style=\"color: #000000;\">Multas e juros\u00a0<\/span><\/strong><\/p>\n<p style=\"text-align: justify;\"><span style=\"color: #000000;\">Pelas regras do programa de negocia\u00e7\u00e3o, os contribuintes poder\u00e3o liquidar d\u00edvidas com descontos que podem chegar a 95% das multas e 80% dos juros, podendo incluir os d\u00e9bitos tribut\u00e1rios constitu\u00eddos ou n\u00e3o, inclusive os espontaneamente denunciados pelo contribuinte, inscritos ou n\u00e3o em D\u00edvida Ativa, mesmo em fase de execu\u00e7\u00e3o fiscal j\u00e1 ajuizada. O contribuinte tamb\u00e9m poder\u00e1 incluir neste programa as d\u00edvidas que j\u00e1 tenham sido inclu\u00eddas em outros parcelamentos.<\/span><\/p>\n<p style=\"text-align: justify;\">\n<p style=\"text-align: justify;\"><a href=\"http:\/\/senoticias.com.br\/se\/wp-content\/uploads\/2017\/12\/Logomarca-fone-SE-4-3.jpg\"><img loading=\"lazy\" decoding=\"async\" class=\"aligncenter size-full wp-image-109355\" src=\"http:\/\/senoticias.com.br\/se\/wp-content\/uploads\/2017\/12\/Logomarca-fone-SE-4-3.jpg\" alt=\"Logomarca-fone-SE-4\" width=\"599\" height=\"78\" srcset=\"https:\/\/senoticias.com.br\/se\/wp-content\/uploads\/2017\/12\/Logomarca-fone-SE-4-3.jpg 599w, https:\/\/senoticias.com.br\/se\/wp-content\/uploads\/2017\/12\/Logomarca-fone-SE-4-3-300x39.jpg 300w\" sizes=\"(max-width: 599px) 100vw, 599px\" \/><\/a><\/p>\n<p style=\"text-align: justify;\"><em><strong>Acompanhe tamb\u00e9m o SE Not\u00edcias no\u00a0<a href=\"https:\/\/twitter.com\/Senoticias\" target=\"_blank\">Twitter<\/a>,\u00a0<a href=\"https:\/\/www.facebook.com\/senoticias1\" target=\"_blank\">Facebook<\/a>\u00a0e no\u00a0<a href=\"https:\/\/www.instagram.com\/senoticias\/\" target=\"_blank\">Instagram<\/a>\u00a0<\/strong><\/em><\/p>\n<p style=\"text-align: justify;\">Por ASN<\/p>\n<p style=\"text-align: justify;\">\n","protected":false},"excerpt":{"rendered":"<p>A Secretaria de Estado da Fazenda de Sergipe (Sefaz) informou que em fun\u00e7\u00e3o do feriado banc\u00e1rio do dia 29\/12\/2017 \u2013 divulgado esta semana \u2013 a data limite de ades\u00e3o ao programa especial de negocia\u00e7\u00e3o de d\u00edvidas de ICMS, IPVA e ITCMD ser\u00e1 encerrada nesta quinta-feira, dia 28, \u00faltimo dia em que o sistema estar\u00e1 dispon\u00edvel [&hellip;]<\/p>\n","protected":false},"author":2,"featured_media":109392,"comment_status":"closed","ping_status":"closed","sticky":false,"template":"","format":"standard","meta":{"footnotes":""},"categories":[38],"tags":[337,2903,3829,3227,2823,6533,3956,7813,3511],"class_list":{"0":"post-109391","1":"post","2":"type-post","3":"status-publish","4":"format-standard","5":"has-post-thumbnail","7":"category-municipios","8":"tag-bancos","9":"tag-dividas","10":"tag-economia","11":"tag-estado","12":"tag-feriado","13":"tag-icms","14":"tag-ipva","15":"tag-itcmd","16":"tag-negociacao"},"_links":{"self":[{"href":"https:\/\/senoticias.com.br\/se\/wp-json\/wp\/v2\/posts\/109391"}],"collection":[{"href":"https:\/\/senoticias.com.br\/se\/wp-json\/wp\/v2\/posts"}],"about":[{"href":"https:\/\/senoticias.com.br\/se\/wp-json\/wp\/v2\/types\/post"}],"author":[{"embeddable":true,"href":"https:\/\/senoticias.com.br\/se\/wp-json\/wp\/v2\/users\/2"}],"replies":[{"embeddable":true,"href":"https:\/\/senoticias.com.br\/se\/wp-json\/wp\/v2\/comments?post=109391"}],"version-history":[{"count":0,"href":"https:\/\/senoticias.com.br\/se\/wp-json\/wp\/v2\/posts\/109391\/revisions"}],"wp:featuredmedia":[{"embeddable":true,"href":"https:\/\/senoticias.com.br\/se\/wp-json\/wp\/v2\/media\/109392"}],"wp:attachment":[{"href":"https:\/\/senoticias.com.br\/se\/wp-json\/wp\/v2\/media?parent=109391"}],"wp:term":[{"taxonomy":"category","embeddable":true,"href":"https:\/\/senoticias.com.br\/se\/wp-json\/wp\/v2\/categories?post=109391"},{"taxonomy":"post_tag","embeddable":true,"href":"https:\/\/senoticias.com.br\/se\/wp-json\/wp\/v2\/tags?post=109391"}],"curies":[{"name":"wp","href":"https:\/\/api.w.org\/{rel}","templated":true}]}}