{"id":109346,"date":"2018-01-03T05:47:24","date_gmt":"2018-01-03T08:47:24","guid":{"rendered":"http:\/\/senoticias.com.br\/se\/?p=109346"},"modified":"2018-01-03T18:53:14","modified_gmt":"2018-01-03T21:53:14","slug":"confira-a-programacao-do-fest-verao-2018-2","status":"publish","type":"post","link":"https:\/\/senoticias.com.br\/se\/confira-a-programacao-do-fest-verao-2018-2\/","title":{"rendered":"Confira a programa\u00e7\u00e3o do Fest Ver\u00e3o 2018"},"content":{"rendered":"<div id=\"attachment_109501\" style=\"width: 346px\" class=\"wp-caption alignright\"><a href=\"http:\/\/senoticias.com.br\/se\/wp-content\/uploads\/2017\/12\/FEST-VERAO.jpg\"><img loading=\"lazy\" decoding=\"async\" aria-describedby=\"caption-attachment-109501\" class=\"size-full wp-image-109501\" src=\"http:\/\/senoticias.com.br\/se\/wp-content\/uploads\/2017\/12\/FEST-VERAO.jpg\" alt=\"Fest Ver\u00e3o 2018 est\u00e1 marcado para 19 a 21 de janeiro, na Arena de de Eventos, em frente ao shopping RioMar (foto arte: Augustus Produ\u00e7\u00f5es)\" width=\"336\" height=\"280\" srcset=\"https:\/\/senoticias.com.br\/se\/wp-content\/uploads\/2017\/12\/FEST-VERAO.jpg 336w, https:\/\/senoticias.com.br\/se\/wp-content\/uploads\/2017\/12\/FEST-VERAO-300x250.jpg 300w\" sizes=\"(max-width: 336px) 100vw, 336px\" \/><\/a><p id=\"caption-attachment-109501\" class=\"wp-caption-text\">Fest Ver\u00e3o 2018 est\u00e1 marcado para 19 a 21 de janeiro, na Arena de de Eventos, em frente ao shopping RioMar (foto arte: Augustus Produ\u00e7\u00f5es)<\/p><\/div>\n<p style=\"text-align: justify;\">De 19 a 21 de janeiro Aracaju (SE) vai receber a 4\u00aa edi\u00e7\u00e3o do Fest Ver\u00e3o Sergipe, com shows de grande nomes da m\u00fasica nacional. <a href=\"http:\/\/senoticias.com.br\/se\/confira-a-programacao-do-fest-verao-2018\/\">A novidade deste ano \u00e9 o Domingo Kids<\/a>, com uma programa\u00e7\u00e3o para as crian\u00e7as.<\/p>\n<p style=\"text-align: justify;\">Entre as estrelas que sobrem ao palco da festa est\u00e3o: Bell Marques, Anitta, Gabriel Diniz, O Rappa, Avi\u00f5es do Forr\u00f3, Harmonia do Samba, Wesley Safad\u00e3o, Mar\u00edlia Mendon\u00e7a, Anitta, Larissa Manoela, Lore Improta e J\u00falia Simoura.<\/p>\n<p style=\"text-align: justify;\">Ser\u00e3o dispostos dois palcos, camarotes coorporativos, Camarote AJU e Camarote Backstage. Os ingressos, individuais ou pacote, est\u00e3o \u00e0 venda na Central do Ticket, no RioMar Shopping. Mais informa\u00e7\u00f5es pelos telefones (79) 3219-2069 e 99198-2069.<\/p>\n<p>Programa\u00e7\u00e3o<\/p>\n<p><strong>Sexta-feira (19)<\/strong><\/p>\n<p>Wesley Safad\u00e3o<br \/>\nMar\u00edlia Mendon\u00e7a<br \/>\nBell Marques<br \/>\nSolange Almeida<br \/>\nMake U Sweat<br \/>\nGabriel Diniz<br \/>\nAvine Vinny<br \/>\nXande e Nanda<\/p>\n<p><strong>S\u00e1bado (20)<\/strong><\/p>\n<p>Avi\u00f5es do Forr\u00f3<br \/>\nHenrique e Juliano<br \/>\nO Rappa<br \/>\nHarmonia do Samba<br \/>\nSamyra Show<br \/>\nMano Walter<br \/>\nDevinho Novaes<\/p>\n<p><strong>Domingo (21)<\/strong><\/p>\n<p>Larissa Manoela<br \/>\nAnita (S\u00f3 as poderosinhas)<br \/>\nLore Improta<br \/>\nJ\u00falia Simoura<\/p>\n<p><strong>Servi\u00e7o<\/strong><\/p>\n<p>Evento: 4\u00aa edi\u00e7\u00e3o do Fest Ver\u00e3o Sergipe.<br \/>\nData: 19, 20 e 21 de janeiro de 2018.<br \/>\nHora: 20h, 19h e 16h, respectivamente.<br \/>\nLocal: Arena de Eventos<br \/>\nVendas de ingressos: Central do Ticket (RioMar Shopping)<\/p>\n<p>&nbsp;<\/p>\n<p><em><strong>Acompanhe tamb\u00e9m o SE Not\u00edcias no\u00a0<a href=\"https:\/\/twitter.com\/Senoticias\" target=\"_blank\">Twitter<\/a>,\u00a0<a href=\"https:\/\/www.facebook.com\/senoticias1\" target=\"_blank\">Facebook<\/a>\u00a0e no\u00a0<a href=\"https:\/\/www.instagram.com\/senoticias\/\" target=\"_blank\">Instagram<\/a>\u00a0<\/strong><\/em><\/p>\n<p>&nbsp;<\/p>\n<p><a href=\"http:\/\/senoticias.com.br\/se\/wp-content\/uploads\/2017\/12\/Logomarca-fone-SE-4-2.jpg\"><img loading=\"lazy\" decoding=\"async\" class=\"aligncenter size-full wp-image-109225\" src=\"http:\/\/senoticias.com.br\/se\/wp-content\/uploads\/2017\/12\/Logomarca-fone-SE-4-2.jpg\" alt=\"Logomarca-fone-SE-4\" width=\"599\" height=\"78\" srcset=\"https:\/\/senoticias.com.br\/se\/wp-content\/uploads\/2017\/12\/Logomarca-fone-SE-4-2.jpg 599w, https:\/\/senoticias.com.br\/se\/wp-content\/uploads\/2017\/12\/Logomarca-fone-SE-4-2-300x39.jpg 300w\" sizes=\"(max-width: 599px) 100vw, 599px\" \/><\/a><\/p>\n","protected":false},"excerpt":{"rendered":"<p>De 19 a 21 de janeiro Aracaju (SE) vai receber a 4\u00aa edi\u00e7\u00e3o do Fest Ver\u00e3o Sergipe, com shows de grande nomes da m\u00fasica nacional. A novidade deste ano \u00e9 o Domingo Kids, com uma programa\u00e7\u00e3o para as crian\u00e7as. Entre as estrelas que sobrem ao palco da festa est\u00e3o: Bell Marques, Anitta, Gabriel Diniz, O [&hellip;]<\/p>\n","protected":false},"author":2,"featured_media":109501,"comment_status":"closed","ping_status":"closed","sticky":false,"template":"","format":"standard","meta":{"footnotes":""},"categories":[21],"tags":[1841],"class_list":{"0":"post-109346","1":"post","2":"type-post","3":"status-publish","4":"format-standard","5":"has-post-thumbnail","7":"category-entretenimento","8":"tag-fest-verao"},"_links":{"self":[{"href":"https:\/\/senoticias.com.br\/se\/wp-json\/wp\/v2\/posts\/109346"}],"collection":[{"href":"https:\/\/senoticias.com.br\/se\/wp-json\/wp\/v2\/posts"}],"about":[{"href":"https:\/\/senoticias.com.br\/se\/wp-json\/wp\/v2\/types\/post"}],"author":[{"embeddable":true,"href":"https:\/\/senoticias.com.br\/se\/wp-json\/wp\/v2\/users\/2"}],"replies":[{"embeddable":true,"href":"https:\/\/senoticias.com.br\/se\/wp-json\/wp\/v2\/comments?post=109346"}],"version-history":[{"count":0,"href":"https:\/\/senoticias.com.br\/se\/wp-json\/wp\/v2\/posts\/109346\/revisions"}],"wp:featuredmedia":[{"embeddable":true,"href":"https:\/\/senoticias.com.br\/se\/wp-json\/wp\/v2\/media\/109501"}],"wp:attachment":[{"href":"https:\/\/senoticias.com.br\/se\/wp-json\/wp\/v2\/media?parent=109346"}],"wp:term":[{"taxonomy":"category","embeddable":true,"href":"https:\/\/senoticias.com.br\/se\/wp-json\/wp\/v2\/categories?post=109346"},{"taxonomy":"post_tag","embeddable":true,"href":"https:\/\/senoticias.com.br\/se\/wp-json\/wp\/v2\/tags?post=109346"}],"curies":[{"name":"wp","href":"https:\/\/api.w.org\/{rel}","templated":true}]}}