{"id":109324,"date":"2017-12-26T07:26:31","date_gmt":"2017-12-26T10:26:31","guid":{"rendered":"http:\/\/senoticias.com.br\/se\/?p=109324"},"modified":"2018-01-12T14:14:09","modified_gmt":"2018-01-12T17:14:09","slug":"thiago-luduvice-faz-balanco-do-primeiro-ano-de-seu-mandato-e-faz-uma-analise-da-gestao-de-otavio-sobral","status":"publish","type":"post","link":"https:\/\/senoticias.com.br\/se\/thiago-luduvice-faz-balanco-do-primeiro-ano-de-seu-mandato-e-faz-uma-analise-da-gestao-de-otavio-sobral\/","title":{"rendered":"Entrevista Especial: Thiago Luduvice faz balan\u00e7o do primeiro ano de seu mandato e analisa gest\u00e3o de Ot\u00e1vio Sobral"},"content":{"rendered":"<p style=\"text-align: justify;\">\n<p style=\"text-align: justify;\"><span style=\"color: #000000;\">O ano de 2017 est\u00e1 chegando ao fim e para alguns prefeitos e vereadores \u00e9 o primeiro ano de mandato que se encerra. O atual cen\u00e1rio pol\u00edtico, com tantos esc\u00e2ndalos de corrup\u00e7\u00e3o, pris\u00f5es, dela\u00e7\u00f5es premiadas e malas de dinheiro em apartamentos, transformou o modo como as pessoas encaram a pol\u00edtica.<\/span><\/p>\n<p style=\"text-align: justify;\"><span style=\"color: #000000;\">Todos falam em mais responsabilidade e justi\u00e7a. Percebe-se mais interesse pelos assuntos pol\u00edticos. Atento a isso, o <strong>Portal SE Not\u00edcias<\/strong> far\u00e1 uma s\u00e9rie de reportagens que ser\u00e3o publicadas toda ter\u00e7a-feira, cada semana com um vereador ou prefeito.<\/span><\/p>\n<div id=\"attachment_109325\" style=\"width: 609px\" class=\"wp-caption aligncenter\"><a href=\"http:\/\/senoticias.com.br\/se\/wp-content\/uploads\/2017\/12\/thiago-e1514283632187.png\"><img loading=\"lazy\" decoding=\"async\" aria-describedby=\"caption-attachment-109325\" class=\"size-full wp-image-109325\" src=\"http:\/\/senoticias.com.br\/se\/wp-content\/uploads\/2017\/12\/thiago-e1514283632187.png\" alt=\" Com um total de 172 proposituras, Thiago Luduvice figura entre os vereadores mais atuantes da Casa Legislativa (foto: arquivo\/pessoal)\" width=\"599\" height=\"428\" \/><\/a><p id=\"caption-attachment-109325\" class=\"wp-caption-text\">Com um total de 150 proposituras, Thiago Luduvice figura entre os vereadores mais atuantes da Casa Legislativa (foto: arquivo\/pessoal)<\/p><\/div>\n<p style=\"text-align: justify;\"><span style=\"color: #000000;\">Essa primeira entrevista foi feita com o vereador pelo munic\u00edpio de Itaporanga D\u2019Ajuda, Thiago Luduvice. Ele falou sobre a elei\u00e7\u00e3o para presidente da C\u00e2mara pelo pr\u00f3ximo bi\u00eanio (2019\/2020), as indica\u00e7\u00f5es feitas, projetos de lei e agradeceu o apoio recebido dos colegas.<\/span><\/p>\n<p><span style=\"color: #333300;\"><strong>SE Not\u00edcias: o que o senhor tem a falar sobre esse primeiro ano de mandato?<\/strong><\/span><\/p>\n<p style=\"text-align: justify;\"><span style=\"color: #000000;\">Thiago Luduvice: Este primeiro ano de mandato foi marcado pela expectativa, pela vontade de mostrar servi\u00e7o, de fazer acontecer, de fazer a diferen\u00e7a. Encontrei muitas pedras no caminho, obst\u00e1culos, dificuldades e frustra\u00e7\u00f5es. Mas esses s\u00e3o sentimentos semelhantes aos que sentem a popula\u00e7\u00e3o Itaporanguense.<\/span><\/p>\n<p><span style=\"color: #333300;\"><strong>SE: o que o senhor destacaria no trabalho desenvolvido durante esse ano de 2017?<\/strong><\/span><\/p>\n<p style=\"text-align: justify;\"><span style=\"color: #000000;\">TL: apresentei aproximadamente 150 proposituras de minha autoria. Como, por exemplo, cal\u00e7amentos no residencial Minha Casa Minha Vida, no Povoado Caueira, e na rua lateral da Escola Municipal Te\u00f3filo Martins, no Povoado Tapera, pintura das lombadas do munic\u00edpio, perfura\u00e7\u00e3o de um po\u00e7o artesiano no Povoado \u00c1gua bonita, a reforma da quadra poliesportiva do Loteamento Santo Ant\u00f4nio, constru\u00e7\u00e3o de casas no povoado Tapera, a compra de uma lancha escolar para os estudantes da Ilha Men de S\u00e1 e a instala\u00e7\u00e3o de um gerador na urg\u00eancia 24h do nosso munic\u00edpio.<\/span><\/p>\n<p style=\"text-align: justify;\"><span style=\"color: #333300;\"><strong>SE: o senhor prop\u00f4s alguma lei?<\/strong><\/span><\/p>\n<p style=\"text-align: justify;\"><span style=\"color: #000000;\">TL: Sim, foram tr\u00eas projetos de lei. O primeiro institui a Semana de Conscientiza\u00e7\u00e3o da S\u00edndrome de Down, o segundo estabelece diretrizes para a implanta\u00e7\u00e3o do programa de atendimento ao paciente com c\u00e2ncer e seus familiares e o terceiro disp\u00f5e sobre a denomina\u00e7\u00e3o do Forr\u00f3dromo Sanfoneiro Manoel Sotero. Tamb\u00e9m teve emendas a projetos, como o n\u00b0 033\/2017 que cria o Conselho da Juventude, o n\u00b0 003 que estabelece o pagamento do piso salarial do magist\u00e9rio e o n\u00b0 045\/2017 que fixa a despesa de Itaporanga para o pr\u00f3ximo ano.<\/span><\/p>\n<p style=\"text-align: justify;\"><span style=\"color: #333300;\"><strong>SE: como o senhor avalia o primeiro ano da administra\u00e7\u00e3o do prefeito Ot\u00e1vio Sobral?<\/strong><\/span><\/p>\n<p style=\"text-align: justify;\"><span style=\"color: #000000;\">TL: Eu analiso como regular. Pois, durante o ano, poucas a\u00e7\u00f5es tivemos. As promessas que foram feitas em campanha e a aplica\u00e7\u00e3o do plano de governo n\u00e3o foram realizadas. O prefeito apenas deu continuidade \u00e0s obras deixadas pela gest\u00e3o anterior, pouco se produziu. Em menos de 4 meses demitiu mais de 100 pessoas, alegando incha\u00e7o no quadro, ou seja, falta de planejamento e habilidade em administrar. Festas tradicionais foram apagadas, programas sociais esquecidos. Enfim, tivemos um ano de muita conversa e ladainha. A revolta da popula\u00e7\u00e3o \u00e9 grande em nosso munic\u00edpio.<\/span><\/p>\n<blockquote>\n<p style=\"text-align: justify;\"><span style=\"color: #000000;\">Esperamos que em 2018, a administra\u00e7\u00e3o responda as proposituras apresentada pelos vereadores e que o ano seja de obras, a\u00e7\u00f5es, melhorias, trabalho e menos desculpas.<\/span><\/p>\n<\/blockquote>\n<p><span style=\"color: #333300;\"><strong>SE: por isso, o senhor criou, junto com outros vereadores, a \u2018Liga da Justi\u00e7a\u2019. Teve bons resultados?<\/strong><\/span><\/p>\n<p style=\"text-align: justify;\">TL:<span style=\"color: #000000;\"> Isso. \u00c9ramos cinco vereadores comprometidos com o munic\u00edpio. Executamos um trabalho de fiscaliza\u00e7\u00e3o jamais visto na hist\u00f3ria de Itaporanga. Hoje somos sete vereadores que, com a ben\u00e7\u00e3o de Deus e muito trabalho s\u00e9rio, conseguimos eleger a nova mesa diretora do pr\u00f3ximo bi\u00eanio, da qual eu fui eleito presidente.<\/span><\/p>\n<p style=\"text-align: justify;\"><strong><span style=\"color: #333300;\">SE: O senhor teve a ajuda da ex-prefeita Gracinha na elei\u00e7\u00e3o para a mesa diretora da C\u00e2mara no pr\u00f3ximo bi\u00eanio?<\/span><br \/>\n<\/strong><br \/>\n<span style=\"color: #000000;\">TL: A elei\u00e7\u00e3o para a mesa diretora bi\u00eanio 2019\/2020 teve sim a ajuda nos bastidores da ex-prefeita Gracinha com seus conselhos e orienta\u00e7\u00f5es. Tamb\u00e9m tivemos o apoio do ex-vereador Marcelo Anchieta, Faustinho Sobral e J\u00fanior Garcez (Juninho). E continuo fazendo parte do agrupamento liderado por Gracinha, em busca de um objetivo maior e dias melhores para ao nosso munic\u00edpio.<\/span><\/p>\n<p style=\"text-align: justify;\"><span style=\"color: #000000;\">Agrade\u00e7o a minha vice-presidente, Concei\u00e7\u00e3o Anchieta, ao 1\u00ba Secretario Ricardo Possid\u00f4nio, ao 2\u00ba Tonho de Luquinha, aos vereadores Renatinho de Z\u00e9 de Lili, Nena do Gravat\u00e1 e Wallace do Nova Descoberta que acreditaram e acreditam na minha capacidade de assumir a presid\u00eancia desta casa.<\/span><\/p>\n<p><span style=\"color: #333300;\"><strong>SE: O senhor conseguiu reativar a festa da mangaba, na Caueira.<\/strong><\/span><\/p>\n<p style=\"text-align: justify;\"><span style=\"color: #000000;\">TL: Isso faz parte dos 15 requerimentos de minha autoria, que inclui a atualiza\u00e7\u00e3o da tabela salarial dos servidores efetivos, a reativa\u00e7\u00e3o da banda filarm\u00f4nica, um projeto de convers\u00e3o do regime jur\u00eddico de funcion\u00e1rios celetistas para estatut\u00e1rios, a constru\u00e7\u00e3o de um centro de capta\u00e7\u00e3o de \u00e1gua e o tratamento para o Povoado Nova Descoberta e a abertura da Unidade B\u00e1sica de Sa\u00fade da Caueira, em plant\u00e3o de 24 horas.<\/span><\/p>\n<p style=\"text-align: justify;\"><span style=\"color: #333300;\"><strong>SE: no \u00e2mbito familiar o senhor tamb\u00e9m teve boas novidades esse ano.<\/strong><\/span><\/p>\n<p style=\"text-align: justify;\"><span style=\"color: #000000;\">TL: (risos) 2017 foi um ano de muitas realiza\u00e7\u00f5es e eu agrade\u00e7o a Deus pela vida da minha princesa Lara Gabriele, que veio para alegrar a minha fam\u00edlia.<\/span><\/p>\n<p style=\"text-align: justify;\"><span style=\"color: #333300;\"><strong>SE: o que a popula\u00e7\u00e3o de Itaporanga D\u2019Ajuda pode esperar do seu trabalho no ano de 2018?<\/strong><\/span><\/p>\n<p style=\"text-align: justify;\"><span style=\"color: #000000;\">TL: espero que a Administra\u00e7\u00e3o Municipal responda os requerimentos e que as promessas feitas na campanha saiam do papel. Cobrarei mais a\u00e7\u00f5es, obras, melhorias, trabalho e menos desculpas. No mais, que 2018 um ano de paz, sa\u00fade e realiza\u00e7\u00f5es. Estaremos com muita determina\u00e7\u00e3o, sempre com o nosso mandato voltado a servir o povo e a nossa querida cidade, buscando honrar os votos que recebemos. Termino 2017 feliz, pois pude encaminhar boas propostas, com a consci\u00eancia tranquila porque agi com honestidade, sinceridade, compromisso, \u00e9tica e respeito ao povo que me elegeu.<\/span><\/p>\n<p style=\"text-align: justify;\"><em><strong>Acompanhe tamb\u00e9m o SE Not\u00edcias no\u00a0<a href=\"https:\/\/twitter.com\/Senoticias\" target=\"_blank\">Twitter<\/a>,\u00a0<a href=\"https:\/\/www.facebook.com\/senoticias1\" target=\"_blank\">Facebook<\/a>\u00a0e no\u00a0<a href=\"https:\/\/www.instagram.com\/senoticias\/\" target=\"_blank\">Instagram<\/a>\u00a0<\/strong><\/em><\/p>\n<p style=\"text-align: justify;\"><a href=\"http:\/\/senoticias.com.br\/se\/wp-content\/uploads\/2017\/12\/Logomarca-fone-SE-4-2.jpg\"><img loading=\"lazy\" decoding=\"async\" class=\"aligncenter size-full wp-image-109225\" src=\"http:\/\/senoticias.com.br\/se\/wp-content\/uploads\/2017\/12\/Logomarca-fone-SE-4-2.jpg\" alt=\"Logomarca-fone-SE-4\" width=\"599\" height=\"78\" srcset=\"https:\/\/senoticias.com.br\/se\/wp-content\/uploads\/2017\/12\/Logomarca-fone-SE-4-2.jpg 599w, https:\/\/senoticias.com.br\/se\/wp-content\/uploads\/2017\/12\/Logomarca-fone-SE-4-2-300x39.jpg 300w\" sizes=\"(max-width: 599px) 100vw, 599px\" \/><\/a><\/p>\n<p style=\"text-align: justify;\"><em><span style=\"color: #000000;\">Reda\u00e7\u00e3o SE Not\u00edcias<\/span><\/em><\/p>\n","protected":false},"excerpt":{"rendered":"<p>O ano de 2017 est\u00e1 chegando ao fim e para alguns prefeitos e vereadores \u00e9 o primeiro ano de mandato que se encerra. O atual cen\u00e1rio pol\u00edtico, com tantos esc\u00e2ndalos de corrup\u00e7\u00e3o, pris\u00f5es, dela\u00e7\u00f5es premiadas e malas de dinheiro em apartamentos, transformou o modo como as pessoas encaram a pol\u00edtica. Todos falam em mais responsabilidade [&hellip;]<\/p>\n","protected":false},"author":2,"featured_media":109325,"comment_status":"closed","ping_status":"closed","sticky":false,"template":"","format":"standard","meta":{"footnotes":""},"categories":[15,6],"tags":[7768,4093,1838,2008],"class_list":{"0":"post-109324","1":"post","2":"type-post","3":"status-publish","4":"format-standard","5":"has-post-thumbnail","7":"category-destaques","8":"category-politica","9":"tag-gracinha-garcez","10":"tag-itaporanga-d-ajuda","11":"tag-otavio-sobral","12":"tag-thiago-luduvice"},"_links":{"self":[{"href":"https:\/\/senoticias.com.br\/se\/wp-json\/wp\/v2\/posts\/109324"}],"collection":[{"href":"https:\/\/senoticias.com.br\/se\/wp-json\/wp\/v2\/posts"}],"about":[{"href":"https:\/\/senoticias.com.br\/se\/wp-json\/wp\/v2\/types\/post"}],"author":[{"embeddable":true,"href":"https:\/\/senoticias.com.br\/se\/wp-json\/wp\/v2\/users\/2"}],"replies":[{"embeddable":true,"href":"https:\/\/senoticias.com.br\/se\/wp-json\/wp\/v2\/comments?post=109324"}],"version-history":[{"count":0,"href":"https:\/\/senoticias.com.br\/se\/wp-json\/wp\/v2\/posts\/109324\/revisions"}],"wp:featuredmedia":[{"embeddable":true,"href":"https:\/\/senoticias.com.br\/se\/wp-json\/wp\/v2\/media\/109325"}],"wp:attachment":[{"href":"https:\/\/senoticias.com.br\/se\/wp-json\/wp\/v2\/media?parent=109324"}],"wp:term":[{"taxonomy":"category","embeddable":true,"href":"https:\/\/senoticias.com.br\/se\/wp-json\/wp\/v2\/categories?post=109324"},{"taxonomy":"post_tag","embeddable":true,"href":"https:\/\/senoticias.com.br\/se\/wp-json\/wp\/v2\/tags?post=109324"}],"curies":[{"name":"wp","href":"https:\/\/api.w.org\/{rel}","templated":true}]}}