{"id":109277,"date":"2017-12-22T20:18:13","date_gmt":"2017-12-22T23:18:13","guid":{"rendered":"http:\/\/senoticias.com.br\/se\/?p=109277"},"modified":"2017-12-24T10:29:34","modified_gmt":"2017-12-24T13:29:34","slug":"prefeitura-de-aracaju-divulga-calendario-de-pagamento-do-iptu-2018","status":"publish","type":"post","link":"https:\/\/senoticias.com.br\/se\/prefeitura-de-aracaju-divulga-calendario-de-pagamento-do-iptu-2018\/","title":{"rendered":"Prefeitura de Aracaju divulga calend\u00e1rio de pagamento do IPTU 2018"},"content":{"rendered":"<p style=\"text-align: justify;\">A Secretaria Municipal da Fazenda (Semfaz) divulga o calend\u00e1rio de pagamento do Imposto Predial Territorial Urbano (IPTU) par<span style=\"color: #000000;\">a o exerc\u00edcio 2018, estabelecido atrav\u00e9s do decreto N\u00ba 5.615, sancionado pelo prefeito Edvaldo Nogueira e publicado no Di\u00e1rio Oficial. Os boletos dever\u00e3o ser entregues \u00e0 popula\u00e7\u00e3o a partir do dia 1\u00ba de janeiro, quando tamb\u00e9m estar\u00e1 dispon\u00edvel no Portal da Prefeitura de Aracaju a vers\u00e3o digital do documento, para impress\u00e3o.<\/span><\/p>\n<p style=\"text-align: justify;\"><span style=\"color: #000000;\">O contribuinte que optar pelo pagamento do imposto em cota \u00fanica dever\u00e1 realiz\u00e1-lo at\u00e9 o dia 15 de janeiro, como explica o secret\u00e1rio da Fazenda, Jeferson Passos. &#8220;Para o cidad\u00e3o que n\u00e3o possuir d\u00e9bitos vencidos de exerc\u00edcios anteriores, haver\u00e1 o desconto de 7,5% no valor total. J\u00e1 para aqueles que est\u00e3o inadimplentes, o desconto \u00e9 de 2,5%&#8221;, detalha o gestor.<a href=\"http:\/\/senoticias.com.br\/se\/wp-content\/uploads\/2017\/12\/tabela_iptu-e1513984530957.png\"><img loading=\"lazy\" decoding=\"async\" class=\"aligncenter size-full wp-image-109278\" src=\"http:\/\/senoticias.com.br\/se\/wp-content\/uploads\/2017\/12\/tabela_iptu-e1513984530957.png\" alt=\"tabela_iptu\" width=\"599\" height=\"428\" \/><\/a><\/span><\/p>\n<p style=\"text-align: justify;\"><span style=\"color: #000000;\">H\u00e1, tamb\u00e9m, a possibilidade de parcelar o IPTU em at\u00e9 dez vezes, com primeiro vencimento para o dia 5 de fevereiro. Neste caso, \u00e9 o valor total do tributo que ir\u00e1 definir o limite de parcelas para o contribuinte. Quem paga o imposto entre R$ 79,00 e R$ 129,00, por exemplo, poder\u00e1 dividir em at\u00e9 duas vezes. J\u00e1 quem paga entre R$ 1.376,00 e R$ 2.630,00 pode fazer o parcelamento em at\u00e9 sete vezes.<\/span><\/p>\n<p style=\"text-align: justify;\"><span style=\"color: #000000;\">&#8220;Tivemos um in\u00edcio de gest\u00e3o complicado, com muitas d\u00edvidas herdadas. Mas com compromisso e responsabilidade, temos ajustado as contas e conseguido devolver aos aracajuanos a cidadania que eles merecem. E a arrecada\u00e7\u00e3o deste imposto \u00e9 muito importante para continuarmos a investir e ampliar o desenvolvimento da capital&#8221;, avalia o secret\u00e1rio.<\/span><\/p>\n<p style=\"text-align: justify;\"><a href=\"http:\/\/senoticias.com.br\/se\/wp-content\/uploads\/2017\/12\/Logomarca-fone-SE-4-2.jpg\"><img loading=\"lazy\" decoding=\"async\" class=\"aligncenter size-full wp-image-109225\" src=\"http:\/\/senoticias.com.br\/se\/wp-content\/uploads\/2017\/12\/Logomarca-fone-SE-4-2.jpg\" alt=\"Logomarca-fone-SE-4\" width=\"599\" height=\"78\" srcset=\"https:\/\/senoticias.com.br\/se\/wp-content\/uploads\/2017\/12\/Logomarca-fone-SE-4-2.jpg 599w, https:\/\/senoticias.com.br\/se\/wp-content\/uploads\/2017\/12\/Logomarca-fone-SE-4-2-300x39.jpg 300w\" sizes=\"(max-width: 599px) 100vw, 599px\" \/><\/a><\/p>\n<p style=\"text-align: justify;\"><em><strong>Acompanhe tamb\u00e9m o SE Not\u00edcias no\u00a0<a href=\"https:\/\/twitter.com\/Senoticias\" target=\"_blank\">Twitter<\/a>,\u00a0<a href=\"https:\/\/www.facebook.com\/senoticias1\" target=\"_blank\">Facebook<\/a>\u00a0e no\u00a0<a href=\"https:\/\/www.instagram.com\/senoticias\/\" target=\"_blank\">Instagram<\/a>\u00a0<\/strong><\/em><\/p>\n<p style=\"text-align: justify;\"><em>Mat\u00e9ria extra\u00edda do site da prefeitura de Aracaju<\/em><\/p>\n","protected":false},"excerpt":{"rendered":"<p>A Secretaria Municipal da Fazenda (Semfaz) divulga o calend\u00e1rio de pagamento do Imposto Predial Territorial Urbano (IPTU) para o exerc\u00edcio 2018, estabelecido atrav\u00e9s do decreto N\u00ba 5.615, sancionado pelo prefeito Edvaldo Nogueira e publicado no Di\u00e1rio Oficial. Os boletos dever\u00e3o ser entregues \u00e0 popula\u00e7\u00e3o a partir do dia 1\u00ba de janeiro, quando tamb\u00e9m estar\u00e1 dispon\u00edvel [&hellip;]<\/p>\n","protected":false},"author":2,"featured_media":109278,"comment_status":"closed","ping_status":"closed","sticky":false,"template":"","format":"standard","meta":{"footnotes":""},"categories":[15,6],"tags":[698,7722,7721,213],"class_list":{"0":"post-109277","1":"post","2":"type-post","3":"status-publish","4":"format-standard","5":"has-post-thumbnail","7":"category-destaques","8":"category-politica","9":"tag-edvaldo-nogueira","10":"tag-imposto-predial-territorial-urbano","11":"tag-iptu-2018","12":"tag-prefeitura-de-aracaju"},"_links":{"self":[{"href":"https:\/\/senoticias.com.br\/se\/wp-json\/wp\/v2\/posts\/109277"}],"collection":[{"href":"https:\/\/senoticias.com.br\/se\/wp-json\/wp\/v2\/posts"}],"about":[{"href":"https:\/\/senoticias.com.br\/se\/wp-json\/wp\/v2\/types\/post"}],"author":[{"embeddable":true,"href":"https:\/\/senoticias.com.br\/se\/wp-json\/wp\/v2\/users\/2"}],"replies":[{"embeddable":true,"href":"https:\/\/senoticias.com.br\/se\/wp-json\/wp\/v2\/comments?post=109277"}],"version-history":[{"count":0,"href":"https:\/\/senoticias.com.br\/se\/wp-json\/wp\/v2\/posts\/109277\/revisions"}],"wp:featuredmedia":[{"embeddable":true,"href":"https:\/\/senoticias.com.br\/se\/wp-json\/wp\/v2\/media\/109278"}],"wp:attachment":[{"href":"https:\/\/senoticias.com.br\/se\/wp-json\/wp\/v2\/media?parent=109277"}],"wp:term":[{"taxonomy":"category","embeddable":true,"href":"https:\/\/senoticias.com.br\/se\/wp-json\/wp\/v2\/categories?post=109277"},{"taxonomy":"post_tag","embeddable":true,"href":"https:\/\/senoticias.com.br\/se\/wp-json\/wp\/v2\/tags?post=109277"}],"curies":[{"name":"wp","href":"https:\/\/api.w.org\/{rel}","templated":true}]}}