{"id":109275,"date":"2017-12-22T20:04:54","date_gmt":"2017-12-22T23:04:54","guid":{"rendered":"http:\/\/senoticias.com.br\/se\/?p=109275"},"modified":"2017-12-22T20:05:27","modified_gmt":"2017-12-22T23:05:27","slug":"feira-do-turista-acontece-na-virada-na-orla-da-atalaia","status":"publish","type":"post","link":"https:\/\/senoticias.com.br\/se\/feira-do-turista-acontece-na-virada-na-orla-da-atalaia\/","title":{"rendered":"Feira do Turista acontece na virada do ano na Atalaia"},"content":{"rendered":"<p style=\"text-align: justify;\">Se na festa do R\u00e9veillon todos os caminhos levam \u00e0 Orla da Atalaia, a Feira do Turista \u00e9 local ideal para quem quer curtir a virada do ano em um ambiente seguro, que tem 12 restaurantes com card\u00e1pio variad\u00edssimo, e muita anima\u00e7\u00e3o. Por falar nisso, a anima\u00e7\u00e3o ficar\u00e1 conta dos DJs Mago e Harryson que prometem n\u00e3o deixar ningu\u00e9m parado para que comece 2018 cheio de energia. A festa come\u00e7a \u00e0s 22 horas e vai at\u00e9 \u00e0s cinco da manh\u00e3.<\/p>\n<div id=\"attachment_109276\" style=\"width: 609px\" class=\"wp-caption aligncenter\"><a href=\"http:\/\/senoticias.com.br\/se\/wp-content\/uploads\/2017\/12\/feira-do-turista-e1513983732147.jpg\"><img loading=\"lazy\" decoding=\"async\" aria-describedby=\"caption-attachment-109276\" class=\"size-full wp-image-109276\" src=\"http:\/\/senoticias.com.br\/se\/wp-content\/uploads\/2017\/12\/feira-do-turista-e1513983732147.jpg\" alt=\"Feira do Turista acontece na virada na Orla da Atalaia\" width=\"599\" height=\"449\" \/><\/a><p id=\"caption-attachment-109276\" class=\"wp-caption-text\">Feira do Turista acontece na virada na Orla da Atalaia (foto: arquivo\/organiza\u00e7\u00e3o)<\/p><\/div>\n<p style=\"text-align: justify;\">Com capacidade para receber 700 pessoas, o espa\u00e7o Feira do Turista \u2013 que fica na avenida Santos Dumont 1813 a 1817- promove o R\u00e9veillon. Segundo os administradores \u00a0da Feira, Ary Fortes e Neyde Fortes, os ingressos individuais e as mesas j\u00e1 come\u00e7aram a ser vendidos e a procura tem sido muito boa. O ingresso individual custa R$ 25, enquanto que o pre\u00e7o das mesas varia de acordo com o restaurante escolhido pelo cliente. No Boteco da Feira, por exemplo, a mesa por pessoa custa R$ 75,00, sendo que R$ 50,00 \u00e9 revertido em consuma\u00e7\u00e3o.<\/p>\n<p style=\"text-align: justify;\">Os DJs Mago e Harryson, respons\u00e1veis pela anima\u00e7\u00e3o, ficar\u00e3o no palco principal, logo na entrada da Feira, mas m\u00fasica vai ecoar por todos os espa\u00e7os. \u201cVamos tocar m\u00fasicas que est\u00e3o fazendo sucesso, outras que marcaram \u00e9poca, cl\u00e1ssicos nacionais e internacionais. Faremos a contagem regressiva, depois tem a queima de fogos e depois voltamos cheios de energia para contagiar as pessoas com alegria e amor\u201d, disse DJ Harryson. Ele lembra que fez o R\u00e9veillon de 2015 at\u00e9 \u00e0s 7 da manh\u00e3 de 1\u00ba de janeiro de 2016.<\/p>\n<p style=\"text-align: justify;\">A Feira do Turista tem 160 estabelecimentos, sendo 148 lojas e 12 restaurantes. No dia 31, as lojas estar\u00e3o abertas das 10 da manh\u00e3 \u00e0s 20 horas. Depois desse hor\u00e1rio, somente os restaurantes estar\u00e3o abertos para receber o p\u00fablico que vai curtir a festa da virada.\u00a0 A diversidade \u00e9 t\u00e3o boa, que o cliente poder\u00e1 escolher entre o tempero nordestino, hamburgueria, comida portuguesa e italiana.<\/p>\n<p style=\"text-align: justify;\">Quem quiser, j\u00e1 pode comprar o ingresso individual ou a mesa em dos restaurantes pelos telefones 99973.4578 ou 99962.2626. \u00c9 bom garantir logo, porque uma festa boa, em local seguro e num ambiente acolhedor, a procura \u00e9 muito grande.<\/p>\n<p style=\"text-align: justify;\">No mais, \u00e9 se preparar para curtir a festa ao som dos DJs, pois voc\u00ea o protagonista da sua pr\u00f3pria hist\u00f3ria. Como diz a can\u00e7\u00e3o God Is Dj (Deus \u00e9 DJ) da Pink, \u201cse Deus \u00e9 um DJ, a vida \u00e9 uma pista de dan\u00e7a, o amor \u00e9 o ritmo, voc\u00ea \u00e9 a m\u00fasica\u201d. Que venha 2018.<\/p>\n<p style=\"text-align: justify;\"><a href=\"http:\/\/senoticias.com.br\/se\/wp-content\/uploads\/2017\/12\/Logomarca-fone-SE-4-2.jpg\"><img loading=\"lazy\" decoding=\"async\" class=\"aligncenter size-full wp-image-109225\" src=\"http:\/\/senoticias.com.br\/se\/wp-content\/uploads\/2017\/12\/Logomarca-fone-SE-4-2.jpg\" alt=\"Logomarca-fone-SE-4\" width=\"599\" height=\"78\" srcset=\"https:\/\/senoticias.com.br\/se\/wp-content\/uploads\/2017\/12\/Logomarca-fone-SE-4-2.jpg 599w, https:\/\/senoticias.com.br\/se\/wp-content\/uploads\/2017\/12\/Logomarca-fone-SE-4-2-300x39.jpg 300w\" sizes=\"(max-width: 599px) 100vw, 599px\" \/><\/a><\/p>\n<p style=\"text-align: justify;\"><em><strong>Acompanhe tamb\u00e9m o SE Not\u00edcias no\u00a0<a href=\"https:\/\/twitter.com\/Senoticias\" target=\"_blank\">Twitter<\/a>,\u00a0<a href=\"https:\/\/www.facebook.com\/senoticias1\" target=\"_blank\">Facebook<\/a>\u00a0e no\u00a0<a href=\"https:\/\/www.instagram.com\/senoticias\/\" target=\"_blank\">Instagram<\/a>\u00a0<\/strong><\/em><\/p>\n<p style=\"text-align: justify;\"><em>Da Assessoria de Imprensa<\/em><\/p>\n","protected":false},"excerpt":{"rendered":"<p>Se na festa do R\u00e9veillon todos os caminhos levam \u00e0 Orla da Atalaia, a Feira do Turista \u00e9 local ideal para quem quer curtir a virada do ano em um ambiente seguro, que tem 12 restaurantes com card\u00e1pio variad\u00edssimo, e muita anima\u00e7\u00e3o. Por falar nisso, a anima\u00e7\u00e3o ficar\u00e1 conta dos DJs Mago e Harryson que [&hellip;]<\/p>\n","protected":false},"author":2,"featured_media":109276,"comment_status":"closed","ping_status":"closed","sticky":false,"template":"","format":"standard","meta":{"footnotes":""},"categories":[15,21],"tags":[7716,7720,7719,7718,7717,3710,7462],"class_list":{"0":"post-109275","1":"post","2":"type-post","3":"status-publish","4":"format-standard","5":"has-post-thumbnail","7":"category-destaques","8":"category-entretenimento","9":"tag-ary-fortes","10":"tag-djs-harryson","11":"tag-djs-mago","12":"tag-feira-do-turista","13":"tag-neyde-fortes","14":"tag-orla-da-atalaia","15":"tag-reveillon"},"_links":{"self":[{"href":"https:\/\/senoticias.com.br\/se\/wp-json\/wp\/v2\/posts\/109275"}],"collection":[{"href":"https:\/\/senoticias.com.br\/se\/wp-json\/wp\/v2\/posts"}],"about":[{"href":"https:\/\/senoticias.com.br\/se\/wp-json\/wp\/v2\/types\/post"}],"author":[{"embeddable":true,"href":"https:\/\/senoticias.com.br\/se\/wp-json\/wp\/v2\/users\/2"}],"replies":[{"embeddable":true,"href":"https:\/\/senoticias.com.br\/se\/wp-json\/wp\/v2\/comments?post=109275"}],"version-history":[{"count":0,"href":"https:\/\/senoticias.com.br\/se\/wp-json\/wp\/v2\/posts\/109275\/revisions"}],"wp:featuredmedia":[{"embeddable":true,"href":"https:\/\/senoticias.com.br\/se\/wp-json\/wp\/v2\/media\/109276"}],"wp:attachment":[{"href":"https:\/\/senoticias.com.br\/se\/wp-json\/wp\/v2\/media?parent=109275"}],"wp:term":[{"taxonomy":"category","embeddable":true,"href":"https:\/\/senoticias.com.br\/se\/wp-json\/wp\/v2\/categories?post=109275"},{"taxonomy":"post_tag","embeddable":true,"href":"https:\/\/senoticias.com.br\/se\/wp-json\/wp\/v2\/tags?post=109275"}],"curies":[{"name":"wp","href":"https:\/\/api.w.org\/{rel}","templated":true}]}}