{"id":109272,"date":"2017-12-22T19:48:31","date_gmt":"2017-12-22T22:48:31","guid":{"rendered":"http:\/\/senoticias.com.br\/se\/?p=109272"},"modified":"2017-12-22T19:52:25","modified_gmt":"2017-12-22T22:52:25","slug":"biblioteca-infantil-realizara-programacao-especial-nas-ferias-escolares","status":"publish","type":"post","link":"https:\/\/senoticias.com.br\/se\/biblioteca-infantil-realizara-programacao-especial-nas-ferias-escolares\/","title":{"rendered":"Biblioteca Infantil realizara programa\u00e7\u00e3o especial nas f\u00e9rias escolares"},"content":{"rendered":"<p style=\"font-weight: 400; text-align: justify;\">O ano ainda n\u00e3o terminou, mas a Biblioteca P\u00fablica Infantil j\u00e1 preparou uma programa\u00e7\u00e3o especial para as crian\u00e7as aproveitarem as f\u00e9rias de janeiro. Atividades l\u00fadicas ser\u00e3o oferecidas para a divers\u00e3o e o aprendizado dos pequenos, sempre com brincadeiras, din\u00e2micas, jogos, oficinas e conta\u00e7\u00e3o de hist\u00f3rias, dentro do projeto \u201cF\u00e9rias boa \u00e9 na Biblioteca!\u201d<\/p>\n<div id=\"attachment_109273\" style=\"width: 609px\" class=\"wp-caption aligncenter\"><a href=\"http:\/\/senoticias.com.br\/se\/wp-content\/uploads\/2017\/12\/Crian\u00e7as-participaram-das-palha\u00e7adas-Foto-Pritty-Reis-e1513982957468.jpg\"><img loading=\"lazy\" decoding=\"async\" aria-describedby=\"caption-attachment-109273\" class=\"size-full wp-image-109273\" src=\"http:\/\/senoticias.com.br\/se\/wp-content\/uploads\/2017\/12\/Crian\u00e7as-participaram-das-palha\u00e7adas-Foto-Pritty-Reis-e1513982957468.jpg\" alt=\"Biblioteca Infantil realizara programa\u00e7\u00e3o especial nas f\u00e9rias escolares- Foto Pritty Reis\" width=\"599\" height=\"400\" \/><\/a><p id=\"caption-attachment-109273\" class=\"wp-caption-text\">Biblioteca Infantil realizara programa\u00e7\u00e3o especial nas f\u00e9rias escolares ( foto Pritty Reis)<\/p><\/div>\n<p style=\"font-weight: 400; text-align: justify;\">No Dia do Fot\u00f3grafo, comemorado em 08 de janeiro, o personagem Dentinho participar\u00e1 de um bate papo com a fot\u00f3grafa, Karla Tavares, no evento \u201cOlho no olho, l\u00edngua no dente \u2013 de frente com Dentinho\u201d.\u00a0 O personagem mais querido da Biblioteca tamb\u00e9m ser\u00e1 tema da apresenta\u00e7\u00e3o \u201cA volta de Dentinho e a Arca de No\u00e9\u201d, realizada pela Caixa M\u00e1gica de Hist\u00f3rias com Bianca e Caio, em v\u00e1rios dias de sess\u00e3o.<\/p>\n<p style=\"font-weight: 400; text-align: justify;\">Tamb\u00e9m compondo a programa\u00e7\u00e3o do m\u00eas de f\u00e9rias, a turma da Biblioteca realiza a tradicional conta\u00e7\u00e3o de hist\u00f3rias, que no dia 26 de janeiro ter\u00e1 a participa\u00e7\u00e3o do convidado Tio Marcos. Todas as atividades s\u00e3o gratuitas e abertas ao p\u00fablico. Escolas e grupos interessados em participar das atividades devem agendar hor\u00e1rio pelo telefone (79) 3179 \u2013 1965. A Biblioteca Infantil est\u00e1 localizada junto \u00e0 Biblioteca P\u00fablica Epif\u00e2nio D\u00f3ria, na Rua Dr. Leonardo Leite, s\/n, no Bairro 13 de Julho, Aracaju.<\/p>\n<p style=\"font-weight: 400;\"><strong>PROGRAMA\u00c7\u00c3O DE JANEIRO<\/strong><\/p>\n<p style=\"font-weight: 400;\">03 a 11 de janeiro<\/p>\n<p style=\"font-weight: 400;\">Atividades l\u00fadicas com brincadeiras, din\u00e2micas, jogos, oficinas e conta\u00e7\u00e3o de hist\u00f3rias.<\/p>\n<p style=\"font-weight: 400;\">Hor\u00e1rio: das 8:30 \u00e0s 11:30<\/p>\n<p style=\"font-weight: 400;\">Obs: Inscri\u00e7\u00f5es pr\u00e9vias para turmas de at\u00e9 15 crian\u00e7as de 6 a 12 anos<br \/>\nFone: 3179-1965<\/p>\n<p style=\"font-weight: 400;\">08 de janeiro &#8211; Olho no olho, l\u00edngua no dente \u2013 de frente com Dentinho<br \/>\nEntrevista com a Fot\u00f3grafa Karla Tavares (Dia do Fot\u00f3grafo)<\/p>\n<p style=\"font-weight: 400;\">Hor\u00e1rio: 10 horas<\/p>\n<p>15, 18 e 19 \u2013 A volta de Dentinho e a Arca de No\u00e9<\/p>\n<p style=\"font-weight: 400;\">Hor\u00e1rio: 10 horas<\/p>\n<p style=\"font-weight: 400;\">Caixa M\u00e1gica de Hist\u00f3rias com Bianca e Caio<\/p>\n<p style=\"font-weight: 400;\">Hor\u00e1rio: 15 horas<\/p>\n<p style=\"font-weight: 400;\">16 de janeiro \u2013 Conta\u00e7\u00e3o de Hist\u00f3rias com o Professor Luiz Carlos<\/p>\n<p style=\"font-weight: 400;\">Hor\u00e1rio: 10 horas<\/p>\n<p style=\"font-weight: 400;\">22, 23, 25 de janeiro \u2013 Conta\u00e7\u00e3o de Hist\u00f3rias com a turma da Biblioteca<\/p>\n<p style=\"font-weight: 400;\">Hor\u00e1rio: 10 horas<\/p>\n<p style=\"font-weight: 400;\">26 de janeiro \u2013 Conta\u00e7\u00e3o de Hist\u00f3rias com Tio Marcos<\/p>\n<p style=\"font-weight: 400;\">Hor\u00e1rio: 10 horas<\/p>\n<p style=\"font-weight: 400;\">Biblioteca P\u00fablica Infantil de Sergipe<\/p>\n<p style=\"font-weight: 400;\">&#8220;Inserindo Pequenos Cidad\u00e3os no Mundo da Leitura&#8221;<\/p>\n<p style=\"font-weight: 400;\">\n<p style=\"font-weight: 400;\"><a href=\"http:\/\/senoticias.com.br\/se\/wp-content\/uploads\/2017\/12\/Logomarca-fone-SE-4-2.jpg\"><img loading=\"lazy\" decoding=\"async\" class=\"aligncenter size-full wp-image-109225\" src=\"http:\/\/senoticias.com.br\/se\/wp-content\/uploads\/2017\/12\/Logomarca-fone-SE-4-2.jpg\" alt=\"Logomarca-fone-SE-4\" width=\"599\" height=\"78\" srcset=\"https:\/\/senoticias.com.br\/se\/wp-content\/uploads\/2017\/12\/Logomarca-fone-SE-4-2.jpg 599w, https:\/\/senoticias.com.br\/se\/wp-content\/uploads\/2017\/12\/Logomarca-fone-SE-4-2-300x39.jpg 300w\" sizes=\"(max-width: 599px) 100vw, 599px\" \/><\/a><\/p>\n<p style=\"font-weight: 400;\">\n<p style=\"font-weight: 400;\"><em><strong>Acompanhe tamb\u00e9m o SE Not\u00edcias no\u00a0<a href=\"https:\/\/twitter.com\/Senoticias\" target=\"_blank\">Twitter<\/a>,\u00a0<a href=\"https:\/\/www.facebook.com\/senoticias1\" target=\"_blank\">Facebook<\/a>\u00a0e no\u00a0<a href=\"https:\/\/www.instagram.com\/senoticias\/\" target=\"_blank\">Instagram<\/a>\u00a0<\/strong><\/em><\/p>\n<p style=\"font-weight: 400;\">\n<div><em>Assessoria de Comunica\u00e7\u00e3o<\/em><\/div>\n<div><em>Secretaria de Estado da Cultura (Secult)<\/em><\/div>\n","protected":false},"excerpt":{"rendered":"<p>O ano ainda n\u00e3o terminou, mas a Biblioteca P\u00fablica Infantil j\u00e1 preparou uma programa\u00e7\u00e3o especial para as crian\u00e7as aproveitarem as f\u00e9rias de janeiro. Atividades l\u00fadicas ser\u00e3o oferecidas para a divers\u00e3o e o aprendizado dos pequenos, sempre com brincadeiras, din\u00e2micas, jogos, oficinas e conta\u00e7\u00e3o de hist\u00f3rias, dentro do projeto \u201cF\u00e9rias boa \u00e9 na Biblioteca!\u201d No Dia [&hellip;]<\/p>\n","protected":false},"author":2,"featured_media":109273,"comment_status":"closed","ping_status":"closed","sticky":false,"template":"","format":"standard","meta":{"footnotes":""},"categories":[21],"tags":[3025,7715,618],"class_list":{"0":"post-109272","1":"post","2":"type-post","3":"status-publish","4":"format-standard","5":"has-post-thumbnail","7":"category-entretenimento","8":"tag-biblioteca-infantil","9":"tag-ferias-escolares","10":"tag-secult"},"_links":{"self":[{"href":"https:\/\/senoticias.com.br\/se\/wp-json\/wp\/v2\/posts\/109272"}],"collection":[{"href":"https:\/\/senoticias.com.br\/se\/wp-json\/wp\/v2\/posts"}],"about":[{"href":"https:\/\/senoticias.com.br\/se\/wp-json\/wp\/v2\/types\/post"}],"author":[{"embeddable":true,"href":"https:\/\/senoticias.com.br\/se\/wp-json\/wp\/v2\/users\/2"}],"replies":[{"embeddable":true,"href":"https:\/\/senoticias.com.br\/se\/wp-json\/wp\/v2\/comments?post=109272"}],"version-history":[{"count":0,"href":"https:\/\/senoticias.com.br\/se\/wp-json\/wp\/v2\/posts\/109272\/revisions"}],"wp:featuredmedia":[{"embeddable":true,"href":"https:\/\/senoticias.com.br\/se\/wp-json\/wp\/v2\/media\/109273"}],"wp:attachment":[{"href":"https:\/\/senoticias.com.br\/se\/wp-json\/wp\/v2\/media?parent=109272"}],"wp:term":[{"taxonomy":"category","embeddable":true,"href":"https:\/\/senoticias.com.br\/se\/wp-json\/wp\/v2\/categories?post=109272"},{"taxonomy":"post_tag","embeddable":true,"href":"https:\/\/senoticias.com.br\/se\/wp-json\/wp\/v2\/tags?post=109272"}],"curies":[{"name":"wp","href":"https:\/\/api.w.org\/{rel}","templated":true}]}}