{"id":109269,"date":"2017-12-22T19:37:13","date_gmt":"2017-12-22T22:37:13","guid":{"rendered":"http:\/\/senoticias.com.br\/se\/?p=109269"},"modified":"2017-12-23T17:45:44","modified_gmt":"2017-12-23T20:45:44","slug":"governador-relata-principais-desafios-de-2017-e-fala-de-medidas-para-diminuir-gastos-do-estado","status":"publish","type":"post","link":"https:\/\/senoticias.com.br\/se\/governador-relata-principais-desafios-de-2017-e-fala-de-medidas-para-diminuir-gastos-do-estado\/","title":{"rendered":"Governador relata principais desafios de 2017 e fala de medidas para diminuir gastos do estado"},"content":{"rendered":"<p style=\"text-align: justify;\">Em entrevista ao SETV 1\u00aa edi\u00e7\u00e3o, telejornal da TV Sergipe, no fim da manh\u00e3 desta sexta-feira, 22, o governador Jackson Barreto falou dos principais investimentos do governo do Estado em Sergipe e das dificuldades enfrentadas em 2017. Um dos principais pontos expostos foi\u00a0as\u00a0<a href=\"http:\/\/www.agencia.se.gov.br\/noticias\/governo\/governo-do-estado-reune-secretariado-e-anuncia-medidas-de-economia\" target=\"_blank\" data-saferedirecturl=\"https:\/\/www.google.com\/url?hl=pt-BR&amp;q=http:\/\/www.agencia.se.gov.br\/noticias\/governo\/governo-do-estado-reune-secretariado-e-anuncia-medidas-de-economia&amp;source=gmail&amp;ust=1514068522194000&amp;usg=AFQjCNFfXgFdZa6FF84nKvUvRufeB5rGBA\">medidas<\/a>, anunciadas nesta semana,\u00a0para a redu\u00e7\u00e3o de custos do Estado.<\/p>\n<div id=\"attachment_109270\" style=\"width: 609px\" class=\"wp-caption aligncenter\"><a href=\"http:\/\/senoticias.com.br\/se\/wp-content\/uploads\/2017\/12\/d0b20d7594f9a7aca55956fd1e2bf3bf-e1513982310453.jpg\"><img loading=\"lazy\" decoding=\"async\" aria-describedby=\"caption-attachment-109270\" class=\"size-full wp-image-109270\" src=\"http:\/\/senoticias.com.br\/se\/wp-content\/uploads\/2017\/12\/d0b20d7594f9a7aca55956fd1e2bf3bf-e1513982310453.jpg\" alt=\"Um dos principais pontos expostos foi a as medidas, anunciadas nesta semana, para a redu\u00e7\u00e3o de custos do Estado\" width=\"599\" height=\"400\" \/><\/a><p id=\"caption-attachment-109270\" class=\"wp-caption-text\">Um dos principais pontos expostos foi a as medidas, anunciadas nesta semana, para a redu\u00e7\u00e3o de custos do Estado (foto: Victor Ribeiro\/ASN)<\/p><\/div>\n<p style=\"text-align: justify;\">\u201cPrimeiramente, teremos a redu\u00e7\u00e3o dos cargos comissionados. Estamos fazendo um levantamento para verificar a situa\u00e7\u00e3o em cada secretaria e \u00f3rg\u00e3o. E, se houver algum excesso, vamos cortar, ficaremos somente com o necess\u00e1rio para o funcionamento da m\u00e1quina. J\u00e1 adotamos medidas parecidas em outras ocasi\u00f5es. Logo no in\u00edcio da minha gest\u00e3o, reduzimos o n\u00famero de secretarias e tomamos outras medidas para conten\u00e7\u00e3o de gastos, mas a situa\u00e7\u00e3o est\u00e1 cada vez mais dif\u00edcil. Precisamos enxugar o necess\u00e1rio para se adequar \u00e0 realidade de extrema dificuldades\u201d, disse o governador.<\/p>\n<p style=\"text-align: justify;\">A queda do\u00a0<a href=\"http:\/\/www.agencia.se.gov.br\/noticias\/financas\/sergipe-fechara-2017-com-uma-queda-de-quase-r-130-milhoes-no-repasse-do-fpe\" target=\"_blank\" data-saferedirecturl=\"https:\/\/www.google.com\/url?hl=pt-BR&amp;q=http:\/\/www.agencia.se.gov.br\/noticias\/financas\/sergipe-fechara-2017-com-uma-queda-de-quase-r-130-milhoes-no-repasse-do-fpe&amp;source=gmail&amp;ust=1514068522194000&amp;usg=AFQjCNEBwMxciM-3u1chvaMWe6hcfqvUMQ\">Fundo de Participa\u00e7\u00e3o dos Estados<\/a>\u00a0(FPE) foi apontada pelo governador como um fator agravante da crise no estado. \u201cSergipe perdeu R$ 130 milh\u00f5es este ano. Dezembro sempre foi um m\u00eas melhor, mas tamb\u00e9m houve queda de quase R$ 25 milh\u00f5es em dezembro. Esses R$ 130 milh\u00f5es poderiam ter servido para a pagar os aposentados e n\u00e3o precisar\u00edamos atrasar sal\u00e1rio. N\u00e3o \u00e9 o governo que est\u00e1 criando dificuldades para o servidor, mas a situa\u00e7\u00e3o da economia do pa\u00eds, assim como vemos no Rio de Janeiro, Rio Grande do Norte, Minas Gerais, Rio Grande do Sul e tantos outros. \u00c9 a pior ang\u00fastia para mim\u00a0ter que atrasar sal\u00e1rio de servidor, nunca imaginei que passaria por isso e seria governador em meio a tantas dificuldades, mas o estado reflete a situa\u00e7\u00e3o da economia nacional\u201d.<\/p>\n<p style=\"text-align: justify;\">Outra quest\u00e3o destacada\u00a0foi o esfor\u00e7o que a gest\u00e3o estadual est\u00e1 fazendo para conseguir a urgente aprova\u00e7\u00e3o da opera\u00e7\u00e3o de cr\u00e9dito de R$560 milh\u00f5es, destinada a obras de Infraestrutura e Saneamento. \u201cO projeto foi aprovado pela Caixa, o contrato foi feito. A Secretaria do Tesouro Nacional (STN) disse que o Estado est\u00e1 enxuto e tamb\u00e9m j\u00e1 aprovou. O governo, por\u00e9m, est\u00e1 dificultando. Est\u00e1 aguardando aprova\u00e7\u00e3o da reforma da Previd\u00eancia, mas a libera\u00e7\u00e3o desse cr\u00e9dito n\u00e3o tem nada a ver com essa reforma. Vale lembrar que o governo de Jackson Barreto n\u00e3o tomou nenhum empr\u00e9stimo at\u00e9 hoje\u201d, frisou o governador.<\/p>\n<p style=\"text-align: justify;\">Questionado pelo jornalista Ricardo Marques sobre a sa\u00fade no estado, Jackson explicou que as quest\u00f5es relacionadas \u00e0 sa\u00fade avan\u00e7aram muito. \u201cO Huse recebeu a nova radioterapia, 100 novos leitos criados recentemente. Inauguraremos agora a Maternidade Hildete Batista. O Hospital de Nossa Senhora da Gl\u00f3ria vai passar a funcionar com centro cir\u00fargico, ortopedia e tom\u00f3grafo; o governo tamb\u00e9m vai entregar o Centro Especializado de Reabilita\u00e7\u00e3o para pessoas com defici\u00eancia; dentre outras a\u00e7\u00f5es. Claro que precisamos fazer mais, pois a popula\u00e7\u00e3o precisa e tem direito a mais, por\u00e9m tudo depende de recursos que n\u00e3o est\u00e3o chegando\u201d.<\/p>\n<p style=\"text-align: justify;\">Jackson garantiu tamb\u00e9m que est\u00e1 satisfeito com o seu secretariado. \u201cEstou satisfeito com o trabalho geral da maioria dos secret\u00e1rios. No geral, a equipe tem trabalhado muito, mas n\u00e3o podemos exigir milagres porque n\u00e3o temos recursos e sem recursos n\u00e3o \u00e9 poss\u00edvel fazer tudo que quer\u00edamos\u201d.<\/p>\n<p><strong>Obras<\/strong><\/p>\n<p style=\"text-align: justify;\">Apesar das dificuldades, o governador lembrou que o volume de obras em Sergipe, quando comprado a outros estados, \u00e9 superior ao visto em outros locais do Brasil. \u201cEstamos fazendo muito porque tivemos a capacidade de correr atr\u00e1s e conquistar contratos e recursos. Estamos \u00a0recupera\u00e7\u00e3o de rodovias em Pedrinhas, em Graccho Cardoso a Aquidab\u00e3, de Porto da Folha a Gararu entre outras. Mas precisamos da libera\u00e7\u00e3o dessa opera\u00e7\u00e3o de cr\u00e9dito par investir mais. Nesse contrato com a Caixa Econ\u00f4mica, praticamente 70% dos recursos s\u00e3o para a recupera\u00e7\u00e3o e constru\u00e7\u00e3o de rodovias. Como a recupera\u00e7\u00e3o da rodovia de Itabaiana at\u00e9 Moita Bonita, passando por Campo do Brito, Lagarto, Riach\u00e3o do Dantas, Tobias Barreto, Po\u00e7o Verde, Sim\u00e3o Dias, Pinh\u00e3o; Itabaianinha-Umba\u00faba e a de Graccho Cardoso-Aquidab\u00e3, chegando at\u00e9 a BR-101. Tamb\u00e9m iremos recuperar a rodovia de Monte Alegre, na dire\u00e7\u00e3o da Lagoa do Rancho, Lagoa da Volta. O Baixo S\u00e3o Francisco e o M\u00e9dio Sert\u00e3o tamb\u00e9m ser\u00e3o contemplados\u201d, informou.<\/p>\n<p style=\"text-align: justify;\">Quanto aos recursos do Proinveste, Jackson afirmou que o Estado est\u00e1, no momento, pagando a \u00faltima conta de presta\u00e7\u00e3o dos impostos da primeira parcela, recebida no governo de Marcelo D\u00e9da. \u201cTemos ainda para aplicar R$ 140 milh\u00f5es, por exemplo, para a rodovia de Itabaiana, que est\u00e1 andando. Estamos para inaugurar a rodovia de Propri\u00e1; fizemos obras do contorno de Itabaianinha, o Centro Administrativo Augusto Franco, em Aracaju; j\u00e1 entregamos a orlinha do S\u00e3o Braz, o cal\u00e7amento do Marcos Freire e do CalumbI, em Socorro. S\u00f3 Nossa Senhora do Socorro recebeu mais de R$ 20 milh\u00f5es do Proinveste\u201d.<\/p>\n<p style=\"text-align: justify;\">O chefe do Executivo estadual falou ainda sobre a contribui\u00e7\u00e3o que sua gest\u00e3o est\u00e1 dando ao quadro de servidores do estado. \u201cProrrogamos a validade do concurso da\u00a0<a href=\"http:\/\/www.agencia.se.gov.br\/noticias\/planejamento\/concurso-da-policia-civil-e-prorrogado-por-mais-dois-anos\" target=\"_blank\" data-saferedirecturl=\"https:\/\/www.google.com\/url?hl=pt-BR&amp;q=http:\/\/www.agencia.se.gov.br\/noticias\/planejamento\/concurso-da-policia-civil-e-prorrogado-por-mais-dois-anos&amp;source=gmail&amp;ust=1514068522194000&amp;usg=AFQjCNFJbOamCLcGZy6QMUmL1uyssGnc9Q\">Pol\u00edcia Civil<\/a>. O edital, a princ\u00edpio, foi para 100, mas j\u00e1 nomeamos cerca de 250 policiais civis, no da Pol\u00edcia Militar chamamos todos os aprovados. Estamos dando nossa contribui\u00e7\u00e3o para renova\u00e7\u00e3o do efetivo, mas tudo implica em mais recursos, pois a folha de servidores s\u00f3 cresce. Por\u00e9m, agora nesse fim de ano, vamos divulgar as datas dos editais dos concursos do pr\u00f3ximo ano: Agente Prisional, Pol\u00edcia Militar e Corpo de Bombeiros\u201d.<\/p>\n<p style=\"text-align: justify;\">Sobre os investimentos em saneamento, o governador informou que os valores investidos j\u00e1 ultrapassam o montante previsto em seu projeto de campanha. \u201cJ\u00e1 ultrapassamos os R$ 80 milh\u00f5es para que que o maior n\u00famero de sergipanos tenham acesso \u00e0 \u00e1gua e esgotamento. Somente com adutora de Tomar do Geru, Umba\u00faba e Itabaianinha, foram mais de R$ 70 milh\u00f5es, na adutora de Aquidab\u00e3, R$ 12 milh\u00f5es, teve tamb\u00e9m a adutora do Sert\u00e3o, sem contar as obras menores em outros munic\u00edpios. Nessa semana conseguimos a libera\u00e7\u00e3o de R$ 10 milh\u00f5es para concluir a obra da adutora de Geru\u201d, relatou.<\/p>\n<p style=\"text-align: justify;\">Por fim, Jackson exp\u00f4s que a perspectiva \u00e9 que 2018 seja um ano menos dif\u00edcil. \u201cPe\u00e7o a Deus que continue me iluminando e ao povo sergipano, aben\u00e7oando a todos n\u00f3s. Que tenhamos um Feliz Natal e uma no de muita paz com menos viol\u00eancia e mais amor ao pr\u00f3ximo. Espero que na pr\u00f3xima semana tenha uma nova conversa em Bras\u00edlia e pe\u00e7o a Deus que esse contrato m seja liberado para que possamos reconstruir as rodovias, porque essa \u00e9 a esperan\u00e7a do povo sergipano\u201d.<\/p>\n<p style=\"text-align: justify;\"><a href=\"http:\/\/senoticias.com.br\/se\/wp-content\/uploads\/2017\/12\/Logomarca-fone-SE-4-2.jpg\"><img loading=\"lazy\" decoding=\"async\" class=\"aligncenter size-full wp-image-109225\" src=\"http:\/\/senoticias.com.br\/se\/wp-content\/uploads\/2017\/12\/Logomarca-fone-SE-4-2.jpg\" alt=\"Logomarca-fone-SE-4\" width=\"599\" height=\"78\" srcset=\"https:\/\/senoticias.com.br\/se\/wp-content\/uploads\/2017\/12\/Logomarca-fone-SE-4-2.jpg 599w, https:\/\/senoticias.com.br\/se\/wp-content\/uploads\/2017\/12\/Logomarca-fone-SE-4-2-300x39.jpg 300w\" sizes=\"(max-width: 599px) 100vw, 599px\" \/><\/a><\/p>\n<p style=\"text-align: justify;\"><em><strong>Acompanhe tamb\u00e9m o SE Not\u00edcias no\u00a0<a href=\"https:\/\/twitter.com\/Senoticias\" target=\"_blank\">Twitter<\/a>,\u00a0<a href=\"https:\/\/www.facebook.com\/senoticias1\" target=\"_blank\">Facebook<\/a>\u00a0e no\u00a0<a href=\"https:\/\/www.instagram.com\/senoticias\/\" target=\"_blank\">Instagram<\/a>\u00a0<\/strong><\/em><\/p>\n<p style=\"text-align: justify;\"><strong><em>Ag\u00eancia Sergipe de Not\u00edcias<\/em><\/strong><\/p>\n","protected":false},"excerpt":{"rendered":"<p>Em entrevista ao SETV 1\u00aa edi\u00e7\u00e3o, telejornal da TV Sergipe, no fim da manh\u00e3 desta sexta-feira, 22, o governador Jackson Barreto falou dos principais investimentos do governo do Estado em Sergipe e das dificuldades enfrentadas em 2017. Um dos principais pontos expostos foi\u00a0as\u00a0medidas, anunciadas nesta semana,\u00a0para a redu\u00e7\u00e3o de custos do Estado. \u201cPrimeiramente, teremos a [&hellip;]<\/p>\n","protected":false},"author":2,"featured_media":109270,"comment_status":"closed","ping_status":"closed","sticky":false,"template":"","format":"standard","meta":{"footnotes":""},"categories":[15,6],"tags":[2748,114],"class_list":{"0":"post-109269","1":"post","2":"type-post","3":"status-publish","4":"format-standard","5":"has-post-thumbnail","7":"category-destaques","8":"category-politica","9":"tag-governador","10":"tag-jackson-barreto"},"_links":{"self":[{"href":"https:\/\/senoticias.com.br\/se\/wp-json\/wp\/v2\/posts\/109269"}],"collection":[{"href":"https:\/\/senoticias.com.br\/se\/wp-json\/wp\/v2\/posts"}],"about":[{"href":"https:\/\/senoticias.com.br\/se\/wp-json\/wp\/v2\/types\/post"}],"author":[{"embeddable":true,"href":"https:\/\/senoticias.com.br\/se\/wp-json\/wp\/v2\/users\/2"}],"replies":[{"embeddable":true,"href":"https:\/\/senoticias.com.br\/se\/wp-json\/wp\/v2\/comments?post=109269"}],"version-history":[{"count":0,"href":"https:\/\/senoticias.com.br\/se\/wp-json\/wp\/v2\/posts\/109269\/revisions"}],"wp:featuredmedia":[{"embeddable":true,"href":"https:\/\/senoticias.com.br\/se\/wp-json\/wp\/v2\/media\/109270"}],"wp:attachment":[{"href":"https:\/\/senoticias.com.br\/se\/wp-json\/wp\/v2\/media?parent=109269"}],"wp:term":[{"taxonomy":"category","embeddable":true,"href":"https:\/\/senoticias.com.br\/se\/wp-json\/wp\/v2\/categories?post=109269"},{"taxonomy":"post_tag","embeddable":true,"href":"https:\/\/senoticias.com.br\/se\/wp-json\/wp\/v2\/tags?post=109269"}],"curies":[{"name":"wp","href":"https:\/\/api.w.org\/{rel}","templated":true}]}}