{"id":109257,"date":"2017-12-22T08:10:17","date_gmt":"2017-12-22T11:10:17","guid":{"rendered":"http:\/\/senoticias.com.br\/se\/?p=109257"},"modified":"2017-12-22T08:10:17","modified_gmt":"2017-12-22T11:10:17","slug":"frota-reserva-do-transporte-intermunicipal-entra-em-operacao-a-partir-dessa-sexta-feira","status":"publish","type":"post","link":"https:\/\/senoticias.com.br\/se\/frota-reserva-do-transporte-intermunicipal-entra-em-operacao-a-partir-dessa-sexta-feira\/","title":{"rendered":"Frota reserva do transporte intermunicipal entra em opera\u00e7\u00e3o a partir dessa sexta-feira"},"content":{"rendered":"<p style=\"text-align: justify;\"><span style=\"color: #000000;\">Por conta do feriado de Natal, a partir das primeiras horas da sexta-feira, 22, a Coordenadoria Estadual de Transportes disponibilizar\u00e1 at\u00e9 a manh\u00e3 da ter\u00e7a-feira, 26, a totalidade da frota reserva dos ve\u00edculos que fazem o transporte p\u00fablico intermunicipal de passageiros.<\/span><\/p>\n<p style=\"text-align: justify;\"><span style=\"color: #000000;\">De acordo com o coordenador estadual de Transportes, Everton Menezes, a a\u00e7\u00e3o visa atender a demanda por conta do feriado. \u201cJ\u00e1 \u00e9 comum adotarmos essa pr\u00e1tica nesse per\u00edodo, uma vez que o deslocamento de passageiros com destino \u00e0s cidades do interior aumenta consideravelmente. Em virtude deste fato, todas as empresas que operam no sistema disponibilizar\u00e3o seus ve\u00edculos reservas at\u00e9 a ter\u00e7a-feira, 26, ocasi\u00e3o em que acontece o retorno dos usu\u00e1rios\u201d, explica.<\/span><\/p>\n<div id=\"attachment_109258\" style=\"width: 609px\" class=\"wp-caption aligncenter\"><a href=\"http:\/\/senoticias.com.br\/se\/wp-content\/uploads\/2017\/12\/coopertalse-SENOTICIAS-e1513940955671.jpg\"><img loading=\"lazy\" decoding=\"async\" aria-describedby=\"caption-attachment-109258\" class=\"size-full wp-image-109258\" src=\"http:\/\/senoticias.com.br\/se\/wp-content\/uploads\/2017\/12\/coopertalse-SENOTICIAS-e1513940955671.jpg\" alt=\"Foto: Seinfra\" width=\"599\" height=\"398\" \/><\/a><p id=\"caption-attachment-109258\" class=\"wp-caption-text\">Foto: Seinfra<\/p><\/div>\n<p style=\"text-align: justify;\"><span style=\"color: #000000;\">Ele acrescenta que o intuito \u00e9 facilitar a mobilidade do cidad\u00e3o. \u201cEstima-se que da sexta-feira at\u00e9 o domingo, aproximadamente 100 mil passageiros deixem a capital por meio do transporte intermunicipal, ent\u00e3o, compete ao Governo do Estado assegurar comodidade aos usu\u00e1rios disponibilizando a totalidade da frota, que de 660 passar\u00e1 para 710 ve\u00edculos, lembrando que em uma necessidade emergencial, poderemos contratar carros extras de cooperativas auxiliares que fazem as linhas de cidades p\u00f3los, a exemplo de Est\u00e2ncia, Itabaiana, Lagarto e Nossa Senhora da Gl\u00f3ria, para suprir a demanda caso ela seja maior que o esperado, uma vez que esses ve\u00edculos est\u00e3o devidamente legalizados\u201d, ressalta.<\/span><\/p>\n<p style=\"text-align: justify;\"><span style=\"color: #000000;\">Na capital, os pontos de partida dos ve\u00edculos que fazem linhas para as cidades do interior s\u00e3o dois: Terminal Rodovi\u00e1rio Jos\u00e9 Rollemberg Leite, situado na Avenida Tancredo Neves, uma das principais vias de entrada e sa\u00edda de Aracaju e o Terminal Rodovi\u00e1rio Governador Luiz Garcia, localizado no centro da cidade.<\/span><\/p>\n<p style=\"text-align: justify;\">\n<p style=\"text-align: justify;\"><a href=\"http:\/\/senoticias.com.br\/se\/wp-content\/uploads\/2017\/12\/Logomarca-fone-SE-4-2.jpg\"><img loading=\"lazy\" decoding=\"async\" class=\"aligncenter size-full wp-image-109225\" src=\"http:\/\/senoticias.com.br\/se\/wp-content\/uploads\/2017\/12\/Logomarca-fone-SE-4-2.jpg\" alt=\"Logomarca-fone-SE-4\" width=\"599\" height=\"78\" srcset=\"https:\/\/senoticias.com.br\/se\/wp-content\/uploads\/2017\/12\/Logomarca-fone-SE-4-2.jpg 599w, https:\/\/senoticias.com.br\/se\/wp-content\/uploads\/2017\/12\/Logomarca-fone-SE-4-2-300x39.jpg 300w\" sizes=\"(max-width: 599px) 100vw, 599px\" \/><\/a><\/p>\n<p style=\"text-align: justify;\">\n<p style=\"text-align: justify;\"><em><strong>Acompanhe tamb\u00e9m o SE Not\u00edcias no\u00a0<a href=\"https:\/\/twitter.com\/Senoticias\" target=\"_blank\">Twitter<\/a>,\u00a0<a href=\"https:\/\/www.facebook.com\/senoticias1\" target=\"_blank\">Facebook<\/a>\u00a0e no\u00a0<a href=\"https:\/\/www.instagram.com\/senoticias\/\" target=\"_blank\">Instagram<\/a>\u00a0<\/strong><\/em><\/p>\n<p style=\"text-align: justify;\">Por ASN<\/p>\n","protected":false},"excerpt":{"rendered":"<p>Por conta do feriado de Natal, a partir das primeiras horas da sexta-feira, 22, a Coordenadoria Estadual de Transportes disponibilizar\u00e1 at\u00e9 a manh\u00e3 da ter\u00e7a-feira, 26, a totalidade da frota reserva dos ve\u00edculos que fazem o transporte p\u00fablico intermunicipal de passageiros. De acordo com o coordenador estadual de Transportes, Everton Menezes, a a\u00e7\u00e3o visa atender [&hellip;]<\/p>\n","protected":false},"author":2,"featured_media":0,"comment_status":"closed","ping_status":"closed","sticky":false,"template":"","format":"standard","meta":{"footnotes":""},"categories":[15,38],"tags":[5876,2823,7706,7257,2875],"class_list":{"0":"post-109257","1":"post","2":"type-post","3":"status-publish","4":"format-standard","6":"category-destaques","7":"category-municipios","8":"tag-coopertalse","9":"tag-feriado","10":"tag-horario-estendido","11":"tag-intermunicipal","12":"tag-onibus"},"_links":{"self":[{"href":"https:\/\/senoticias.com.br\/se\/wp-json\/wp\/v2\/posts\/109257"}],"collection":[{"href":"https:\/\/senoticias.com.br\/se\/wp-json\/wp\/v2\/posts"}],"about":[{"href":"https:\/\/senoticias.com.br\/se\/wp-json\/wp\/v2\/types\/post"}],"author":[{"embeddable":true,"href":"https:\/\/senoticias.com.br\/se\/wp-json\/wp\/v2\/users\/2"}],"replies":[{"embeddable":true,"href":"https:\/\/senoticias.com.br\/se\/wp-json\/wp\/v2\/comments?post=109257"}],"version-history":[{"count":0,"href":"https:\/\/senoticias.com.br\/se\/wp-json\/wp\/v2\/posts\/109257\/revisions"}],"wp:attachment":[{"href":"https:\/\/senoticias.com.br\/se\/wp-json\/wp\/v2\/media?parent=109257"}],"wp:term":[{"taxonomy":"category","embeddable":true,"href":"https:\/\/senoticias.com.br\/se\/wp-json\/wp\/v2\/categories?post=109257"},{"taxonomy":"post_tag","embeddable":true,"href":"https:\/\/senoticias.com.br\/se\/wp-json\/wp\/v2\/tags?post=109257"}],"curies":[{"name":"wp","href":"https:\/\/api.w.org\/{rel}","templated":true}]}}