{"id":109228,"date":"2017-12-21T08:18:11","date_gmt":"2017-12-21T11:18:11","guid":{"rendered":"http:\/\/senoticias.com.br\/se\/?p=109228"},"modified":"2017-12-21T08:18:11","modified_gmt":"2017-12-21T11:18:11","slug":"policia-civil-realiza-operacao-em-itabaiana","status":"publish","type":"post","link":"https:\/\/senoticias.com.br\/se\/policia-civil-realiza-operacao-em-itabaiana\/","title":{"rendered":"Pol\u00edcia Civil realiza opera\u00e7\u00e3o em Itabaiana"},"content":{"rendered":"<p style=\"text-align: justify;\">A Pol\u00edcia Civil de Sergipe, por meio da Delegacia Regional de Itabaiana, deflagrou nas primeiras horas da manh\u00e3 de hoje, 21, uma opera\u00e7\u00e3o preventiva visando combater crimes relacionados ao tr\u00e1fico de drogas, roubos e homic\u00eddios no munic\u00edpio serrano do Estado.<\/p>\n<div id=\"attachment_109229\" style=\"width: 609px\" class=\"wp-caption aligncenter\"><a href=\"http:\/\/senoticias.com.br\/se\/wp-content\/uploads\/2017\/12\/fac34a51-7294-4073-ba17-9ed6cb44c432-e1513854924551.jpg\"><img loading=\"lazy\" decoding=\"async\" aria-describedby=\"caption-attachment-109229\" class=\"size-full wp-image-109229\" src=\"http:\/\/senoticias.com.br\/se\/wp-content\/uploads\/2017\/12\/fac34a51-7294-4073-ba17-9ed6cb44c432-e1513854924551.jpg\" alt=\"sete pessoas foram presas em decorr\u00eancia dos cumprimentos de mandados de pris\u00e3o\" width=\"599\" height=\"449\" \/><\/a><p id=\"caption-attachment-109229\" class=\"wp-caption-text\">Sete pessoas foram presas em decorr\u00eancia dos cumprimentos de mandados de pris\u00e3o (foto: SSP\/SE)<\/p><\/div>\n<p style=\"text-align: justify;\">Al\u00e9m do efetivo de unidades da Pol\u00edcia Civil, composto por policiais da Coordenadoria de Pol\u00edcia Civil do Interior (COPCI), Delegacias de Malhador e da Regional de Itabaiana, os trabalhos contam tamb\u00e9m com o apoio dos policiais militares do 3\u00ba Batalh\u00e3o (3\u00baBPM) e da Companhia Independente de Patrulhamento com C\u00e3es (CIPC\u00e3es) e do Grupamento T\u00e1tico A\u00e9reo (GTA).<\/p>\n<p style=\"text-align: justify;\">At\u00e9 o momento, sete pessoas foram presas decorrentes dos cumprimentos de mandados de pris\u00e3o e de busca e apreens\u00e3o nos dias de hoje e na \u00faltima segunda-feira, 18. Entre eles, est\u00e1 Robson G\u00f3is dos Santos, mais conhecido como \u201cRobinho\u201d, acusado de ser o autor do disparo que vitimou o vigilante Josivan da Silva Mota, 28 anos, no dia 04 de novembro deste ano. Tamb\u00e9m foram apreendidos 56 papelotes de maconha.<\/p>\n<p><strong>Balan\u00e7o de 2017<\/strong><\/p>\n<p style=\"text-align: justify;\">No ano de 2017, a Delegacia Regional de Itabaiana deflagrou diversas opera\u00e7\u00f5es, entre elas, as opera\u00e7\u00f5es Baixada, Irm\u00e3os Metralha, Trezena, Intoler\u00e2ncia, Anti Metastase, Descarrilhar, Catedral e Queimadas.<\/p>\n<p style=\"text-align: justify;\">Ao total, foram efetuadas 192 pris\u00f5es, al\u00e9m da apreens\u00e3o de 47 armas de fogo e de aproximadamente 90kg de entorpecentes, o que resultou em uma redu\u00e7\u00e3o de -20% nos casos de homic\u00eddio doloso, como tamb\u00e9m na redu\u00e7\u00e3o de -26% nos crimes de roubo.<\/p>\n<p style=\"text-align: justify;\">\n<p style=\"text-align: justify;\"><a href=\"http:\/\/senoticias.com.br\/se\/wp-content\/uploads\/2017\/12\/Logomarca-fone-SE-4-2.jpg\"><img loading=\"lazy\" decoding=\"async\" class=\"aligncenter size-full wp-image-109225\" src=\"http:\/\/senoticias.com.br\/se\/wp-content\/uploads\/2017\/12\/Logomarca-fone-SE-4-2.jpg\" alt=\"Logomarca-fone-SE-4\" width=\"599\" height=\"78\" srcset=\"https:\/\/senoticias.com.br\/se\/wp-content\/uploads\/2017\/12\/Logomarca-fone-SE-4-2.jpg 599w, https:\/\/senoticias.com.br\/se\/wp-content\/uploads\/2017\/12\/Logomarca-fone-SE-4-2-300x39.jpg 300w\" sizes=\"(max-width: 599px) 100vw, 599px\" \/><\/a><\/p>\n<p style=\"text-align: justify;\">\n<p style=\"text-align: justify;\"><em><strong>Acompanhe tamb\u00e9m o SE Not\u00edcias no\u00a0<a href=\"https:\/\/twitter.com\/Senoticias\" target=\"_blank\">Twitter<\/a>,\u00a0<a href=\"https:\/\/www.facebook.com\/senoticias1\" target=\"_blank\">Facebook<\/a>\u00a0e no\u00a0<a href=\"https:\/\/www.instagram.com\/senoticias\/\" target=\"_blank\">Instagram<\/a>\u00a0<\/strong><\/em><\/p>\n<p style=\"text-align: justify;\"><em>Informa\u00e7\u00f5es da SSP\/SE<\/em><\/p>\n","protected":false},"excerpt":{"rendered":"<p>A Pol\u00edcia Civil de Sergipe, por meio da Delegacia Regional de Itabaiana, deflagrou nas primeiras horas da manh\u00e3 de hoje, 21, uma opera\u00e7\u00e3o preventiva visando combater crimes relacionados ao tr\u00e1fico de drogas, roubos e homic\u00eddios no munic\u00edpio serrano do Estado. Al\u00e9m do efetivo de unidades da Pol\u00edcia Civil, composto por policiais da Coordenadoria de Pol\u00edcia [&hellip;]<\/p>\n","protected":false},"author":2,"featured_media":109229,"comment_status":"closed","ping_status":"closed","sticky":false,"template":"","format":"standard","meta":{"footnotes":""},"categories":[15,7],"tags":[7690,7688,7689,7687,78,4843],"class_list":{"0":"post-109228","1":"post","2":"type-post","3":"status-publish","4":"format-standard","5":"has-post-thumbnail","7":"category-destaques","8":"category-policia","9":"tag-3obpm","10":"tag-cipcaes","11":"tag-copci","12":"tag-gta","13":"tag-policia-civil","14":"tag-policia-civil-de-sergipe"},"_links":{"self":[{"href":"https:\/\/senoticias.com.br\/se\/wp-json\/wp\/v2\/posts\/109228"}],"collection":[{"href":"https:\/\/senoticias.com.br\/se\/wp-json\/wp\/v2\/posts"}],"about":[{"href":"https:\/\/senoticias.com.br\/se\/wp-json\/wp\/v2\/types\/post"}],"author":[{"embeddable":true,"href":"https:\/\/senoticias.com.br\/se\/wp-json\/wp\/v2\/users\/2"}],"replies":[{"embeddable":true,"href":"https:\/\/senoticias.com.br\/se\/wp-json\/wp\/v2\/comments?post=109228"}],"version-history":[{"count":0,"href":"https:\/\/senoticias.com.br\/se\/wp-json\/wp\/v2\/posts\/109228\/revisions"}],"wp:featuredmedia":[{"embeddable":true,"href":"https:\/\/senoticias.com.br\/se\/wp-json\/wp\/v2\/media\/109229"}],"wp:attachment":[{"href":"https:\/\/senoticias.com.br\/se\/wp-json\/wp\/v2\/media?parent=109228"}],"wp:term":[{"taxonomy":"category","embeddable":true,"href":"https:\/\/senoticias.com.br\/se\/wp-json\/wp\/v2\/categories?post=109228"},{"taxonomy":"post_tag","embeddable":true,"href":"https:\/\/senoticias.com.br\/se\/wp-json\/wp\/v2\/tags?post=109228"}],"curies":[{"name":"wp","href":"https:\/\/api.w.org\/{rel}","templated":true}]}}