{"id":109226,"date":"2017-12-21T07:56:04","date_gmt":"2017-12-21T10:56:04","guid":{"rendered":"http:\/\/senoticias.com.br\/se\/?p=109226"},"modified":"2017-12-21T08:52:09","modified_gmt":"2017-12-21T11:52:09","slug":"pastor-heleno-silva-e-jony-marcos-estao-fora-da-igreja-universal","status":"publish","type":"post","link":"https:\/\/senoticias.com.br\/se\/pastor-heleno-silva-e-jony-marcos-estao-fora-da-igreja-universal\/","title":{"rendered":"Pastor Heleno Silva e Jony Marcos est\u00e3o fora da Igreja Universal"},"content":{"rendered":"<p style=\"text-align: justify;\">\u201cHeleno Silva e Jony Marcos, antes pastores licenciados, n\u00e3o pertencem mais ao nosso corpo eclesi\u00e1stico desde novembro de 2016\u201d. Foi com esta declara\u00e7\u00e3o que a Igreja Universal do Reino de Deus, divulgou em sua p\u00e1gina em uma rede social, o afastamento do superintendente do escrit\u00f3rio de Sergipe em Bras\u00edlia, Heleno Silva, e do deputado federal, Jony Marcos .<\/p>\n<p style=\"text-align: justify;\">\n<p style=\"text-align: justify;\">Confira a nota divulgada pela Igreja:<\/p>\n<div id=\"attachment_109227\" style=\"width: 496px\" class=\"wp-caption aligncenter\"><a href=\"http:\/\/senoticias.com.br\/se\/wp-content\/uploads\/2017\/12\/Universal.png\"><img loading=\"lazy\" decoding=\"async\" aria-describedby=\"caption-attachment-109227\" class=\"size-full wp-image-109227\" src=\"http:\/\/senoticias.com.br\/se\/wp-content\/uploads\/2017\/12\/Universal.png\" alt=\"Nota foi divulgada na fanpage da prefeitura\" width=\"486\" height=\"556\" srcset=\"https:\/\/senoticias.com.br\/se\/wp-content\/uploads\/2017\/12\/Universal.png 486w, https:\/\/senoticias.com.br\/se\/wp-content\/uploads\/2017\/12\/Universal-262x300.png 262w\" sizes=\"(max-width: 486px) 100vw, 486px\" \/><\/a><p id=\"caption-attachment-109227\" class=\"wp-caption-text\">Nota foi divulgada na fanpage da Igreja Universal em Sergipe<\/p><\/div>\n<p style=\"text-align: justify;\">Segundo a institui\u00e7\u00e3o religiosa o afastamento aconteceu como resultado da op\u00e7\u00e3o pessoal pela continuidade exclusiva, na vida p\u00fablica.<\/p>\n<p style=\"text-align: justify;\">\n<p style=\"text-align: justify;\">\n<p style=\"text-align: justify;\"><a href=\"http:\/\/senoticias.com.br\/se\/wp-content\/uploads\/2017\/12\/Logomarca-fone-SE-4-2.jpg\"><img loading=\"lazy\" decoding=\"async\" class=\"aligncenter size-full wp-image-109225\" src=\"http:\/\/senoticias.com.br\/se\/wp-content\/uploads\/2017\/12\/Logomarca-fone-SE-4-2.jpg\" alt=\"Logomarca-fone-SE-4\" width=\"599\" height=\"78\" srcset=\"https:\/\/senoticias.com.br\/se\/wp-content\/uploads\/2017\/12\/Logomarca-fone-SE-4-2.jpg 599w, https:\/\/senoticias.com.br\/se\/wp-content\/uploads\/2017\/12\/Logomarca-fone-SE-4-2-300x39.jpg 300w\" sizes=\"(max-width: 599px) 100vw, 599px\" \/><\/a><\/p>\n<p style=\"text-align: justify;\"><em><strong>Acompanhe tamb\u00e9m o SE Not\u00edcias no\u00a0<a href=\"https:\/\/twitter.com\/Senoticias\" target=\"_blank\">Twitter<\/a>,\u00a0<a href=\"https:\/\/www.facebook.com\/senoticias1\" target=\"_blank\">Facebook<\/a>\u00a0e no\u00a0<a href=\"https:\/\/www.instagram.com\/senoticias\/\" target=\"_blank\">Instagram<\/a>\u00a0<\/strong><\/em><\/p>\n<p style=\"text-align: justify;\"><em>Com informa\u00e7\u00f5es do site da FAN FM<\/em><\/p>\n","protected":false},"excerpt":{"rendered":"<p>\u201cHeleno Silva e Jony Marcos, antes pastores licenciados, n\u00e3o pertencem mais ao nosso corpo eclesi\u00e1stico desde novembro de 2016\u201d. Foi com esta declara\u00e7\u00e3o que a Igreja Universal do Reino de Deus, divulgou em sua p\u00e1gina em uma rede social, o afastamento do superintendente do escrit\u00f3rio de Sergipe em Bras\u00edlia, Heleno Silva, e do deputado federal, [&hellip;]<\/p>\n","protected":false},"author":2,"featured_media":109232,"comment_status":"closed","ping_status":"closed","sticky":false,"template":"","format":"standard","meta":{"footnotes":""},"categories":[15,38],"tags":[7305,7686,7685,7684],"class_list":{"0":"post-109226","1":"post","2":"type-post","3":"status-publish","4":"format-standard","5":"has-post-thumbnail","7":"category-destaques","8":"category-municipios","9":"tag-heleno-silva","10":"tag-igreja-universal","11":"tag-jony-marcos","12":"tag-pastor-heleno"},"_links":{"self":[{"href":"https:\/\/senoticias.com.br\/se\/wp-json\/wp\/v2\/posts\/109226"}],"collection":[{"href":"https:\/\/senoticias.com.br\/se\/wp-json\/wp\/v2\/posts"}],"about":[{"href":"https:\/\/senoticias.com.br\/se\/wp-json\/wp\/v2\/types\/post"}],"author":[{"embeddable":true,"href":"https:\/\/senoticias.com.br\/se\/wp-json\/wp\/v2\/users\/2"}],"replies":[{"embeddable":true,"href":"https:\/\/senoticias.com.br\/se\/wp-json\/wp\/v2\/comments?post=109226"}],"version-history":[{"count":0,"href":"https:\/\/senoticias.com.br\/se\/wp-json\/wp\/v2\/posts\/109226\/revisions"}],"wp:featuredmedia":[{"embeddable":true,"href":"https:\/\/senoticias.com.br\/se\/wp-json\/wp\/v2\/media\/109232"}],"wp:attachment":[{"href":"https:\/\/senoticias.com.br\/se\/wp-json\/wp\/v2\/media?parent=109226"}],"wp:term":[{"taxonomy":"category","embeddable":true,"href":"https:\/\/senoticias.com.br\/se\/wp-json\/wp\/v2\/categories?post=109226"},{"taxonomy":"post_tag","embeddable":true,"href":"https:\/\/senoticias.com.br\/se\/wp-json\/wp\/v2\/tags?post=109226"}],"curies":[{"name":"wp","href":"https:\/\/api.w.org\/{rel}","templated":true}]}}