{"id":109196,"date":"2017-12-20T07:46:03","date_gmt":"2017-12-20T10:46:03","guid":{"rendered":"http:\/\/senoticias.com.br\/se\/?p=109196"},"modified":"2017-12-20T07:46:25","modified_gmt":"2017-12-20T10:46:25","slug":"mulher-morre-apos-ser-esfaqueada-pelo-marido-no-interior-de-sergipe","status":"publish","type":"post","link":"https:\/\/senoticias.com.br\/se\/mulher-morre-apos-ser-esfaqueada-pelo-marido-no-interior-de-sergipe\/","title":{"rendered":"Mulher morre ap\u00f3s ser esfaqueada pelo marido no interior de Sergipe"},"content":{"rendered":"<p style=\"text-align: justify;\">Uma mulher identificada pela pol\u00edcia como Maria Clara Sousa Machado dos Santos, 25 anos, morreu ap\u00f3s ser esfaqueada pelo marido no munic\u00edpio de Est\u00e2ncia (SE), no final da manh\u00e3 de ter\u00e7a-feira (19).<\/p>\n<div id=\"attachment_108951\" style=\"width: 609px\" class=\"wp-caption aligncenter\"><a href=\"http:\/\/senoticias.com.br\/se\/wp-content\/uploads\/2017\/12\/iml-SENOTICIAS.jpeg\"><img loading=\"lazy\" decoding=\"async\" aria-describedby=\"caption-attachment-108951\" class=\"size-full wp-image-108951\" src=\"http:\/\/senoticias.com.br\/se\/wp-content\/uploads\/2017\/12\/iml-SENOTICIAS.jpeg\" alt=\"Segundo a pol\u00edcia, ela chegou a ser socorrida, mas n\u00e3o resistiu.Foto: arquivo\/M\u00e1rcio Garcez\" width=\"599\" height=\"399\" srcset=\"https:\/\/senoticias.com.br\/se\/wp-content\/uploads\/2017\/12\/iml-SENOTICIAS.jpeg 599w, https:\/\/senoticias.com.br\/se\/wp-content\/uploads\/2017\/12\/iml-SENOTICIAS-300x200.jpeg 300w, https:\/\/senoticias.com.br\/se\/wp-content\/uploads\/2017\/12\/iml-SENOTICIAS-90x60.jpeg 90w, https:\/\/senoticias.com.br\/se\/wp-content\/uploads\/2017\/12\/iml-SENOTICIAS-180x120.jpeg 180w, https:\/\/senoticias.com.br\/se\/wp-content\/uploads\/2017\/12\/iml-SENOTICIAS-95x64.jpeg 95w\" sizes=\"(max-width: 599px) 100vw, 599px\" \/><\/a><p id=\"caption-attachment-108951\" class=\"wp-caption-text\">Segundo a pol\u00edcia, ela chegou a ser socorrida, mas n\u00e3o resistiu (foto: arquivo\/M\u00e1rcio Garcez)<\/p><\/div>\n<p style=\"text-align: justify;\">Segundo a pol\u00edcia, o crime aconteceu na resid\u00eancia do casal, onde a v\u00edtima foi socorrida e encaminhada a um hospital do munic\u00edpio, mas n\u00e3o resistiu aos ferimentos e morreu.<\/p>\n<p style=\"text-align: justify;\">Ainda de acordo com a pol\u00edcia o suspeito est\u00e1 foragido.<\/p>\n<p style=\"text-align: justify;\"><a href=\"http:\/\/senoticias.com.br\/se\/wp-content\/uploads\/2017\/12\/Logomarca-fone-SE-4-1.jpg\"><img loading=\"lazy\" decoding=\"async\" class=\"aligncenter size-full wp-image-108992\" src=\"http:\/\/senoticias.com.br\/se\/wp-content\/uploads\/2017\/12\/Logomarca-fone-SE-4-1.jpg\" alt=\"Logomarca-fone-SE-4\" width=\"599\" height=\"78\" srcset=\"https:\/\/senoticias.com.br\/se\/wp-content\/uploads\/2017\/12\/Logomarca-fone-SE-4-1.jpg 599w, https:\/\/senoticias.com.br\/se\/wp-content\/uploads\/2017\/12\/Logomarca-fone-SE-4-1-300x39.jpg 300w\" sizes=\"(max-width: 599px) 100vw, 599px\" \/><\/a><\/p>\n<p style=\"text-align: justify;\"><em><strong>Acompanhe tamb\u00e9m o SE Not\u00edcias no\u00a0<a href=\"https:\/\/twitter.com\/Senoticias\" target=\"_blank\">Twitter<\/a>,\u00a0<a href=\"https:\/\/www.facebook.com\/senoticias1\" target=\"_blank\">Facebook<\/a>\u00a0e no\u00a0<a href=\"https:\/\/www.instagram.com\/senoticias\/\" target=\"_blank\">Instagram<\/a>\u00a0<\/strong><\/em><\/p>\n","protected":false},"excerpt":{"rendered":"<p>Uma mulher identificada pela pol\u00edcia como Maria Clara Sousa Machado dos Santos, 25 anos, morreu ap\u00f3s ser esfaqueada pelo marido no munic\u00edpio de Est\u00e2ncia (SE), no final da manh\u00e3 de ter\u00e7a-feira (19). Segundo a pol\u00edcia, o crime aconteceu na resid\u00eancia do casal, onde a v\u00edtima foi socorrida e encaminhada a um hospital do munic\u00edpio, mas [&hellip;]<\/p>\n","protected":false},"author":2,"featured_media":108951,"comment_status":"closed","ping_status":"closed","sticky":false,"template":"","format":"standard","meta":{"footnotes":""},"categories":[15,7],"tags":[972,2780,5680,857],"class_list":{"0":"post-109196","1":"post","2":"type-post","3":"status-publish","4":"format-standard","5":"has-post-thumbnail","7":"category-destaques","8":"category-policia","9":"tag-estancia","10":"tag-mulher","11":"tag-mulher-morta","12":"tag-violencia"},"_links":{"self":[{"href":"https:\/\/senoticias.com.br\/se\/wp-json\/wp\/v2\/posts\/109196"}],"collection":[{"href":"https:\/\/senoticias.com.br\/se\/wp-json\/wp\/v2\/posts"}],"about":[{"href":"https:\/\/senoticias.com.br\/se\/wp-json\/wp\/v2\/types\/post"}],"author":[{"embeddable":true,"href":"https:\/\/senoticias.com.br\/se\/wp-json\/wp\/v2\/users\/2"}],"replies":[{"embeddable":true,"href":"https:\/\/senoticias.com.br\/se\/wp-json\/wp\/v2\/comments?post=109196"}],"version-history":[{"count":0,"href":"https:\/\/senoticias.com.br\/se\/wp-json\/wp\/v2\/posts\/109196\/revisions"}],"wp:featuredmedia":[{"embeddable":true,"href":"https:\/\/senoticias.com.br\/se\/wp-json\/wp\/v2\/media\/108951"}],"wp:attachment":[{"href":"https:\/\/senoticias.com.br\/se\/wp-json\/wp\/v2\/media?parent=109196"}],"wp:term":[{"taxonomy":"category","embeddable":true,"href":"https:\/\/senoticias.com.br\/se\/wp-json\/wp\/v2\/categories?post=109196"},{"taxonomy":"post_tag","embeddable":true,"href":"https:\/\/senoticias.com.br\/se\/wp-json\/wp\/v2\/tags?post=109196"}],"curies":[{"name":"wp","href":"https:\/\/api.w.org\/{rel}","templated":true}]}}