{"id":109176,"date":"2017-12-19T15:30:23","date_gmt":"2017-12-19T18:30:23","guid":{"rendered":"http:\/\/senoticias.com.br\/se\/?p=109176"},"modified":"2017-12-19T15:33:56","modified_gmt":"2017-12-19T18:33:56","slug":"justica-condena-ex-deputado-estadual-e-servidor-fantasma-por-improbidade-administrativa","status":"publish","type":"post","link":"https:\/\/senoticias.com.br\/se\/justica-condena-ex-deputado-estadual-e-servidor-fantasma-por-improbidade-administrativa\/","title":{"rendered":"Justi\u00e7a condena ex-deputado estadual e servidor \u201cfantasma\u201d por improbidade administrativa"},"content":{"rendered":"<p style=\"text-align: justify;\">O Poder Judici\u00e1rio Sergipano atendeu os pedidos do Minist\u00e9rio P\u00fablico de Sergipe e condenou o ex-deputado estadual e atual prefeito do Munic\u00edpio de Lagarto, Jos\u00e9 Valmir Monteiro, e o servidor Jos\u00e9 Joaquim Santana de Souza por improbidade administrativa.<\/p>\n<div id=\"attachment_31778\" style=\"width: 609px\" class=\"wp-caption aligncenter\"><a href=\"http:\/\/senoticias.com.br\/se\/wp-content\/uploads\/2012\/05\/Valmir-Monteiro-e1432930739317.jpg\"><img loading=\"lazy\" decoding=\"async\" aria-describedby=\"caption-attachment-31778\" class=\"size-full wp-image-31778\" src=\"http:\/\/senoticias.com.br\/se\/wp-content\/uploads\/2012\/05\/Valmir-Monteiro-e1432930739317.jpg\" alt=\"ex-deputado estadual e atual prefeito do Munic\u00edpio de Lagarto, Jos\u00e9 Valmir Monteiro. (Foto: arquivo\/Maria Odilia\/Alese) (Foto: Reprodu\u00e7\u00e3o)\" width=\"599\" height=\"398\" \/><\/a><p id=\"caption-attachment-31778\" class=\"wp-caption-text\">Justi\u00e7a condena o ex-deputado estadual e atual prefeito do Munic\u00edpio de Lagarto, Jos\u00e9 Valmir Monteiro. (Foto: arquivo\/Maria Odilia\/Alese)<\/p><\/div>\n<p style=\"text-align: justify;\">Segundo o MP, os citados usaram dinheiro p\u00fablico para proveito pr\u00f3prio. Jos\u00e9 Joaquim foi indicado por Valmir Monteiro para ocupar cargo em comiss\u00e3o de Adjunto de Gabinete III, no Quadro de Pessoal da Assembleia Legislativa, servindo formalmente em seu gabinete no per\u00edodo 1\u00ba de abril de 2002 a 1\u00ba de fevereiro de 2003, com a remunera\u00e7\u00e3o de R$ 500,00 (quinhentos reais). Na \u00e9poca, Valmir era deputado estadual. Al\u00e9m desse cargo, Jos\u00e9 Joaquim ocupou, tamb\u00e9m por indica\u00e7\u00e3o de Valmir, o cargo de Diretor de Articula\u00e7\u00e3o no Governo do Estado, com a remunera\u00e7\u00e3o de R$ 1.600,00 (mil e seiscentos reais).<\/p>\n<p style=\"text-align: justify;\">De acordo com depoimento prestado ao Ju\u00edzo da 1\u00aa Vara C\u00edvel da Comarca de Lagarto, uma das remunera\u00e7\u00f5es era utilizada para efetuar o pagamento mensal de presta\u00e7\u00f5es de um ve\u00edculo Fiat Uno, ano 2001, modelo Smart, cor azul. O autom\u00f3vel seria do ent\u00e3o deputado estadual. A outra remunera\u00e7\u00e3o no valor de R$ 1.600,00 era devolvida a Valmir, que foi utilizada para aquisi\u00e7\u00e3o de um autom\u00f3vel e fins particulares. Tais condutas configuram ato de improbidade administrativa e enriquecimento il\u00edcito.<\/p>\n<p style=\"text-align: justify;\">A Justi\u00e7a condenou Jos\u00e9 Valmir Monteiro e Jos\u00e9 Joaquim Santana de Souza, a obriga\u00e7\u00e3o de ressarcir o dano, no que se refere aos valores pagos indevidamente a t\u00edtulo de remunera\u00e7\u00e3o do servidor nomeado, relativo a todo o per\u00edodo inerente \u00e0 nomea\u00e7\u00e3o e posterior exonera\u00e7\u00e3o dos cargos citados, devidamente atualizada, com incid\u00eancia de corre\u00e7\u00e3o monet\u00e1ria pelo INPC e juros de 1%, contados desde a cita\u00e7\u00e3o.<\/p>\n<p style=\"text-align: justify;\">O condenado Valmir Monteiro teve os direitos pol\u00edticos suspensos por cinco anos e foi proibido de contratar com o Poder P\u00fablico ou receber benef\u00edcios ou incentivos fiscais ou credit\u00edcios, direta ou indiretamente, ainda que por interm\u00e9dio de pessoa jur\u00eddica da qual seja s\u00f3cio majorit\u00e1rio, pelo prazo de cinco anos. O segundo condenado Jos\u00e9 Joaquim Santana de Souza tamb\u00e9m teve os direitos pol\u00edticos suspensos por tr\u00eas anos e foi proibido de contratar com o Poder P\u00fablico pelo mesmo prazo.<\/p>\n<p><strong>Clique <a href=\"https:\/\/sistemas.mpse.mp.br\/2.0\/xpublish\/userfiles\/file\/2017%20Senten%C3%A7a-Valmir%20Monteiro.pdf\">aqui <\/a>e confira a senten\u00e7a na \u00edntegra.<\/strong><\/p>\n<p>&nbsp;<\/p>\n<p><a href=\"http:\/\/senoticias.com.br\/se\/wp-content\/uploads\/2017\/12\/Logomarca-fone-SE-4-1.jpg\"><img loading=\"lazy\" decoding=\"async\" class=\"aligncenter size-full wp-image-108992\" src=\"http:\/\/senoticias.com.br\/se\/wp-content\/uploads\/2017\/12\/Logomarca-fone-SE-4-1.jpg\" alt=\"Logomarca-fone-SE-4\" width=\"599\" height=\"78\" srcset=\"https:\/\/senoticias.com.br\/se\/wp-content\/uploads\/2017\/12\/Logomarca-fone-SE-4-1.jpg 599w, https:\/\/senoticias.com.br\/se\/wp-content\/uploads\/2017\/12\/Logomarca-fone-SE-4-1-300x39.jpg 300w\" sizes=\"(max-width: 599px) 100vw, 599px\" \/><\/a><\/p>\n<p>&nbsp;<\/p>\n<p><em><strong>Acompanhe tamb\u00e9m o SE Not\u00edcias no\u00a0<a href=\"https:\/\/twitter.com\/Senoticias\" target=\"_blank\">Twitter<\/a>,\u00a0<a href=\"https:\/\/www.facebook.com\/senoticias1\" target=\"_blank\">Facebook<\/a>\u00a0e no\u00a0<a href=\"https:\/\/www.instagram.com\/senoticias\/\" target=\"_blank\">Instagram<\/a>\u00a0<\/strong><\/em><\/p>\n<p>&nbsp;<\/p>\n<p><em>Coordenadoria de Comunica\u00e7\u00e3o<\/em><br \/>\n<em> Minist\u00e9rio P\u00fablico de Sergipe<\/em><\/p>\n","protected":false},"excerpt":{"rendered":"<p>O Poder Judici\u00e1rio Sergipano atendeu os pedidos do Minist\u00e9rio P\u00fablico de Sergipe e condenou o ex-deputado estadual e atual prefeito do Munic\u00edpio de Lagarto, Jos\u00e9 Valmir Monteiro, e o servidor Jos\u00e9 Joaquim Santana de Souza por improbidade administrativa. Segundo o MP, os citados usaram dinheiro p\u00fablico para proveito pr\u00f3prio. Jos\u00e9 Joaquim foi indicado por Valmir [&hellip;]<\/p>\n","protected":false},"author":2,"featured_media":31778,"comment_status":"closed","ping_status":"closed","sticky":false,"template":"","format":"standard","meta":{"footnotes":""},"categories":[6,1],"tags":[7661,7663,2910,7662,7593],"class_list":{"0":"post-109176","1":"post","2":"type-post","3":"status-publish","4":"format-standard","5":"has-post-thumbnail","7":"category-politica","8":"category-sem-categoria","9":"tag-jose-valmir-monteiro","10":"tag-justica-condena","11":"tag-mpe","12":"tag-prefeito-de-lagarto","13":"tag-valmir-monteiro"},"_links":{"self":[{"href":"https:\/\/senoticias.com.br\/se\/wp-json\/wp\/v2\/posts\/109176"}],"collection":[{"href":"https:\/\/senoticias.com.br\/se\/wp-json\/wp\/v2\/posts"}],"about":[{"href":"https:\/\/senoticias.com.br\/se\/wp-json\/wp\/v2\/types\/post"}],"author":[{"embeddable":true,"href":"https:\/\/senoticias.com.br\/se\/wp-json\/wp\/v2\/users\/2"}],"replies":[{"embeddable":true,"href":"https:\/\/senoticias.com.br\/se\/wp-json\/wp\/v2\/comments?post=109176"}],"version-history":[{"count":0,"href":"https:\/\/senoticias.com.br\/se\/wp-json\/wp\/v2\/posts\/109176\/revisions"}],"wp:featuredmedia":[{"embeddable":true,"href":"https:\/\/senoticias.com.br\/se\/wp-json\/wp\/v2\/media\/31778"}],"wp:attachment":[{"href":"https:\/\/senoticias.com.br\/se\/wp-json\/wp\/v2\/media?parent=109176"}],"wp:term":[{"taxonomy":"category","embeddable":true,"href":"https:\/\/senoticias.com.br\/se\/wp-json\/wp\/v2\/categories?post=109176"},{"taxonomy":"post_tag","embeddable":true,"href":"https:\/\/senoticias.com.br\/se\/wp-json\/wp\/v2\/tags?post=109176"}],"curies":[{"name":"wp","href":"https:\/\/api.w.org\/{rel}","templated":true}]}}